{"id":3510,"date":"2013-01-28T13:38:10","date_gmt":"2013-01-28T12:38:10","guid":{"rendered":"http:\/\/www.ladislavjakl.cz\/?p=3510"},"modified":"2013-01-28T13:38:10","modified_gmt":"2013-01-28T12:38:10","slug":"rekneme-ne-bruselske-centralizaci","status":"publish","type":"post","link":"https:\/\/www.ladislavjakl.cz\/?p=3510","title":{"rendered":"\u0158ekn\u011bme NE bruselsk\u00e9 centralizaci"},"content":{"rendered":"<p>Britsk\u00fd premi\u00e9r David Cameron av\u00edzoval, \u017ee se za dva  roky zasad\u00ed za kon\u00e1n\u00ed referenda o \u010dlenstv\u00ed Spojen\u00e9ho kr\u00e1lovstv\u00ed  v\u00a0Evropsk\u00e9 unii. Na prvn\u00ed pohled ta zpr\u00e1va vypad\u00e1 jako z\u00e1blesk rozumu  v\u00a0tup\u00e9 bruselsk\u00e9 \u0161edi. Ale nedejme se spl\u00e9st.<\/p>\n<p><!--more-->Cameron rozhodn\u011b nepl\u00e1nuje  vystoupit z\u00a0EU. Je p\u0159\u00edli\u0161 zadob\u0159e s\u00a0euroestablishmentem. Sleduje p\u0159esn\u00fd  opak. Jednak chce potla\u010dit vnitrostranick\u00e9 konkurenty z\u00a0\u0159ad eurokritik\u016f  a vz\u00edt jim t\u00e9ma. Slibuje referendum a\u017e po volb\u00e1ch, pokud je ov\u0161em  vyhraje. T\u00edm si nav\u00edc sv\u00e9 kritiky zavazuje a oni tak musej\u00ed p\u0159ekousnout  \u017e\u00ed\u017ealu, tv\u00e1\u0159it se loy\u00e1ln\u011b a p\u0159\u00e1t Cameronovi v\u00edt\u011bzstv\u00ed.<\/p>\n<div>\n<p>A p\u0159edev\u0161\u00edm, Cameron po takov\u00fdch volb\u00e1ch ud\u011bl\u00e1 v\u0161e, aby p\u0159\u00edpadn\u00e9  referendum dopadlo probruselsky a on t\u00edm svou vnitrostranickou opozici  definitivn\u011b zni\u010dil. Jeho kritici by v\u00a0referendu nem\u011bli platformu, odkud  by sv\u016fj boj vedli, proto\u017ee referendum samo by bylo tla\u010deno ofici\u00e1ln\u00edm  veden\u00edm konzervativc\u016f.<\/p>\n<p>\u017de t\u00edm Cameron vyklid\u00ed pole pro kritiky stoj\u00edc\u00ed mimo konzervativce  (hlavn\u011b UKIP), to je t\u00e9ma na samostatnou debatu. J\u00e1 ale nechci nyn\u00ed  rozv\u00edjet tato teoretizov\u00e1n\u00ed. Chci zvednout hozenou rukavici. Chci mluvit  o \u010cesk\u00e9 republice.<\/p>\n<p>Takov\u00e9 referendum je t\u0159eba vyhl\u00e1sit u n\u00e1s. Co nejd\u0159\u00edve. \u017d\u00e1dn\u00e1 vl\u00e1dn\u00ed  ani parlamentn\u00ed s\u00edla to neud\u011bl\u00e1. Ti jsou d\u00e1vno ocho\u010deni. Je t\u0159eba  vybudovat jinou platformu. A vyhl\u00eddky lid\u00ed, kter\u00fdm leze krkem bruselsk\u00e9  utahov\u00e1n\u00ed \u0161roub\u016f, v\u016fbec nejsou bez \u0161anc\u00ed.<\/p>\n<p>Uvid\u00edme, co ud\u011blaj\u00ed dlouhodob\u00ed podporovatel\u00e9 obecn\u00e9ho referenda.  Pomohou? Nebo se za\u010dnou kroutit? Co ud\u011bl\u00e1 takov\u00e1 ODS, kterou jej\u00ed \u0161\u00e9fov\u00e9  u\u017e n\u011bkolik let proti v\u016fli \u010dlensk\u00e9 z\u00e1kladny kormidluj\u00ed sm\u011brem  k\u00a0eurosocialismu? To se uvid\u00ed.<\/p>\n<p>V\u00a0ka\u017ed\u00e9m p\u0159\u00edpad\u011b je na\u010dase za\u010d\u00edt. A to hned. Kdo chce pomoci  s\u00a0p\u0159\u00edpravou a iniciov\u00e1n\u00edm referenda za vystoupen\u00ed \u010cesk\u00e9 republiky  z\u00a0Evropsk\u00e9 unie, ohlaste se na adrese <a href=\"mailto:referendumnebruselu@seznam.cz\">referendumnebruselu@seznam.cz<\/a> a napi\u0161te, co m\u016f\u017eete pro v\u011bc ud\u011blat.<\/p>\n<p><a href=\"http:\/\/jakl.blog.idnes.cz\/c\/318365\/Rekneme-NE-bruselske-centralizaci.html\" target=\"_blank\">Zdroj<\/a><\/div>\n","protected":false},"excerpt":{"rendered":"<p>Britsk\u00fd premi\u00e9r David Cameron av\u00edzoval, \u017ee se za dva roky zasad\u00ed za kon\u00e1n\u00ed referenda o \u010dlenstv\u00ed Spojen\u00e9ho kr\u00e1lovstv\u00ed v\u00a0Evropsk\u00e9 unii. Na prvn\u00ed pohled ta zpr\u00e1va vypad\u00e1 jako z\u00e1blesk rozumu v\u00a0tup\u00e9 bruselsk\u00e9 \u0161edi. Ale nedejme se spl\u00e9st.<\/p>\n","protected":false},"author":1,"featured_media":0,"comment_status":"open","ping_status":"open","sticky":false,"template":"","format":"standard","meta":{"ngg_post_thumbnail":0,"footnotes":""},"categories":[1],"tags":[],"class_list":["post-3510","post","type-post","status-publish","format-standard","hentry","category-publikovane-clanky"],"_links":{"self":[{"href":"https:\/\/www.ladislavjakl.cz\/index.php?rest_route=\/wp\/v2\/posts\/3510","targetHints":{"allow":["GET"]}}],"collection":[{"href":"https:\/\/www.ladislavjakl.cz\/index.php?rest_route=\/wp\/v2\/posts"}],"about":[{"href":"https:\/\/www.ladislavjakl.cz\/index.php?rest_route=\/wp\/v2\/types\/post"}],"author":[{"embeddable":true,"href":"https:\/\/www.ladislavjakl.cz\/index.php?rest_route=\/wp\/v2\/users\/1"}],"replies":[{"embeddable":true,"href":"https:\/\/www.ladislavjakl.cz\/index.php?rest_route=%2Fwp%2Fv2%2Fcomments&post=3510"}],"version-history":[{"count":2,"href":"https:\/\/www.ladislavjakl.cz\/index.php?rest_route=\/wp\/v2\/posts\/3510\/revisions"}],"predecessor-version":[{"id":3512,"href":"https:\/\/www.ladislavjakl.cz\/index.php?rest_route=\/wp\/v2\/posts\/3510\/revisions\/3512"}],"wp:attachment":[{"href":"https:\/\/www.ladislavjakl.cz\/index.php?rest_route=%2Fwp%2Fv2%2Fmedia&parent=3510"}],"wp:term":[{"taxonomy":"category","embeddable":true,"href":"https:\/\/www.ladislavjakl.cz\/index.php?rest_route=%2Fwp%2Fv2%2Fcategories&post=3510"},{"taxonomy":"post_tag","embeddable":true,"href":"https:\/\/www.ladislavjakl.cz\/index.php?rest_route=%2Fwp%2Fv2%2Ftags&post=3510"}],"curies":[{"name":"wp","href":"https:\/\/api.w.org\/{rel}","templated":true}]}}