{"id":3513,"date":"2013-01-29T12:05:39","date_gmt":"2013-01-29T11:05:39","guid":{"rendered":"http:\/\/www.ladislavjakl.cz\/?p=3513"},"modified":"2013-01-29T12:05:39","modified_gmt":"2013-01-29T11:05:39","slug":"zeman-na-hrade-prvni-reakce-hanaka-jakla-urbana-a-klause-jr","status":"publish","type":"post","link":"https:\/\/www.ladislavjakl.cz\/?p=3513","title":{"rendered":"Zeman na Hrad\u011b. Prvn\u00ed reakce Han\u00e1ka, Jakla, Urbana a Klause jr."},"content":{"rendered":"<p>PRAHA                     &#8211; Server Lidovky.cz po\u017e\u00e1dal \u010dty\u0159i osobnosti, kter\u00e9 v\u00fdrazn\u011b  promlouvaly do prezidentsk\u00e9 volebn\u00ed kampan\u011b, aby okomentovaly v\u00edt\u011bzstv\u00ed  Milo\u0161e Zemana.<br \/>\n<!--more--><\/p>\n<p><strong>Tom\u00e1\u0161 Han\u00e1k (herec)<br \/>\n<\/strong>Respektuji vox  populi, ale mus\u00edm \u0159\u00edct, \u017ee beznad\u011bj, kterou nyn\u00ed c\u00edt\u00edm, jsem nec\u00edtil  posledn\u00edch 23 let. Je mi l\u00edto, \u017ee na Pra\u017esk\u00e9m hrad\u011b, kter\u00fd je na ka\u017ed\u00e9  pohlednici a je to symbol na\u0161\u00ed zem\u011b, bude sed\u011bt tento \u010dlov\u011bk.<br \/>\n<em>(Han\u00e1k \u0161el na policii po\u00a0tom,\u00a0co ho Zeman ozna\u010dil za lh\u00e1\u0159e kv\u016fli SMS. <\/em><a href=\"http:\/\/www.lidovky.cz\/dalsi-zemanova-lez-hanaka-si-chteli-koupit-sms-jako-dukaz-pe7-\/zpravy-domov.aspx?c=A130124_113643_ln_domov_spa\"><em><strong>V\u00cdCE \u010cT\u011aTE ZDE<\/strong><\/em><\/a><em>)<\/em><\/p>\n<div>\n<div><a href=\"http:\/\/www.lidovky.cz\/foto.asp?foto1=MCT48a74d_klaus.jpg\" target=\"ifotozoom\"><img loading=\"lazy\" decoding=\"async\" src=\"http:\/\/i.lidovky.cz\/13\/012\/lnmala\/MCT48a74d_klaus.jpg\" alt=\"\" width=\"100\" height=\"75\" \/><\/a><\/div>\n<div>V\u00e1clav Klaus mlad\u0161\u00ed<\/div>\n<\/div>\n<p><strong>V\u00e1clav Klaus ml. (\u0159editel <a href=\"http:\/\/produkty.topkontakt.idnes.cz\/p\/vyberte-si-jazykovy-kurz-dle-vasich-predstav-je-tu-srovnavac-kurzu-11321701\/11321701?rtype=V&amp;rmain=7859873&amp;ritem=11321701&amp;rclanek=14165840&amp;rslovo=420123&amp;showdirect=1\" target=\"_blank\">\u0161koly<\/a>)<br \/>\n<\/strong>Jsem demokrat a respektuj\u00ed v\u016fli voli\u010d\u016f.<br \/>\n<em>(Klaus  mlad\u0161\u00ed\u00a0se vysm\u00edval pod\u00e1n\u00ed hymny Karla Schwarzenberga, o jeho otci  napsal, \u017ee spolupracoval s kolaborantsk\u00fdm hnut\u00edm Vlajka. <\/em><a href=\"http:\/\/www.lidovky.cz\/klaus-junior-nerika-pravdu-otec-schwarzenberga-byl-vlastenec-puu-\/zpravy-domov.aspx?c=A130117_140304_ln_domov_vsv\"><strong><em>\u010cT\u011aTE V\u00cdCE<\/em><\/strong><\/a><em>)<\/em><\/p>\n<p><strong>Jan Urban (novin\u00e1\u0159)<br \/>\n<\/strong>M\u011bli  jsme deset let \u0161patn\u00e9ho prezidenta, budeme ho m\u00edt je\u0161t\u011b p\u011bt. Byla to  volba mezi podporou korupce a odporem proti korup\u010dn\u00edmu syst\u00e9mu, kter\u00fd se  tu vytvo\u0159il za posledn\u00edch dvacet let. \u017de Zeman zv\u00edt\u011bzil kampan\u00ed, kter\u00e1  p\u0159ekonala asi v\u0161echno negativn\u00ed, co tady kdy kdo provedl, mluv\u00ed samo za  sebe.<br \/>\n<em>(Jan Urban nato\u010dil hojn\u011b sd\u00edlen\u00e1 videa Milo\u0161ku, \u017ealuj. Zemanovi v nich p\u0159ipom\u00edn\u00e1 h\u0159\u00edchy z minulosti)<\/em><\/p>\n<div>\n<div><a href=\"http:\/\/www.lidovky.cz\/foto.asp?foto1=PTA46b3ff_jakl.jpg\" target=\"ifotozoom\"><img loading=\"lazy\" decoding=\"async\" src=\"http:\/\/i.lidovky.cz\/12\/103\/lnmala\/PTA46b3ff_jakl.jpg\" alt=\"\" width=\"100\" height=\"75\" \/><\/a><\/div>\n<div>Ladislav Jakl a jeho &#8218;prezidentsk\u00fd&#8216; projev.<\/div>\n<\/div>\n<p><strong><br \/>\nLadislav Jakl (tajemn\u00edk dosluhuj\u00edc\u00edho prezidenta)<br \/>\n<\/strong>Ob\u00e1val jsem se, \u017ee se prezidentem stane jeden z kandid\u00e1t\u016f, kte\u0159\u00ed postoupili do druh\u00e9ho kola. A bohu\u017eel, do\u0161lo na m\u00e1 slova.<br \/>\n<em>(Jakl cht\u011bl na Hrad\u011b vyst\u0159\u00eddat\u00a0V\u00e1clava Klause, <a href=\"http:\/\/produkty.topkontakt.idnes.cz\/p\/jak-uspesne-ridit-firmu\/11068066?rtype=V&amp;rmain=7849188&amp;ritem=11068066&amp;rclanek=14165840&amp;rslovo=457562&amp;showdirect=1\" target=\"_blank\">nez\u00edskal<\/a> ale dostatek hlas\u016f. V r\u00e1mci kampan\u011b nato\u010dil &#8222;novoro\u010dn\u00ed projev&#8220;, v n\u011bm\u017e ozn\u00e1mil odchod z <a href=\"http:\/\/produkty.topkontakt.idnes.cz\/p\/historie-evropske-unie\/6741925?rtype=V&amp;rmain=7846123&amp;ritem=6741925&amp;rclanek=14165840&amp;rslovo=484314&amp;showdirect=1\" target=\"_blank\">Evropsk\u00e9 unie<\/a>, <\/em><a href=\"http:\/\/www.lidovky.cz\/vystupujeme-z-evropske-unie-oznamil-ve-videu-prezident-jakl-p5o-\/zpravy-domov.aspx?c=A121022_184733_ln_domov_Pta\"><em><strong>POD\u00cdVEJTE SE<\/strong><\/em><\/a><em>)<\/em><\/p>\n<p><a href=\"http:\/\/www.lidovky.cz\/zeman-na-hrade-co-na-to-rikaji-hanak-klaus-jr-nebo-urban-pft-\/zpravy-domov.aspx?c=A130126_174553_ln_domov_ogo\" target=\"_blank\">Zdroj<\/a><em><br \/>\n<\/em><\/p>\n","protected":false},"excerpt":{"rendered":"<p>PRAHA &#8211; Server Lidovky.cz po\u017e\u00e1dal \u010dty\u0159i osobnosti, kter\u00e9 v\u00fdrazn\u011b promlouvaly do prezidentsk\u00e9 volebn\u00ed kampan\u011b, aby okomentovaly v\u00edt\u011bzstv\u00ed Milo\u0161e Zemana.<\/p>\n","protected":false},"author":1,"featured_media":0,"comment_status":"open","ping_status":"open","sticky":false,"template":"","format":"standard","meta":{"ngg_post_thumbnail":0,"footnotes":""},"categories":[11],"tags":[],"class_list":["post-3513","post","type-post","status-publish","format-standard","hentry","category-ozvena"],"_links":{"self":[{"href":"https:\/\/www.ladislavjakl.cz\/index.php?rest_route=\/wp\/v2\/posts\/3513","targetHints":{"allow":["GET"]}}],"collection":[{"href":"https:\/\/www.ladislavjakl.cz\/index.php?rest_route=\/wp\/v2\/posts"}],"about":[{"href":"https:\/\/www.ladislavjakl.cz\/index.php?rest_route=\/wp\/v2\/types\/post"}],"author":[{"embeddable":true,"href":"https:\/\/www.ladislavjakl.cz\/index.php?rest_route=\/wp\/v2\/users\/1"}],"replies":[{"embeddable":true,"href":"https:\/\/www.ladislavjakl.cz\/index.php?rest_route=%2Fwp%2Fv2%2Fcomments&post=3513"}],"version-history":[{"count":1,"href":"https:\/\/www.ladislavjakl.cz\/index.php?rest_route=\/wp\/v2\/posts\/3513\/revisions"}],"predecessor-version":[{"id":3514,"href":"https:\/\/www.ladislavjakl.cz\/index.php?rest_route=\/wp\/v2\/posts\/3513\/revisions\/3514"}],"wp:attachment":[{"href":"https:\/\/www.ladislavjakl.cz\/index.php?rest_route=%2Fwp%2Fv2%2Fmedia&parent=3513"}],"wp:term":[{"taxonomy":"category","embeddable":true,"href":"https:\/\/www.ladislavjakl.cz\/index.php?rest_route=%2Fwp%2Fv2%2Fcategories&post=3513"},{"taxonomy":"post_tag","embeddable":true,"href":"https:\/\/www.ladislavjakl.cz\/index.php?rest_route=%2Fwp%2Fv2%2Ftags&post=3513"}],"curies":[{"name":"wp","href":"https:\/\/api.w.org\/{rel}","templated":true}]}}