{"id":3515,"date":"2013-01-29T12:06:49","date_gmt":"2013-01-29T11:06:49","guid":{"rendered":"http:\/\/www.ladislavjakl.cz\/?p=3515"},"modified":"2013-01-29T12:06:49","modified_gmt":"2013-01-29T11:06:49","slug":"doslo-na-ma-slova-rika-zklamany-jakl","status":"publish","type":"post","link":"https:\/\/www.ladislavjakl.cz\/?p=3515","title":{"rendered":"Do\u0161lo na m\u00e1 slova, \u0159\u00edk\u00e1 zklaman\u00fd Jakl"},"content":{"rendered":"<p>Zat\u00edmco prezident V\u00e1clav Klaus neskr\u00fdv\u00e1 uspokojen\u00ed z v\u00fdhry Milo\u0161e Zemana, jeho tajemn\u00edk Ladislav Jakl nad\u0161en\u00fd nen\u00ed.<\/p>\n<p><!--more--><strong><span style=\"font-size: x-small;\">27.leden 2013<\/span><\/strong> &#8211; <strong><span style=\"font-size: x-small;\">07:42<\/span><\/strong><\/p>\n<p>U\u017e d\u0159\u00edve \u0159\u00edkal, \u017ee  si z kandid\u00e1t\u016f nevybere, \u017ee nikdo z nich neh\u00e1j\u00ed koncept lidsk\u00e9 a  ob\u010dansk\u00e9 svobody a \u017ee k druh\u00e9mu kolu voleb tedy ani nep\u016fjde.<\/p>\n<p>Sobotn\u00ed v\u00fdsledky prvn\u00ed p\u0159\u00edm\u00e9 volby prezidenta ho tak nechaly naprosto chladn\u00fdm.<\/p>\n<p>&#8222;Ob\u00e1val  jsem se, \u017ee se prezidentem stane jeden z kandid\u00e1t\u016f, kte\u0159\u00ed postoupili do  druh\u00e9ho kola. A, bohu\u017eel, do\u0161lo na m\u00e1 slova,&#8220; \u0159ekl Jakl pro  Prvnizpravy.cz.<\/p>\n<p>Jakl ale v sobotu nevtipkoval poprv\u00e9. Je\u0161t\u011b p\u0159ed  uzav\u0159en\u00edm volebn\u00edch m\u00edstnost\u00ed, kdy\u017e nebylo v\u016fbec jasn\u00e9, jak volba  dopadne, poslal varovnou SMS zpr\u00e1vu: &#8222;Zamkn\u011bte se. Ve 14:01 zabu\u0161\u00ed na  va\u0161e dve\u0159e Milice pravdy a l\u00e1sky (MPL).&#8220;<\/p>\n<p>V\u0161e nakonec dopadlo  dob\u0159e. Milice (alespo\u0148 zat\u00edm) nepochoduj\u00ed a proto se i redakce serveru  Prvnizpravy.cz domn\u00edv\u00e1, \u017ee Ladislav Jakl, jakkoli zklaman\u00fd z levicov\u00e9ho  prezidenta, m\u016f\u017ee b\u00fdt do jist\u00e9 m\u00edry alespo\u0148 trochu r\u00e1d.<\/p>\n<p>Ve  vyj\u00e1d\u0159en\u00ed po prvn\u00edm kole prezidentsk\u00e9 volby toti\u017e \u0159ekl, \u017ee by si ve  druh\u00e9m kole p\u0159\u00e1l v\u00edt\u011bzstv\u00ed &#8222;re\u00e1ln\u00e9ho \u010dlov\u011bka a ne um\u011bl\u00e9ho marketingov\u00e9ho  produktu&#8220;. Dodal tak\u00e9, \u017ee by prezident \u010cesk\u00e9 republiky m\u011bl zn\u00e1t slova  \u010desk\u00e9 hymny.<\/p>\n<p>A to se mu splnilo. Milo\u0161 Zeman je re\u00e1ln\u00fd politik, ne v\u00fdtvor propagandy. A hymnu dnes na\u017eivo zazp\u00edval obstojn\u011b&#8230;<\/p>\n<p><a href=\"http:\/\/www.prvnizpravy.cz\/zpravy\/z-domova\/doslo-na-ma-slova-rika-zklamany-jakl\/\" target=\"_blank\">Zdroj<\/a><\/p>\n","protected":false},"excerpt":{"rendered":"<p>Zat\u00edmco prezident V\u00e1clav Klaus neskr\u00fdv\u00e1 uspokojen\u00ed z v\u00fdhry Milo\u0161e Zemana, jeho tajemn\u00edk Ladislav Jakl nad\u0161en\u00fd nen\u00ed.<\/p>\n","protected":false},"author":1,"featured_media":0,"comment_status":"open","ping_status":"open","sticky":false,"template":"","format":"standard","meta":{"ngg_post_thumbnail":0,"footnotes":""},"categories":[11],"tags":[],"class_list":["post-3515","post","type-post","status-publish","format-standard","hentry","category-ozvena"],"_links":{"self":[{"href":"https:\/\/www.ladislavjakl.cz\/index.php?rest_route=\/wp\/v2\/posts\/3515","targetHints":{"allow":["GET"]}}],"collection":[{"href":"https:\/\/www.ladislavjakl.cz\/index.php?rest_route=\/wp\/v2\/posts"}],"about":[{"href":"https:\/\/www.ladislavjakl.cz\/index.php?rest_route=\/wp\/v2\/types\/post"}],"author":[{"embeddable":true,"href":"https:\/\/www.ladislavjakl.cz\/index.php?rest_route=\/wp\/v2\/users\/1"}],"replies":[{"embeddable":true,"href":"https:\/\/www.ladislavjakl.cz\/index.php?rest_route=%2Fwp%2Fv2%2Fcomments&post=3515"}],"version-history":[{"count":1,"href":"https:\/\/www.ladislavjakl.cz\/index.php?rest_route=\/wp\/v2\/posts\/3515\/revisions"}],"predecessor-version":[{"id":3516,"href":"https:\/\/www.ladislavjakl.cz\/index.php?rest_route=\/wp\/v2\/posts\/3515\/revisions\/3516"}],"wp:attachment":[{"href":"https:\/\/www.ladislavjakl.cz\/index.php?rest_route=%2Fwp%2Fv2%2Fmedia&parent=3515"}],"wp:term":[{"taxonomy":"category","embeddable":true,"href":"https:\/\/www.ladislavjakl.cz\/index.php?rest_route=%2Fwp%2Fv2%2Fcategories&post=3515"},{"taxonomy":"post_tag","embeddable":true,"href":"https:\/\/www.ladislavjakl.cz\/index.php?rest_route=%2Fwp%2Fv2%2Ftags&post=3515"}],"curies":[{"name":"wp","href":"https:\/\/api.w.org\/{rel}","templated":true}]}}