{"id":3517,"date":"2013-01-29T12:11:16","date_gmt":"2013-01-29T11:11:16","guid":{"rendered":"http:\/\/www.ladislavjakl.cz\/?p=3517"},"modified":"2013-01-29T12:11:16","modified_gmt":"2013-01-29T11:11:16","slug":"moje-volebni-sobota","status":"publish","type":"post","link":"https:\/\/www.ladislavjakl.cz\/?p=3517","title":{"rendered":"Moje volebn\u00ed sobota:"},"content":{"rendered":"<p>9.30\u00a0\u00a0 P\u0159ipomenul jsem si sv\u016fj t\u00fdden star\u00fd v\u00fdrok (odkud j\u00e1 tohle \u00faslov\u00ed m\u00e1m), kter\u00fd jsem pronesl na ve\u010de\u0159i t\u0159\u00ed prezident\u016f v\u00a0polsk\u00e9 Wisle. Na ot\u00e1zku jednoho z\u00a0nich, zda se n\u011bkter\u00e9ho ze dvou fin\u00e1lov\u00fdch\u00a0kandid\u00e1t\u016f ob\u00e1v\u00e1me, jsem \u0159ekl, \u017ee j\u00e1 se osobn\u011b velice ob\u00e1v\u00e1m, \u017ee se prezidentem stane jeden z\u00a0t\u011bchto dvou kandid\u00e1t\u016f.\u00a0 A jak se pozd\u011bji uk\u00e1zalo, do\u0161la na m\u00e1 slova.<\/p>\n<p><!--more-->10.15\u00a0\u00a0 P\u0159edseda TOP 09 nem\u016f\u017ee b\u00fdt zl\u00fd, \u0159\u00edk\u00e1m si. Zlo p\u0159ece nikdy nesp\u00ed. Ale pro jistotu rozes\u00edl\u00e1m tuto varovnou SMS: \u201eZamknete se. Ve 14.01 zabu\u0161\u00ed na va\u0161e dve\u0159e Milice pravdy a l\u00e1sky (MPL).\u201c<\/p>\n<p>13.22\u00a0 Pr\u00fd je to souboj pravice a levice, \u0159\u00edkaj\u00ed n\u00e1m na\u0161e \u00fapln\u011b nez\u00e1visl\u00e1 TOP m\u00e9dia. Jen\u017ee to je \u00fapln\u011b jinak. Ve druh\u00e9m kole nestoj\u00ed proti sob\u011b pravice a levice. Stoj\u00ed proti sob\u011b na jedn\u00e9 stran\u011b spole\u010dn\u011b pravice a levice a na druh\u00e9 stran\u011b s\u00edly, kter\u00e9 cht\u011bj\u00ed souboj pravice a levice nav\u017edy zru\u0161it a nahradit ho vl\u00e1dou z\u00e1jmov\u00fdch elit. Pravice a levice bojuj\u00ed o to, aby v\u00a0budoucnu v\u016fbec mohly bojovat proti sob\u011b.<\/p>\n<p>13.55\u00a0 Pou\u0161t\u00edm si televizi. D\u00e1vaj\u00ed Simpsonovy.<\/p>\n<p>14.30 P\u0159ep\u00edn\u00e1m na \u010cT24, kde pr\u00e1v\u011b prob\u00edh\u00e1 kav\u010d\u00ed estr\u00e1da s\u00a0n\u00e1zvem P\u0159\u00edm\u00e1 volba prezidenta \u010cR.<\/p>\n<p>14.45 \u00a0 Mezi jednotliv\u00fdmi vareitn\u00edmi \u010d\u00edsly probleskla informace, \u017ee voli\u010d pr\u00e1v\u011b vyhr\u00e1l nad kulturn\u011b medi\u00e1ln\u00ed frontou.<\/p>\n<p>14.50\u00a0\u00a0 D\u00e1v\u00e1m si pan\u00e1k tuzem\u00e1ku.<\/p>\n<p>18.17\u00a0\u00a0\u00a0 Vrac\u00edm se\u00a0 k\u00a0televizi. Zrovna d\u00e1vaj\u00ed nejlep\u0161\u00ed po\u0159ad za posledn\u00ed l\u00e9ta. Jmenuje se Kysel\u00e9 obli\u010deje vyhrnut\u00fdch nohavic (KOVN).<\/p>\n<p>19.00\u00a0\u00a0 KOVN ve zpr\u00e1v\u00e1ch sd\u011bluj\u00ed, \u017ee ter\u00e9n byl nezp\u016fsobil\u00fd, publikum neobjektivn\u00ed, rozhod\u010d\u00ed \u017ee je po\u0161kodil, \u017ee hr\u00e1li proti v\u011btru, slunce jim sv\u00edtilo do o\u010d\u00ed, \u017ee jejich branka byla v\u011bt\u0161\u00ed a sv\u00e9 lep\u0161\u00ed hr\u00e1\u010de m\u011bli zrovna na marodce. A \u017ee mor\u00e1ln\u00edmi v\u00edt\u011bzi jsou tedy oni.<\/p>\n<p>19.35\u00a0\u00a0\u00a0 D\u00e1v\u00e1m si jedno belgick\u00e9 trapistick\u00e9 pivo<\/p>\n<p>20.30\u00a0\u00a0 Dov\u00edd\u00e1m se, \u017ee nov\u00fd prezident m\u011b pr\u00fd v\u00a0t\u00fdmu nechce. Asi ne\u010detl m\u016fj t\u00fdden star\u00fd \u010dl\u00e1nek v\u00a0Lidov\u00fdch novin\u00e1ch, \u017ee jsem mu nic nenab\u00edzel.<\/p>\n<p>20.42\u00a0\u00a0 Nov\u00fd prezident \u0159\u00edk\u00e1 p\u0159esn\u011b ta sil\u00e1ck\u00e1 slova, kter\u00e1 jsem u\u017e p\u0159ed lety od p\u0159\u00edmo volen\u00e9ho prezidenta p\u0159edpov\u00eddal a proto jsem p\u0159ed touhle volbou varoval. \u017de si bude hr\u00e1t na prezidentsk\u00fd syst\u00e9m.<\/p>\n<p>22.05\u00a0\u00a0 No\u0159\u00edm se do internetov\u00fdch vod. Po\u0159ad KOVN zde m\u00e1 stovky r\u016fzn\u00fdch barvit\u00fdch pokra\u010dov\u00e1n\u00ed. V\u0161echna o\u010dek\u00e1vateln\u00e1, ale i tak pot\u011b\u0161\u00ed.<\/p>\n<p>22.55\u00a0\u00a0 V tu chv\u00edli se mi rozsv\u00edtilo. U\u017e v\u00edm, kdo je skute\u010dn\u00fdm v\u00edt\u011bzem prvn\u00edch p\u0159\u00edm\u00fdch prezidentsk\u00fdch voleb u n\u00e1s. Je to hnut\u00ed D\u011bkujeme odejd\u011bte, kter\u00e9 u\u017e p\u0159ed 14 lety pos\u00edlalo Klause a Zemana na smeti\u0161t\u011b d\u011bjin. A oni poslechli a na 15 let ode\u0161li na Pra\u017esk\u00fd hrad.<\/p>\n<p><em>L. J.<\/em><\/p>\n","protected":false},"excerpt":{"rendered":"<p>9.30\u00a0\u00a0 P\u0159ipomenul jsem si sv\u016fj t\u00fdden star\u00fd v\u00fdrok (odkud j\u00e1 tohle \u00faslov\u00ed m\u00e1m), kter\u00fd jsem pronesl na ve\u010de\u0159i t\u0159\u00ed prezident\u016f v\u00a0polsk\u00e9 Wisle. Na ot\u00e1zku jednoho z\u00a0nich, zda se n\u011bkter\u00e9ho ze dvou fin\u00e1lov\u00fdch\u00a0kandid\u00e1t\u016f ob\u00e1v\u00e1me, jsem \u0159ekl, \u017ee j\u00e1 se osobn\u011b velice ob\u00e1v\u00e1m, \u017ee se prezidentem stane jeden z\u00a0t\u011bchto dvou kandid\u00e1t\u016f.\u00a0 A jak se pozd\u011bji uk\u00e1zalo, do\u0161la [&hellip;]<\/p>\n","protected":false},"author":1,"featured_media":0,"comment_status":"open","ping_status":"open","sticky":false,"template":"","format":"standard","meta":{"ngg_post_thumbnail":0,"footnotes":""},"categories":[17,18,10],"tags":[],"class_list":["post-3517","post","type-post","status-publish","format-standard","hentry","category-jakl-president","category-postrehy","category-zlehka"],"_links":{"self":[{"href":"https:\/\/www.ladislavjakl.cz\/index.php?rest_route=\/wp\/v2\/posts\/3517","targetHints":{"allow":["GET"]}}],"collection":[{"href":"https:\/\/www.ladislavjakl.cz\/index.php?rest_route=\/wp\/v2\/posts"}],"about":[{"href":"https:\/\/www.ladislavjakl.cz\/index.php?rest_route=\/wp\/v2\/types\/post"}],"author":[{"embeddable":true,"href":"https:\/\/www.ladislavjakl.cz\/index.php?rest_route=\/wp\/v2\/users\/1"}],"replies":[{"embeddable":true,"href":"https:\/\/www.ladislavjakl.cz\/index.php?rest_route=%2Fwp%2Fv2%2Fcomments&post=3517"}],"version-history":[{"count":1,"href":"https:\/\/www.ladislavjakl.cz\/index.php?rest_route=\/wp\/v2\/posts\/3517\/revisions"}],"predecessor-version":[{"id":3518,"href":"https:\/\/www.ladislavjakl.cz\/index.php?rest_route=\/wp\/v2\/posts\/3517\/revisions\/3518"}],"wp:attachment":[{"href":"https:\/\/www.ladislavjakl.cz\/index.php?rest_route=%2Fwp%2Fv2%2Fmedia&parent=3517"}],"wp:term":[{"taxonomy":"category","embeddable":true,"href":"https:\/\/www.ladislavjakl.cz\/index.php?rest_route=%2Fwp%2Fv2%2Fcategories&post=3517"},{"taxonomy":"post_tag","embeddable":true,"href":"https:\/\/www.ladislavjakl.cz\/index.php?rest_route=%2Fwp%2Fv2%2Ftags&post=3517"}],"curies":[{"name":"wp","href":"https:\/\/api.w.org\/{rel}","templated":true}]}}