{"id":3519,"date":"2013-01-29T12:14:18","date_gmt":"2013-01-29T11:14:18","guid":{"rendered":"http:\/\/www.ladislavjakl.cz\/?p=3519"},"modified":"2013-01-29T12:14:18","modified_gmt":"2013-01-29T11:14:18","slug":"zamky-punku","status":"publish","type":"post","link":"https:\/\/www.ladislavjakl.cz\/?p=3519","title":{"rendered":"Z\u00e1mky punku?"},"content":{"rendered":"<p>Nechal si vyrobit placky s \u010d\u00edrem<br \/>\nMyslel si \u017ee je to zn\u00e1mka punku<\/p>\n<p><!--more--> Mluvil jako kdyby \u017ev\u00fdkal housku se s\u00fdrem<br \/>\nMyslel si \u017ee je to zn\u00e1mka punku<br \/>\nChlubil se z\u00e1mkem s mostem padac\u00edm<br \/>\nMyslel si \u017ee je to zn\u00e1mka punku<br \/>\nJen\u017ee si ho poplet se Z\u00e1mkem visac\u00edm<br \/>\nMyslel si \u017ee je to zn\u00e1mka punku<\/p>\n<p>Ale holky \u0159\u00edkaly<br \/>\n\u017de punk je jinde<br \/>\nAle holky \u0159\u00edkaly<br \/>\nNo to snad nen\u00ed mo\u017en\u00fd<\/p>\n<p>V rodokmenu skr\u00fdval p\u011bkn\u00fd n\u00e1cky<br \/>\nMyslel si \u017ee je to zn\u00e1mka punku<br \/>\nKdy\u017e to na n\u011bj prasklo cht\u011bl rozd\u00e1vat facky<br \/>\nMyslel si \u017ee je to zn\u00e1mka punku<br \/>\nPov\u00eddal \u017ee hlup\u00e1k je kdo za vlast um\u00edr\u00e1<br \/>\nMyslel si \u017ee to je zn\u00e1mka punku<br \/>\nPodp\u00edrat se nechal od rudocha Dynstb\u00edra<br \/>\nMyslel si \u017ee to je zn\u00e1mka punku<\/p>\n<p>Ale holky \u0159\u00edkaly<br \/>\n\u017de punk je jinde<br \/>\nAle holky \u0159\u00edkaly<br \/>\nNo to snad nen\u00ed mo\u017en\u00fd<\/p>\n<p>No ale kdo nen\u00ed<br \/>\nBo\u017e\u00ed nad\u011blen\u00ed<br \/>\nNed\u011blejme z voli\u010de tupce<br \/>\nNo ale kdo nen\u00ed<br \/>\nBo\u017e\u00ed nad\u011blen\u00ed<br \/>\nI ply\u0161ovej Karel m\u00e1 sv\u00fdho kupce<\/p>\n<p>Jukal na n\u00e1s z novin jako hodnej str\u00fd\u010dek<br \/>\nMyslel si \u017ee to je zn\u00e1mka punku<br \/>\nA kdo do n\u011bj vid\u011bl to prej je jen s\u00fd\u010dek<br \/>\nMyslel si \u017ee je to zn\u00e1mka punku<br \/>\nV\u017edy mu v\u0161echno pro\u0161lo je takovej sv\u016fj<br \/>\nMyslel si \u017ee to je zn\u00e1mka punku<br \/>\nNeznal ani starou pecku Kde domov m\u016fj<br \/>\nMyslel si \u017ee to je zn\u00e1mka punku<\/p>\n<p>Ale lidi \u0159\u00edkali<br \/>\n\u017de punk je jinde<br \/>\nAle lidi \u0159\u00edkali<br \/>\n\u017de punk je jinde<br \/>\nAle lidi \u0159\u00edkali<br \/>\n\u017de punk je jinde<\/p>\n<p>nezn\u00e1m\u00fd pank\u00e1\u010d<\/p>\n","protected":false},"excerpt":{"rendered":"<p>Nechal si vyrobit placky s \u010d\u00edrem Myslel si \u017ee je to zn\u00e1mka punku<\/p>\n","protected":false},"author":1,"featured_media":0,"comment_status":"open","ping_status":"open","sticky":false,"template":"","format":"standard","meta":{"ngg_post_thumbnail":0,"footnotes":""},"categories":[10],"tags":[],"class_list":["post-3519","post","type-post","status-publish","format-standard","hentry","category-zlehka"],"_links":{"self":[{"href":"https:\/\/www.ladislavjakl.cz\/index.php?rest_route=\/wp\/v2\/posts\/3519","targetHints":{"allow":["GET"]}}],"collection":[{"href":"https:\/\/www.ladislavjakl.cz\/index.php?rest_route=\/wp\/v2\/posts"}],"about":[{"href":"https:\/\/www.ladislavjakl.cz\/index.php?rest_route=\/wp\/v2\/types\/post"}],"author":[{"embeddable":true,"href":"https:\/\/www.ladislavjakl.cz\/index.php?rest_route=\/wp\/v2\/users\/1"}],"replies":[{"embeddable":true,"href":"https:\/\/www.ladislavjakl.cz\/index.php?rest_route=%2Fwp%2Fv2%2Fcomments&post=3519"}],"version-history":[{"count":1,"href":"https:\/\/www.ladislavjakl.cz\/index.php?rest_route=\/wp\/v2\/posts\/3519\/revisions"}],"predecessor-version":[{"id":3520,"href":"https:\/\/www.ladislavjakl.cz\/index.php?rest_route=\/wp\/v2\/posts\/3519\/revisions\/3520"}],"wp:attachment":[{"href":"https:\/\/www.ladislavjakl.cz\/index.php?rest_route=%2Fwp%2Fv2%2Fmedia&parent=3519"}],"wp:term":[{"taxonomy":"category","embeddable":true,"href":"https:\/\/www.ladislavjakl.cz\/index.php?rest_route=%2Fwp%2Fv2%2Fcategories&post=3519"},{"taxonomy":"post_tag","embeddable":true,"href":"https:\/\/www.ladislavjakl.cz\/index.php?rest_route=%2Fwp%2Fv2%2Ftags&post=3519"}],"curies":[{"name":"wp","href":"https:\/\/api.w.org\/{rel}","templated":true}]}}