{"id":3521,"date":"2013-01-31T13:37:01","date_gmt":"2013-01-31T12:37:01","guid":{"rendered":"http:\/\/www.ladislavjakl.cz\/?p=3521"},"modified":"2013-01-31T13:37:01","modified_gmt":"2013-01-31T12:37:01","slug":"jakl-si-pisni-utahuje-z-pankace-karla","status":"publish","type":"post","link":"https:\/\/www.ladislavjakl.cz\/?p=3521","title":{"rendered":"Jakl si p\u00edsn\u00ed utahuje z pank\u00e1\u010de Karla"},"content":{"rendered":"<p>Karel Schwarzenberg by pro v\u00fdhru ud\u011blal cokoli. P\u0159edst\u00edral i pank\u00e1\u010de.  Nakonec to ale nepomohlo. A od konzervativc\u016f nyn\u00ed skl\u00edz\u00ed posm\u011bch.<\/p>\n<p><!--more-->Ladislav Jakl, tajemn\u00edk prezidenta V\u00e1clava Klause a rocker v jedn\u00e9  osob\u011b, slo\u017eil pohotov\u011b na t\u00e9ma Schwarzenbergovy punkov\u00e9 stylizace p\u00edse\u0148,  ve kter\u00e9 si pora\u017een\u00e9ho prezidentsk\u00e9ho kandid\u00e1ta po\u0159\u00e1dn\u011b dob\u00edr\u00e1.<\/p>\n<div>&#8222;Nechal si vyrobit placky s \u010d\u00edrem \/ Myslel si \u017ee je to zn\u00e1mka punku,&#8220;  utahuje si z kn\u00ed\u017eete hned prvn\u00ed sloka p\u0159etextovan\u00e9 p\u00edsn\u011b kapely Visac\u00ed  z\u00e1mek s n\u00e1zvem &#8222;Z\u00e1mky punku&#8220;.<\/p>\n<p>A dal\u0161\u00ed slova nejsou o nic m\u00edrn\u011bj\u0161\u00ed:<\/p>\n<p>&#8222;V rodokmenu skr\u00fdval p\u011bkn\u00fd n\u00e1cky \/ Myslel si \u017ee je to zn\u00e1mka punku \/\/  Kdy\u017e to na n\u011bj prasklo cht\u011bl rozd\u00e1vat facky \/ Myslel si \u017ee je to zn\u00e1mka  punku \/\/ Pov\u00eddal \u017ee hlup\u00e1k je kdo za vlast um\u00edr\u00e1 \/ Myslel si \u017ee to je  zn\u00e1mka punku \/\/ Podp\u00edrat se nechal od rudocha Dynstb\u00edra \/ Myslel si \u017ee  to je zn\u00e1mka punku.&#8220;<\/p><\/div>\n<div><a href=\"http:\/\/www.prvnizpravy.cz\" target=\"_blank\"><em><strong>www.prvnizpravy.cz<\/strong><\/em><\/a><\/div>\n<hr size=\"2\" \/>\n<p><span style=\"background-color: #cccccc;\"><strong>Z\u00e1mky punku?<\/strong><\/span><\/p>\n<p>Nechal si vyrobit placky s \u010d\u00edrem<br \/>\nMyslel si \u017ee je to zn\u00e1mka punku<\/p>\n<p>Mluvil jako kdyby \u017ev\u00fdkal housku se s\u00fdrem<br \/>\nMyslel si \u017ee je to zn\u00e1mka punku<br \/>\nChlubil se z\u00e1mkem s mostem padac\u00edm<br \/>\nMyslel si \u017ee je to zn\u00e1mka punku<br \/>\nJen\u017ee si ho poplet se Z\u00e1mkem visac\u00edm<br \/>\nMyslel si \u017ee je to zn\u00e1mka punku<\/p>\n<p>Ale holky \u0159\u00edkaly<br \/>\n\u017de punk je jinde<br \/>\nAle holky \u0159\u00edkaly<br \/>\nNo to snad nen\u00ed mo\u017en\u00fd<\/p>\n<p>V rodokmenu skr\u00fdval p\u011bkn\u00fd n\u00e1cky<br \/>\nMyslel si \u017ee je to zn\u00e1mka punku<br \/>\nKdy\u017e to na n\u011bj prasklo cht\u011bl rozd\u00e1vat facky<br \/>\nMyslel si \u017ee je to zn\u00e1mka punku<br \/>\nPov\u00eddal \u017ee hlup\u00e1k je kdo za vlast um\u00edr\u00e1<br \/>\nMyslel si \u017ee to je zn\u00e1mka punku<br \/>\nPodp\u00edrat se nechal od rudocha Dynstb\u00edra<br \/>\nMyslel si \u017ee to je zn\u00e1mka punku<\/p>\n<p>Ale holky \u0159\u00edkaly<br \/>\n\u017de punk je jinde<br \/>\nAle holky \u0159\u00edkaly<br \/>\nNo to snad nen\u00ed mo\u017en\u00fd<\/p>\n<p>No ale kdo nen\u00ed<br \/>\nBo\u017e\u00ed nad\u011blen\u00ed<br \/>\nNed\u011blejme z voli\u010de tupce<br \/>\nNo ale kdo nen\u00ed<br \/>\nBo\u017e\u00ed nad\u011blen\u00ed<br \/>\nI ply\u0161ovej Karel m\u00e1 sv\u00fdho kupce<\/p>\n<p>Jukal na n\u00e1s z novin jako hodnej str\u00fd\u010dek<br \/>\nMyslel si \u017ee to je zn\u00e1mka punku<br \/>\nA kdo do n\u011bj vid\u011bl to prej je jen s\u00fd\u010dek<br \/>\nMyslel si \u017ee je to zn\u00e1mka punku<br \/>\nV\u017edy mu v\u0161echno pro\u0161lo je takovej sv\u016fj<br \/>\nMyslel si \u017ee to je zn\u00e1mka punku<br \/>\nNeznal ani starou pecku Kde domov m\u016fj<br \/>\nMyslel si \u017ee to je zn\u00e1mka punku<\/p>\n<p>Ale lidi \u0159\u00edkali<br \/>\n\u017de punk je jinde<br \/>\nAle lidi \u0159\u00edkali<br \/>\n\u017de punk je jinde<br \/>\nAle lidi \u0159\u00edkali<br \/>\n\u017de punk je jinde<\/p>\n<p><em>zdroj: ladislavjakl.cz<\/em><\/p>\n","protected":false},"excerpt":{"rendered":"<p>Karel Schwarzenberg by pro v\u00fdhru ud\u011blal cokoli. P\u0159edst\u00edral i pank\u00e1\u010de. Nakonec to ale nepomohlo. A od konzervativc\u016f nyn\u00ed skl\u00edz\u00ed posm\u011bch.<\/p>\n","protected":false},"author":1,"featured_media":0,"comment_status":"open","ping_status":"open","sticky":false,"template":"","format":"standard","meta":{"ngg_post_thumbnail":0,"footnotes":""},"categories":[11],"tags":[],"class_list":["post-3521","post","type-post","status-publish","format-standard","hentry","category-ozvena"],"_links":{"self":[{"href":"https:\/\/www.ladislavjakl.cz\/index.php?rest_route=\/wp\/v2\/posts\/3521","targetHints":{"allow":["GET"]}}],"collection":[{"href":"https:\/\/www.ladislavjakl.cz\/index.php?rest_route=\/wp\/v2\/posts"}],"about":[{"href":"https:\/\/www.ladislavjakl.cz\/index.php?rest_route=\/wp\/v2\/types\/post"}],"author":[{"embeddable":true,"href":"https:\/\/www.ladislavjakl.cz\/index.php?rest_route=\/wp\/v2\/users\/1"}],"replies":[{"embeddable":true,"href":"https:\/\/www.ladislavjakl.cz\/index.php?rest_route=%2Fwp%2Fv2%2Fcomments&post=3521"}],"version-history":[{"count":1,"href":"https:\/\/www.ladislavjakl.cz\/index.php?rest_route=\/wp\/v2\/posts\/3521\/revisions"}],"predecessor-version":[{"id":3522,"href":"https:\/\/www.ladislavjakl.cz\/index.php?rest_route=\/wp\/v2\/posts\/3521\/revisions\/3522"}],"wp:attachment":[{"href":"https:\/\/www.ladislavjakl.cz\/index.php?rest_route=%2Fwp%2Fv2%2Fmedia&parent=3521"}],"wp:term":[{"taxonomy":"category","embeddable":true,"href":"https:\/\/www.ladislavjakl.cz\/index.php?rest_route=%2Fwp%2Fv2%2Fcategories&post=3521"},{"taxonomy":"post_tag","embeddable":true,"href":"https:\/\/www.ladislavjakl.cz\/index.php?rest_route=%2Fwp%2Fv2%2Ftags&post=3521"}],"curies":[{"name":"wp","href":"https:\/\/api.w.org\/{rel}","templated":true}]}}