{"id":3526,"date":"2013-01-31T13:46:13","date_gmt":"2013-01-31T12:46:13","guid":{"rendered":"http:\/\/www.ladislavjakl.cz\/?p=3526"},"modified":"2013-01-31T13:46:13","modified_gmt":"2013-01-31T12:46:13","slug":"jakl-utoci-na-%e2%80%9eknizete%e2%80%9c-skryval-nacky-myslel-ze-je-to-znamka-punku","status":"publish","type":"post","link":"https:\/\/www.ladislavjakl.cz\/?p=3526","title":{"rendered":"Jakl \u00fato\u010d\u00ed na \u201ekn\u00ed\u017eete\u201c: Skr\u00fdval n\u00e1cky, myslel, \u017ee je to zn\u00e1mka punku"},"content":{"rendered":"<p>Tajemn\u00edk  prezidenta V\u00e1clava Klause Ladislav Jakl se pustil do pora\u017een\u00e9ho  prezidentsk\u00e9ho kandid\u00e1ta Karla Schwarzenberga. Zve\u0159ejnil parafr\u00e1zi na  d\u00edlo skupiny Visac\u00ed z\u00e1mek Zn\u00e1mka punku, kter\u00e9 koncentrovan\u011b shrnuje  argumenty, kter\u00e9 zazn\u011bly v r\u00e1mci kampan\u011b proti Schwarzenbergovu zvolen\u00ed  hlavou st\u00e1tu.<\/p>\n<p><!--more--><br \/>\n<img loading=\"lazy\" decoding=\"async\" title=\"Ladislav Jakl, tajemn\u00edk prezidenta V\u00e1clava Klause\" src=\"http:\/\/i.idnes.cz\/13\/014\/cl6\/JB48e5db_419203.jpg\" alt=\"Ladislav Jakl, tajemn\u00edk prezidenta V\u00e1clava Klause\" width=\"630\" height=\"420\" \/> <a href=\"http:\/\/zpravy.idnes.cz\/Foto.aspx?r=domaci&amp;foto1=JB48e5db_419203.jpg\"><\/a><\/p>\n<p>Ladislav Jakl, tajemn\u00edk prezidenta V\u00e1clava Klause \t\t \t\t\t<span> | foto:\u00a0<span>David Port<\/span>,\u00a0MAFRA <\/span><\/p>\n<div id=\"art-text\">\n<div>\n<p>Ladislav Jakl pat\u0159\u00ed stejn\u011b jako prezident V\u00e1clav Klaus dlouhodob\u011b mezi kritiky sm\u011b\u0159ov\u00e1n\u00ed  politiky v pojet\u00ed ministra zahrani\u010d\u00ed Karla Schwarzenberga. Parafr\u00e1ze na  proslaven\u00e9 d\u00edlo Zn\u00e1mka punku (<a href=\"https:\/\/www.ladislavjakl.cz\/?p=3519\" target=\"_blank\">pod\u00edvat se na origin\u00e1l m\u016f\u017eete t\u0159eba zde<\/a>), ke Schwarzenbergovi ost\u0159e kritick\u00e1,\u00a0tak \u010dlov\u011bka znal\u00e9ho politiky p\u0159\u00edli\u0161 nep\u0159ekvap\u00ed.<\/p>\n<p>&#8222;V rodokmenu skr\u00fdval p\u011bkn\u00fd n\u00e1cky \/ Myslel si \u017ee je to zn\u00e1mka punku<br \/>\nKdy\u017e to na n\u011bj prasklo cht\u011bl rozd\u00e1vat facky \/ Myslel si \u017ee je to zn\u00e1mka punku<br \/>\nPov\u00eddal \u017ee hlup\u00e1k je kdo za vlast um\u00edr\u00e1 \/ Myslel si \u017ee to je zn\u00e1mka punku<br \/>\nPodp\u00edrat se nechal od rudocha Dynstb\u00edra \/ Myslel si \u017ee to je zn\u00e1mka punku,&#8220; stoj\u00ed ve druh\u00e9 sloce Jaklem publikovan\u00e9ho textu (<a href=\"https:\/\/www.ladislavjakl.cz\/?p=3519\" target=\"_blank\">najdete jej zde<\/a>).<\/div>\n<\/div>\n<blockquote>\n<div id=\"art-text\"><\/div>\n<p><a href=\"http:\/\/zpravy.idnes.cz\/jaklova-parodie-visaci-zamek-schwarzenberg-fkh-\/domaci.aspx?c=A130130_140905_domaci_jw\"><\/a><\/p><\/blockquote>\n<p>Podle  dostupn\u00fdch zpr\u00e1v\u00a0Schwarzenberg v rodokmenu nikoho neskr\u00fdval (minulost  otce jeho man\u017eelky vy\u0161la najevo v ministrem autorizovan\u00e9m \u017eivotopise v  roce 2007, v\u00edce o p\u0159edc\u00edch samotn\u00e9ho Schwarzenberga napsal nap\u0159. <a href=\"http:\/\/ivocerman.blog.idnes.cz\/c\/316682\/Schwarzenbergove-bojovali-proti-nacistum.html\">bloger iDNES.cz Ivo Cerman zde<\/a>), facky rozd\u00e1vat necht\u011bl, ot\u00e1zka na um\u00edr\u00e1n\u00ed za vlast mu nebyla polo\u017eena (<a href=\"http:\/\/zpravy.idnes.cz\/prezidentska-debata-o-bezpecnostni-politice-f3k-\/domaci.aspx?c=A121203_171749_domaci_kop\">Zemanovi ano a odpov\u011bdi se vyhnul, v\u00edce zde<\/a>) a podporou &#8222;rudoch\u016f&#8220; se mohl chlubit sp\u00ed\u0161 Milo\u0161 Zeman (<a href=\"http:\/\/www.kscm.cz\/z-medii\/72808\/vzkaz-predsedy-uv-kscm-vojtecha-filipa-volicum-pred-druhym-kolem-prezidentskych-voleb\" target=\"_blank\">v\u00edce zejm\u00e9na zde<\/a>).<\/p>\n<p>Odezvu  mezi Jaklov\u00fdmi stoupenci a Schwarzenbergov\u00fdmi odp\u016frci nicm\u00e9n\u011b text  bezpochyby najde, stejn\u011b jako \u0159ada zpr\u00e1v, kter\u00e9 \u0161\u00ed\u0159il Milo\u0161 Zeman a jeho  t\u00fdm a kter\u00e9 se uk\u00e1zaly nepravdiv\u00e9 \u010di p\u0159inejmen\u0161\u00edm sporn\u00e9.<\/p>\n<p>Na  Jaklov\u011b webu je pod p\u00edsn\u00ed, zve\u0159ejn\u011bn\u00e9 v rubrice Zlehka,\u00a0p\u0159ipojen podpis  &#8222;nezn\u00e1m\u00fd pank\u00e1\u010d&#8220;. Redakci iDNES.cz Jakl sd\u011blil, \u017ee to je jeho d\u00e1vn\u00e1  p\u0159ezd\u00edvka.<\/p>\n<p>Tajemn\u00edk Ladislav Jakl je \u0159editelem Klausova  politick\u00e9ho odboru. S\u00e1m se uch\u00e1zel o mo\u017enost kandidovat na prezidenta,  ale nedok\u00e1zal shrom\u00e1\u017edit pades\u00e1t tis\u00edc podpis\u016f a z volby odstoupil.\u00a0Z  Hradu odejde s V\u00e1clavem Klausem.<\/p>\n<p><a href=\"http:\/\/zpravy.idnes.cz\/jaklova-parodie-visaci-zamek-schwarzenberg-fkh-\/domaci.aspx?c=A130130_140905_domaci_jw\" target=\"_blank\">Zdroj<\/a><\/p>\n","protected":false},"excerpt":{"rendered":"<p>Tajemn\u00edk prezidenta V\u00e1clava Klause Ladislav Jakl se pustil do pora\u017een\u00e9ho prezidentsk\u00e9ho kandid\u00e1ta Karla Schwarzenberga. Zve\u0159ejnil parafr\u00e1zi na d\u00edlo skupiny Visac\u00ed z\u00e1mek Zn\u00e1mka punku, kter\u00e9 koncentrovan\u011b shrnuje argumenty, kter\u00e9 zazn\u011bly v r\u00e1mci kampan\u011b proti Schwarzenbergovu zvolen\u00ed hlavou st\u00e1tu.<\/p>\n","protected":false},"author":1,"featured_media":0,"comment_status":"open","ping_status":"open","sticky":false,"template":"","format":"standard","meta":{"ngg_post_thumbnail":0,"footnotes":""},"categories":[11],"tags":[],"class_list":["post-3526","post","type-post","status-publish","format-standard","hentry","category-ozvena"],"_links":{"self":[{"href":"https:\/\/www.ladislavjakl.cz\/index.php?rest_route=\/wp\/v2\/posts\/3526","targetHints":{"allow":["GET"]}}],"collection":[{"href":"https:\/\/www.ladislavjakl.cz\/index.php?rest_route=\/wp\/v2\/posts"}],"about":[{"href":"https:\/\/www.ladislavjakl.cz\/index.php?rest_route=\/wp\/v2\/types\/post"}],"author":[{"embeddable":true,"href":"https:\/\/www.ladislavjakl.cz\/index.php?rest_route=\/wp\/v2\/users\/1"}],"replies":[{"embeddable":true,"href":"https:\/\/www.ladislavjakl.cz\/index.php?rest_route=%2Fwp%2Fv2%2Fcomments&post=3526"}],"version-history":[{"count":1,"href":"https:\/\/www.ladislavjakl.cz\/index.php?rest_route=\/wp\/v2\/posts\/3526\/revisions"}],"predecessor-version":[{"id":3527,"href":"https:\/\/www.ladislavjakl.cz\/index.php?rest_route=\/wp\/v2\/posts\/3526\/revisions\/3527"}],"wp:attachment":[{"href":"https:\/\/www.ladislavjakl.cz\/index.php?rest_route=%2Fwp%2Fv2%2Fmedia&parent=3526"}],"wp:term":[{"taxonomy":"category","embeddable":true,"href":"https:\/\/www.ladislavjakl.cz\/index.php?rest_route=%2Fwp%2Fv2%2Fcategories&post=3526"},{"taxonomy":"post_tag","embeddable":true,"href":"https:\/\/www.ladislavjakl.cz\/index.php?rest_route=%2Fwp%2Fv2%2Ftags&post=3526"}],"curies":[{"name":"wp","href":"https:\/\/api.w.org\/{rel}","templated":true}]}}