{"id":3528,"date":"2013-01-31T13:47:55","date_gmt":"2013-01-31T12:47:55","guid":{"rendered":"http:\/\/www.ladislavjakl.cz\/?p=3528"},"modified":"2013-01-31T13:47:55","modified_gmt":"2013-01-31T12:47:55","slug":"klausuv-jakl-brutalne-zesmesnil-%e2%80%9epankace%e2%80%9c-karla-a-jeho-%e2%80%9enacky%e2%80%9c","status":"publish","type":"post","link":"https:\/\/www.ladislavjakl.cz\/?p=3528","title":{"rendered":"Klaus\u016fv Jakl brut\u00e1ln\u011b zesm\u011b\u0161nil \u201epank\u00e1\u010de\u201c Karla a jeho \u201en\u00e1cky\u201c"},"content":{"rendered":"<p>Rocker na Hrad\u011b, piva\u0159 a tajemn\u00edk prezidenta republiky Ladislav Jakl si  velmi o\u0161kliv\u011b vyst\u0159elil z \u201epank\u00e1\u010de\u201c Karla, ne\u00fasp\u011b\u0161n\u00e9ho kandid\u00e1ta na  prezidenta republiky Karla Schwarzenberga.<\/p>\n<p><!--more--><\/p>\n<p>Klaus\u016fv Jakl toti\u017e p\u0159eb\u00e1snil text p\u00edsn\u011b zn\u00e1m\u00e9 \u010desk\u00e9 punkov\u00e9 kapely  Visac\u00ed z\u00e1mek \u201eZn\u00e1mka punku\u201c a vyst\u0159elil si z ministra zahrani\u010d\u00ed a jeho  \u201epunkerstv\u00ed\u201c.<\/p>\n<p>Schwarzenberga toti\u017e jako pank\u00e1\u010de s \u010d\u00edrem ve stylu Sex Pistols ztv\u00e1rnil  na propagandistick\u00fdch plack\u00e1ch Schwarzenbergovy kampan\u011b velmi zn\u00e1m\u00fd a  uzn\u00e1van\u00fd um\u011blec David \u010cern\u00fd, jen\u017e se nap\u0159\u00edklad proslavil podvodem s  d\u00edlem Entropa, kter\u00e9 m\u011blo v Bruselu b\u011bhem \u010desk\u00e9ho p\u0159edsednictv\u00ed EU  reprezentovat \u010ceskou republiku.<\/p>\n<h4>Mluvil, jako kdyby \u017ev\u00fdkal housku se s\u00fdrem. Myslel si, \u017ee je to zn\u00e1mka punku<\/h4>\n<p>Origin\u00e1ln\u00ed p\u00edse\u0148 \u201eZn\u00e1mka punku\u201c si d\u011bl\u00e1 legraci z neprav\u00fdch pank\u00e1\u010d\u016f,  p\u0159eb\u00e1sn\u011bn\u00e1 verze Jaklova \u201eZn\u00e1mky punku?\u201c si d\u011bl\u00e1 srandu z pank\u00e1\u010de Karla.<\/p>\n<p>\u201eNechal si vyrobit placky s \u010d\u00edrem.\/Myslel si \u017ee je to zn\u00e1mka punku.\/  Mluvil jako kdyby \u017ev\u00fdkal housku se s\u00fdrem.\/ Myslel si \u017ee je to zn\u00e1mka  punku.\/ Chlubil se z\u00e1mkem s mostem padac\u00edm.\/ Myslel si \u017ee je to zn\u00e1mka  punku.\/Jen\u017ee si ho poplet se Z\u00e1mkem visac\u00edm.\/ Myslel si \u017ee je to zn\u00e1mka  punku,\u201c ud\u011blal si Jakl legraci ze Schwarzenbergovy ne v\u017edy \u00fapln\u011b jasn\u00e9  artikulace.<\/p>\n<p>Refr\u00e9n je pak stejn\u00fd jako v origin\u00e1le: \u201eAle holky \u0159\u00edkaly, \u017ee punk je jinde. Ale holky \u0159\u00edkaly: No to snad nen\u00ed mo\u017en\u00fd.\u201c<\/p>\n<h4>V rodokmenu skr\u00fdval p\u011bkn\u00fd n\u00e1cky. Myslel si, \u017ee je to zn\u00e1mka punku<\/h4>\n<p>Jakl tak\u00e9 p\u0159ipomn\u011bl, \u017ee Schwarzenbergov\u00fdm tch\u00e1nem byl aktivn\u00ed nacista z  rodu Hardegg, kde byli nacisty i dal\u0161\u00ed \u010dlenov\u00e9 rodu. Rovn\u011b\u017e pouk\u00e1zal na  to, \u017ee se \u010de\u0161t\u00ed odboj\u00e1\u0159i proti nacismu a vlastenci postavili proti  Schwarzenbergovi.<\/p>\n<p>\u201eV rodokmenu skr\u00fdval p\u011bkn\u00fd n\u00e1cky. \/ Myslel si \u017ee je to zn\u00e1mka punku.\/  Kdy\u017e to na n\u011bj prasklo cht\u011bl rozd\u00e1vat facky. \/ Myslel si \u017ee je to zn\u00e1mka  punku. \/Pov\u00eddal \u017ee hlup\u00e1k je kdo za vlast um\u00edr\u00e1.\/ Myslel si \u017ee to je  zn\u00e1mka punku.\/ Podp\u00edrat se nechal od rudocha Dynstb\u00edra.\/ Myslel si \u017ee to  je zn\u00e1mka punku,\u201c pokra\u010duje Jaklova neopunkov\u00e1 \u201eb\u00e1se\u0148\u201c.<\/p>\n<h4>Karel neznal ani starou pecku Kde domov m\u016fj. Myslel si, \u017ee to je zn\u00e1mka punku<\/h4>\n<p>A pak Jakl pokra\u010duje o samotn\u00e9 prezidentsk\u00e9 volb\u011b: \u201eNo ale kdo nen\u00ed,  Bo\u017e\u00ed nad\u011blen\u00ed, ned\u011blejme z voli\u010de tupce. No ale kdo nen\u00ed, Bo\u017e\u00ed nad\u011blen\u00ed.  I ply\u0161ovej Karel m\u00e1 sv\u00fdho kupce.\u201c<\/p>\n<p>Jakl p\u0159ipomn\u011bl i to, \u017ee drtiv\u00e1 v\u011bt\u0161ina v \u010cesk\u00e9 republice p\u016fsob\u00edc\u00edch  m\u00e9di\u00ed podporovala \u201eKarla\u201c a \u017ee chud\u00e1k Karel neznal ani slova n\u00e1rodn\u00ed  hymny: \u201eJukal na n\u00e1s z novin jako hodnej str\u00fd\u010dek.\/ Myslel si \u017ee to je  zn\u00e1mka punku.\/ A kdo do n\u011bj vid\u011bl, to prej je jen s\u00fd\u010dek. \/ Myslel si \u017ee  je to zn\u00e1mka punku. \/ V\u017edy mu v\u0161echno pro\u0161lo je takovej sv\u016fj.\/ Myslel si  \u017ee to je zn\u00e1mka punku. \/Neznal ani starou pecku Kde domov m\u016fj. \/Myslel  si \u017ee to je zn\u00e1mka punku.\u201c<\/p>\n<h4>Nezn\u00e1m\u00fd pank\u00e1\u010d a rocker na Hrad\u011b<\/h4>\n<p>Jakl podepsal sv\u00e9 d\u00edlo jako \u201enezn\u00e1m\u00fd pank\u00e1\u010d\u201c. A tak kon\u010d\u00ed tahle \u201ep\u00edse\u0148 o  Karlovi s \u010d\u00edrem a kn\u00edrem, jeho p\u0159\u00edb\u011bh my nezn\u00e1me, a tak o n\u011bm  nezp\u00edv\u00e1me\u201c.<\/p>\n<p>Rocker Jakl zp\u00edv\u00e1 a hraje na kytaru v kapel\u00e1ch Folimanka Blues a Etal.  Podle Jakla se ale nov\u00e1 verze pankovky v reperto\u00e1ru jeho kapel patrn\u011b  neobjev\u00ed. \u201eJakl z\u00e1sadov\u011b trv\u00e1 na tom, \u017ee p\u00edsn\u011b jeho kapely Folimanka  Blues se politikou nezab\u00fdvaj\u00ed,\u201c informuj\u00ed Prvn\u00edzpr\u00e1vy.cz. Na Jaklov\u00fdch  pades\u00e1tin\u00e1ch, kde hr\u00e1ly jeho kapely, se objevil i prezident V\u00e1clav  Klaus, kter\u00fd je v\u0161ak v\u00edce fanou\u0161kem jazzu ne\u017e bigb\u00edtu.<\/p>\n<p><strong>Z\u00e1mky panku <\/strong><\/p>\n<p>Nechal si vyrobit placky s \u010d\u00edrem<br \/>\nMyslel si \u017ee je to zn\u00e1mka punku<\/p>\n<p>Mluvil jako kdyby \u017ev\u00fdkal housku se s\u00fdrem<br \/>\nMyslel si \u017ee je to zn\u00e1mka punku<br \/>\nChlubil se z\u00e1mkem s mostem padac\u00edm<br \/>\nMyslel si \u017ee je to zn\u00e1mka punku<br \/>\nJen\u017ee si ho poplet se Z\u00e1mkem visac\u00edm<br \/>\nMyslel si \u017ee je to zn\u00e1mka punku<\/p>\n<p>Ale holky \u0159\u00edkaly<br \/>\n\u017de punk je jinde<br \/>\nAle holky \u0159\u00edkaly<br \/>\nNo to snad nen\u00ed mo\u017en\u00fd<\/p>\n<p>V rodokmenu skr\u00fdval p\u011bkn\u00fd n\u00e1cky<br \/>\nMyslel si \u017ee je to zn\u00e1mka punku<br \/>\nKdy\u017e to na n\u011bj prasklo cht\u011bl rozd\u00e1vat facky<br \/>\nMyslel si \u017ee je to zn\u00e1mka punku<br \/>\nPov\u00eddal \u017ee hlup\u00e1k je kdo za vlast um\u00edr\u00e1<br \/>\nMyslel si \u017ee to je zn\u00e1mka punku<br \/>\nPodp\u00edrat se nechal od rudocha Dynstb\u00edra<br \/>\nMyslel si \u017ee to je zn\u00e1mka punku<\/p>\n<p>Ale holky \u0159\u00edkaly<br \/>\n\u017de punk je jinde<br \/>\nAle holky \u0159\u00edkaly<br \/>\nNo to snad nen\u00ed mo\u017en\u00fd<\/p>\n<p>No ale kdo nen\u00ed<br \/>\nBo\u017e\u00ed nad\u011blen\u00ed<br \/>\nNed\u011blejme z voli\u010de tupce<br \/>\nNo ale kdo nen\u00ed<br \/>\nBo\u017e\u00ed nad\u011blen\u00ed<br \/>\nI ply\u0161ovej Karel m\u00e1 sv\u00fdho kupce<\/p>\n<p>Jukal na n\u00e1s z novin jako hodnej str\u00fd\u010dek<br \/>\nMyslel si \u017ee to je zn\u00e1mka punku<br \/>\nA kdo do n\u011bj vid\u011bl to prej je jen s\u00fd\u010dek<br \/>\nMyslel si \u017ee je to zn\u00e1mka punku<br \/>\nV\u017edy mu v\u0161echno pro\u0161lo je takovej sv\u016fj<br \/>\nMyslel si \u017ee to je zn\u00e1mka punku<br \/>\nNeznal ani starou pecku Kde domov m\u016fj<br \/>\nMyslel si \u017ee to je zn\u00e1mka punku<\/p>\n<p>Ale lidi \u0159\u00edkali<br \/>\n\u017de punk je jinde<br \/>\nAle lidi \u0159\u00edkali<br \/>\n\u017de punk je jinde<br \/>\nAle lidi \u0159\u00edkali<br \/>\n\u017de punk je jinde<\/p>\n<p><a href=\"http:\/\/www.parlamentnilisty.cz\/zpravy\/Klausuv-Jakl-brutalne-zesmesnil-pankace-Karla-a-jeho-nacky-261272\" target=\"_blank\">Zdroj<\/a><\/p>\n","protected":false},"excerpt":{"rendered":"<p>Rocker na Hrad\u011b, piva\u0159 a tajemn\u00edk prezidenta republiky Ladislav Jakl si velmi o\u0161kliv\u011b vyst\u0159elil z \u201epank\u00e1\u010de\u201c Karla, ne\u00fasp\u011b\u0161n\u00e9ho kandid\u00e1ta na prezidenta republiky Karla Schwarzenberga.<\/p>\n","protected":false},"author":1,"featured_media":0,"comment_status":"open","ping_status":"open","sticky":false,"template":"","format":"standard","meta":{"ngg_post_thumbnail":0,"footnotes":""},"categories":[11],"tags":[],"class_list":["post-3528","post","type-post","status-publish","format-standard","hentry","category-ozvena"],"_links":{"self":[{"href":"https:\/\/www.ladislavjakl.cz\/index.php?rest_route=\/wp\/v2\/posts\/3528","targetHints":{"allow":["GET"]}}],"collection":[{"href":"https:\/\/www.ladislavjakl.cz\/index.php?rest_route=\/wp\/v2\/posts"}],"about":[{"href":"https:\/\/www.ladislavjakl.cz\/index.php?rest_route=\/wp\/v2\/types\/post"}],"author":[{"embeddable":true,"href":"https:\/\/www.ladislavjakl.cz\/index.php?rest_route=\/wp\/v2\/users\/1"}],"replies":[{"embeddable":true,"href":"https:\/\/www.ladislavjakl.cz\/index.php?rest_route=%2Fwp%2Fv2%2Fcomments&post=3528"}],"version-history":[{"count":1,"href":"https:\/\/www.ladislavjakl.cz\/index.php?rest_route=\/wp\/v2\/posts\/3528\/revisions"}],"predecessor-version":[{"id":3529,"href":"https:\/\/www.ladislavjakl.cz\/index.php?rest_route=\/wp\/v2\/posts\/3528\/revisions\/3529"}],"wp:attachment":[{"href":"https:\/\/www.ladislavjakl.cz\/index.php?rest_route=%2Fwp%2Fv2%2Fmedia&parent=3528"}],"wp:term":[{"taxonomy":"category","embeddable":true,"href":"https:\/\/www.ladislavjakl.cz\/index.php?rest_route=%2Fwp%2Fv2%2Fcategories&post=3528"},{"taxonomy":"post_tag","embeddable":true,"href":"https:\/\/www.ladislavjakl.cz\/index.php?rest_route=%2Fwp%2Fv2%2Ftags&post=3528"}],"curies":[{"name":"wp","href":"https:\/\/api.w.org\/{rel}","templated":true}]}}