{"id":3530,"date":"2013-01-31T13:49:28","date_gmt":"2013-01-31T12:49:28","guid":{"rendered":"http:\/\/www.ladislavjakl.cz\/?p=3530"},"modified":"2013-01-31T13:49:28","modified_gmt":"2013-01-31T12:49:28","slug":"jakl-jde-tvrde-do-schwarzenberga-skryval-nacky-myslel-si-ze-je-to-znamka-punku","status":"publish","type":"post","link":"https:\/\/www.ladislavjakl.cz\/?p=3530","title":{"rendered":"Jakl jde tvrd\u011b do Schwarzenberga: Skr\u00fdval n\u00e1cky, myslel si, \u017ee je to zn\u00e1mka punku"},"content":{"rendered":"<p>Tajemn\u00edk prezidenta V\u00e1clava Klause a doned\u00e1vna i jeden z uchaze\u010d\u016f o Hrad  Ladislav Jakl se pustil do prezidentsk\u00e9ho kandid\u00e1ta Karla  Schwarzenberga. Text zn\u00e1m\u00e9 skladby Zn\u00e1mka punku od kapely Visac\u00ed z\u00e1mek  nahradil \u00fato\u010dn\u00fdmi slovy na adresu Schwarzenberga.<\/p>\n<p><!--more--><\/p>\n<p>&#8222;V rodokmenu skr\u00fdval p\u011bkn\u00fd  n\u00e1cky \/ Myslel si \u017ee je to zn\u00e1mka punku \/ Kdy\u017e to na n\u011bj prasklo cht\u011bl  rozd\u00e1vat facky \/ Myslel si \u017ee je to zn\u00e1mka punku,&#8220; r\u00fdmuje Jakl v parafr\u00e1zi na zn\u00e1mou skladbu (<a href=\"https:\/\/www.ladislavjakl.cz\/?p=3519\">cel\u00e9 zn\u011bn\u00ed si m\u016f\u017eete p\u0159e\u010d\u00edst zde<\/a>).<\/p>\n<p>Prezident\u016fv  tajemn\u00edk tak \u00fato\u010d\u00ed na Schwarzenbergovy p\u0159edky, kte\u0159\u00ed se p\u0159ed volbami  hojn\u011b prop\u00edrali. Kritici Schwarzenbergovi p\u0159edhazovali nacistickou  minulost jeho tch\u00e1na a p\u0159ipom\u00ednali \u010dlenstv\u00ed jeho otce v kolaborantsk\u00e9  organizaci Vlajka.<\/p>\n<p>Jak ale Schwarzenberg d\u0159\u00edve uvedl, jeho otec z Vlajky ode\u0161el ve chv\u00edli, kdy se dozv\u011bd\u011bl, \u017ee  by organizace mohla kolaborovat s nacisty. Schwarzenbergova man\u017eelka  Therese zase opakovan\u011b uvedla, \u017ee se Schwarzenberg nikdy neshodoval s  n\u00e1zory jej\u00edho otce.<\/p>\n<p>Jakl si v textu bere na pa\u0161k\u00e1l tak\u00e9 dal\u0161\u00ed  t\u00e9mata. Schwarzenbergovi vyt\u00fdk\u00e1 nap\u0159\u00edklad \u0161patnou v\u00fdslovnost i to, \u017ee  p\u0159i zp\u011bvu \u010desk\u00e9 hymny v jednu chv\u00edli zav\u00e1hal nad textem.<\/p>\n<h4>Bezradn\u00fd hudebn\u00edk<\/h4>\n<p>K  Jaklovu textu se pro Pr\u00e1vo vyj\u00e1d\u0159il zp\u011bv\u00e1k skupiny Visac\u00ed Z\u00e1mek Jan  Haubert. Podle n\u011bj je Ladislav Jakl &#8222;pochybn\u00fdm prezidentsk\u00fdm tajemn\u00edkem a  bezradn\u00fdm hudebn\u00edkem&#8220;.<\/p>\n<p>Ladislav Jakl cht\u011bl podle Hauberta sv\u00fdm  textem za\u00fato\u010dit na Karla Schwarzenberga i na skupinu Visac\u00ed z\u00e1mek,  proto\u017ee nahr\u00e1la p\u00edse\u0148 Prezident. &#8222;U\u017e jsem sly\u0161el hodn\u011b pozm\u011bn\u011bn\u00fdch verz\u00ed  hitu Zn\u00e1mka punku, ale Jaklova verze je zdaleka nejubo\u017eej\u0161\u00ed. Jak  obsahem, tak ver\u0161otepectv\u00edm,&#8220; uvedl Haubert.<\/p>\n<p><a href=\"http:\/\/www.novinky.cz\/domaci\/291789-jakl-jde-tvrde-do-schwarzenberga-skryval-nacky-myslel-si-ze-je-to-znamka-punku.html\" target=\"_blank\">Zdroj<\/a><\/p>\n","protected":false},"excerpt":{"rendered":"<p>Tajemn\u00edk prezidenta V\u00e1clava Klause a doned\u00e1vna i jeden z uchaze\u010d\u016f o Hrad Ladislav Jakl se pustil do prezidentsk\u00e9ho kandid\u00e1ta Karla Schwarzenberga. Text zn\u00e1m\u00e9 skladby Zn\u00e1mka punku od kapely Visac\u00ed z\u00e1mek nahradil \u00fato\u010dn\u00fdmi slovy na adresu Schwarzenberga.<\/p>\n","protected":false},"author":1,"featured_media":0,"comment_status":"open","ping_status":"open","sticky":false,"template":"","format":"standard","meta":{"ngg_post_thumbnail":0,"footnotes":""},"categories":[11],"tags":[],"class_list":["post-3530","post","type-post","status-publish","format-standard","hentry","category-ozvena"],"_links":{"self":[{"href":"https:\/\/www.ladislavjakl.cz\/index.php?rest_route=\/wp\/v2\/posts\/3530","targetHints":{"allow":["GET"]}}],"collection":[{"href":"https:\/\/www.ladislavjakl.cz\/index.php?rest_route=\/wp\/v2\/posts"}],"about":[{"href":"https:\/\/www.ladislavjakl.cz\/index.php?rest_route=\/wp\/v2\/types\/post"}],"author":[{"embeddable":true,"href":"https:\/\/www.ladislavjakl.cz\/index.php?rest_route=\/wp\/v2\/users\/1"}],"replies":[{"embeddable":true,"href":"https:\/\/www.ladislavjakl.cz\/index.php?rest_route=%2Fwp%2Fv2%2Fcomments&post=3530"}],"version-history":[{"count":1,"href":"https:\/\/www.ladislavjakl.cz\/index.php?rest_route=\/wp\/v2\/posts\/3530\/revisions"}],"predecessor-version":[{"id":3531,"href":"https:\/\/www.ladislavjakl.cz\/index.php?rest_route=\/wp\/v2\/posts\/3530\/revisions\/3531"}],"wp:attachment":[{"href":"https:\/\/www.ladislavjakl.cz\/index.php?rest_route=%2Fwp%2Fv2%2Fmedia&parent=3530"}],"wp:term":[{"taxonomy":"category","embeddable":true,"href":"https:\/\/www.ladislavjakl.cz\/index.php?rest_route=%2Fwp%2Fv2%2Fcategories&post=3530"},{"taxonomy":"post_tag","embeddable":true,"href":"https:\/\/www.ladislavjakl.cz\/index.php?rest_route=%2Fwp%2Fv2%2Ftags&post=3530"}],"curies":[{"name":"wp","href":"https:\/\/api.w.org\/{rel}","templated":true}]}}