{"id":3532,"date":"2013-01-31T13:51:30","date_gmt":"2013-01-31T12:51:30","guid":{"rendered":"http:\/\/www.ladislavjakl.cz\/?p=3532"},"modified":"2013-01-31T13:51:30","modified_gmt":"2013-01-31T12:51:30","slug":"hradni-jakl-videl-v-tv-nejlepsi-porad-kysele-obliceje-vyhrnutych-nohavic","status":"publish","type":"post","link":"https:\/\/www.ladislavjakl.cz\/?p=3532","title":{"rendered":"Hradn\u00ed Jakl vid\u011bl v TV nejlep\u0161\u00ed po\u0159ad: Kysel\u00e9 obli\u010deje vyhrnut\u00fdch nohavic"},"content":{"rendered":"<p>Ladislav Jakl, odch\u00e1zej\u00edc\u00ed prezidentsk\u00fd tajemn\u00edk, se na sv\u00e9m blogu  pod\u011blil o sv\u00e9 z\u00e1\u017eitky z volebn\u00ed soboty. Svou \u00favahu uvedl t\u00fdden star\u00fdm  bonmotem, kdy se jej kdosi zeptal, zda se ob\u00e1v\u00e1 zvolen\u00ed n\u011bkter\u00e9ho z  kandid\u00e1t\u016f v druh\u00e9m kole prezidentsk\u00e9 volby, na\u010de\u017e Jakl odpov\u011bd\u011bl, \u017ee se  ob\u00e1v\u00e1, \u017ee bude zvolen kter\u00fdkoliv z obou kandid\u00e1t\u016f. Z textu v\u0161ak vypl\u00fdv\u00e1,  \u017ee v sobotu byla p\u0159ece jen napln\u011bna ta snesiteln\u011bj\u0161\u00ed z Jaklov\u00fdch  no\u010dn\u00edch m\u016fr.<\/p>\n<p><!--more--><\/p>\n<p>P\u0159ed uzav\u0159en\u00edm volebn\u00edch uren se pr\u00fd tajemn\u00edk prezidenta Klause a s\u00e1m  ne\u00fasp\u011b\u0161n\u00fd prezidentsk\u00fd kandid\u00e1t ut\u011b\u0161oval, \u017ee p\u0159edseda TOP 09 nem\u016f\u017ee b\u00fdt  zl\u00fd, proto\u017ee zlo p\u0159ece nikdy nesp\u00ed. P\u0159esto se ale rad\u011bji zamkl, aby mu  do bytu s\u00a0uzav\u0159en\u00edm volebn\u00edch uren nevtrhla \u201emilice pravdy a l\u00e1sky\u201c.<\/p>\n<p>Mezit\u00edm rozj\u00edmal nad televizn\u00edm v\u00fdrokem, \u017ee proti sob\u011b stoj\u00ed s\u00edly  pravice a levice. Ve skute\u010dnosti pr\u00fd proti sob\u011b stoj\u00ed spole\u010dn\u00fd  (levicov\u00fd) kandid\u00e1t pravice a levice a kandid\u00e1t, kter\u00fd chce pravo- lev\u00fd  politick\u00fd souboj zru\u0161it a nahradit vl\u00e1dou z\u00e1jmov\u00fdch elit. Pravice a  levice by proto podle n\u011bj m\u011bly p\u0159edev\u0161\u00edm vybojovat to, aby v\u00a0budoucnu  v\u016fbec mohly mezi sebou soupe\u0159it.<\/p>\n<p>P\u0159ed t\u0159et\u00ed hodinou to pr\u00fd za\u010d\u00edn\u00e1 vypadat, \u017ee v\u00a0prezidentsk\u00e9 volb\u011b  porazili voli\u010di kulturn\u011b medi\u00e1ln\u00ed frontu. Jakl si na to d\u00e1v\u00e1 pan\u00e1k  tuzem\u00e1ku a sleduje nejlep\u0161\u00ed televizn\u00ed po\u0159ad, co d\u00e1vali za posledn\u00ed l\u00e9ta.  Jmenuje se pr\u00fd \u201eKysel\u00e9 obli\u010deje vyhrnut\u00fdch nohavic\u201c. Na to si Jakl  otv\u00edr\u00e1 belgick\u00e9 pivo a sm\u011bje se v\u00fdroku v\u00edt\u011bzn\u00e9ho kandid\u00e1ta, \u017ee Jakla ve  sv\u00e9m t\u00fdmu nechce. Nez\u00e1jem je pr\u00fd oboustrann\u00fd.<\/p>\n<p>Jinak Jakl u televize konstatuje, \u017ee m\u011bl pravdu, kdy\u017e se ob\u00e1val, \u017ee  p\u0159\u00edmo zvolen\u00fd prezident si bude hr\u00e1t na prezidentsk\u00fd syst\u00e9m. Sil\u00e1ck\u00e1  slova nov\u00e9 hlavy st\u00e1tu mu pr\u00fd d\u00e1vaj\u00ed za pravdu. Proto rad\u011bji na  internetu sleduje pokra\u010dov\u00e1n\u00ed Kysel\u00fdch obli\u010dej\u016f vyhrnut\u00fdch nohavic,  kter\u00e1 jsou sice p\u0159edv\u00eddateln\u00e1, ale p\u0159esto pot\u011b\u0161\u00ed.<\/p>\n<p><a href=\"http:\/\/www.parlamentnilisty.cz\/zpravy\/Hradni-Jakl-videl-v-TV-nejlepsi-porad-Kysele-obliceje-vyhrnutych-nohavic-261206\" target=\"_blank\">Zdroj<\/a><\/p>\n","protected":false},"excerpt":{"rendered":"<p>Ladislav Jakl, odch\u00e1zej\u00edc\u00ed prezidentsk\u00fd tajemn\u00edk, se na sv\u00e9m blogu pod\u011blil o sv\u00e9 z\u00e1\u017eitky z volebn\u00ed soboty. Svou \u00favahu uvedl t\u00fdden star\u00fdm bonmotem, kdy se jej kdosi zeptal, zda se ob\u00e1v\u00e1 zvolen\u00ed n\u011bkter\u00e9ho z kandid\u00e1t\u016f v druh\u00e9m kole prezidentsk\u00e9 volby, na\u010de\u017e Jakl odpov\u011bd\u011bl, \u017ee se ob\u00e1v\u00e1, \u017ee bude zvolen kter\u00fdkoliv z obou kandid\u00e1t\u016f. Z textu v\u0161ak [&hellip;]<\/p>\n","protected":false},"author":1,"featured_media":0,"comment_status":"open","ping_status":"open","sticky":false,"template":"","format":"standard","meta":{"ngg_post_thumbnail":0,"footnotes":""},"categories":[11],"tags":[],"class_list":["post-3532","post","type-post","status-publish","format-standard","hentry","category-ozvena"],"_links":{"self":[{"href":"https:\/\/www.ladislavjakl.cz\/index.php?rest_route=\/wp\/v2\/posts\/3532","targetHints":{"allow":["GET"]}}],"collection":[{"href":"https:\/\/www.ladislavjakl.cz\/index.php?rest_route=\/wp\/v2\/posts"}],"about":[{"href":"https:\/\/www.ladislavjakl.cz\/index.php?rest_route=\/wp\/v2\/types\/post"}],"author":[{"embeddable":true,"href":"https:\/\/www.ladislavjakl.cz\/index.php?rest_route=\/wp\/v2\/users\/1"}],"replies":[{"embeddable":true,"href":"https:\/\/www.ladislavjakl.cz\/index.php?rest_route=%2Fwp%2Fv2%2Fcomments&post=3532"}],"version-history":[{"count":1,"href":"https:\/\/www.ladislavjakl.cz\/index.php?rest_route=\/wp\/v2\/posts\/3532\/revisions"}],"predecessor-version":[{"id":3533,"href":"https:\/\/www.ladislavjakl.cz\/index.php?rest_route=\/wp\/v2\/posts\/3532\/revisions\/3533"}],"wp:attachment":[{"href":"https:\/\/www.ladislavjakl.cz\/index.php?rest_route=%2Fwp%2Fv2%2Fmedia&parent=3532"}],"wp:term":[{"taxonomy":"category","embeddable":true,"href":"https:\/\/www.ladislavjakl.cz\/index.php?rest_route=%2Fwp%2Fv2%2Fcategories&post=3532"},{"taxonomy":"post_tag","embeddable":true,"href":"https:\/\/www.ladislavjakl.cz\/index.php?rest_route=%2Fwp%2Fv2%2Ftags&post=3532"}],"curies":[{"name":"wp","href":"https:\/\/api.w.org\/{rel}","templated":true}]}}