{"id":3537,"date":"2013-01-31T13:55:13","date_gmt":"2013-01-31T12:55:13","guid":{"rendered":"http:\/\/www.ladislavjakl.cz\/?p=3537"},"modified":"2013-01-31T13:55:13","modified_gmt":"2013-01-31T12:55:13","slug":"tajemnik-jakl-napadl-schwarzenberga-parafrazi-hymny-pankacu","status":"publish","type":"post","link":"https:\/\/www.ladislavjakl.cz\/?p=3537","title":{"rendered":"Tajemn\u00edk Jakl napadl Schwarzenberga parafr\u00e1z\u00ed hymny pank\u00e1\u010d\u016f"},"content":{"rendered":"<p>V\u00e1\u0161n\u011b v t\u00e1borech p\u0159\u00edznivc\u016f obou finalist\u016f v boji  o Hrad neopadaj\u00ed ani p\u00e1t\u00fd den po zvolen\u00ed nov\u00e9ho \u010desk\u00e9ho prezidenta.  Tentokr\u00e1t se ter\u010dem stal Karel Schwarzenberg, kter\u00e9ho ost\u0159e napadl  tajemn\u00edk dosluhuj\u00edc\u00edho prezidenta V\u00e1clava Klause Ladislav Jakl.<\/p>\n<p><!--more--><\/p>\n<p><span><span style=\"line-height: 1.5;\">Jakl na sv\u00e9 <a id=\"anchorbbtBubble3\">internetov\u00e9<span id=\"overbbtBubble3\" style=\"position: absolute; left: 0px; top: 0px; width: 70px; height: 19px; overflow: hidden; border: medium none;\"> <\/span><\/a> str\u00e1nce zve\u0159ejnil text s n\u00e1zvem Z\u00e1mky punku?, kter\u00fd vych\u00e1z\u00ed z nepsan\u00e9  hymny pank\u00e1\u010d\u016f od skupiny Visac\u00ed Z\u00e1mek. V parafr\u00e1zi p\u00edsn\u011b Zn\u00e1mka punku se  vrac\u00ed k d\u016fvod\u016fm, pro\u010d v\u011bt\u0161ina voli\u010d\u016f necht\u011bla \u201ekn\u00ed\u017eete&#8220; za sv\u00e9ho  prezidenta.<\/span><\/p>\n<p><em>\u201eJukal na n\u00e1s z novin jako hodnej str\u00fd\u010dek,<\/em><br \/>\n<em>myslel si \u017ee to je zn\u00e1mka punku.<\/em><br \/>\n<em>A kdo do n\u011bj vid\u011bl to prej je jen s\u00fd\u010dek,<\/em><br \/>\n<em>myslel si \u017ee je to zn\u00e1mka punku.<\/em><br \/>\n<em>V\u017edy mu v\u0161echno pro\u0161lo je takovej sv\u016fj,<\/em><br \/>\n<em>myslel si \u017ee to je zn\u00e1mka punku.<\/em><br \/>\n<em>Neznal ani starou pecku Kde <a id=\"anchorbbtBubble89\">domov<\/a> m\u016fj&#8220;.<\/em><\/p>\n<p>Ministr zahrani\u010dn\u00edch v\u011bc\u00ed Karel Schwarzenberg le\u017e\u00ed Ladislavu Jaklovi v  \u017ealudku u\u017e p\u011bkn\u011b dlouho, podobn\u011b jako V\u00e1clavu Klausovi. Oba svorn\u011b  kritizuj\u00ed p\u0159edev\u0161\u00edm jeho politiku a vystupov\u00e1n\u00ed za hranicemi \u010cesk\u00e9  republiky.<\/p>\n<p>I kdy\u017e text proti Schwarzenbergovi vis\u00ed na str\u00e1nk\u00e1ch Ladislava Jakla, autor zat\u00edm nen\u00ed zn\u00e1m\u00fd. Nese toti\u017e podpis \u201enezn\u00e1m\u00fd autor&#8220;.<\/p>\n<p>Anonymn\u00ed liter\u00e1t si v textu neodpustil ani zm\u00ednku o <a id=\"anchorbbtBubble148\">historii<\/a> rodiny Karla Schwarzenberga. Kritici \u201ekn\u00ed\u017eeti&#8220; neust\u00e1le dokola om\u00edlali  \u00fadajnou nacistickou minulost jeho tch\u00e1na, stejn\u011b jako \u010dlenstv\u00ed jeho otce  v kolaborantsk\u00e9 organizaci Vlajka.<\/p>\n<p>Schwarzenberg se v\u016f\u010di t\u011bmto v\u00fdtk\u00e1m sna\u017e\u00ed br\u00e1nit tvrzen\u00edm, \u017ee jeho  otec opustil Vlajku, kdy\u017e m\u011bl pochybnosti o tom, zda nekolaboruje s  nacisty. Za \u201ekn\u00ed\u017eete&#8220; se postavila tak\u00e9 jeho man\u017eelka Therese, kter\u00e1 ji\u017e  d\u0159\u00edve uvedla, \u017ee se Schwarzenberg nikdy nedok\u00e1zal shodnout s n\u00e1zory  sv\u00e9ho tch\u00e1na, jej\u00edho otce.<\/p>\n<p>Ladislav Jakl zast\u00e1v\u00e1 krom\u011b funkce tajemn\u00edka prezidenta tak\u00e9 \u0159editele  politick\u00e9ho odboru na Hrad\u011b. Na ob\u011b funkce hodl\u00e1 rezignovat s odchodem  V\u00e1clava Klause. S\u00e1m se cht\u011bl st\u00e1t nov\u00fdm \u010desk\u00fdm prezidentem, ale nedal  dohromady 50 tis\u00edc podpis\u016f a z voleb odstoupil.<\/p>\n<p><strong>Vendula Fi\u017eov\u00e1<\/strong><\/p>\n<p><a href=\"http:\/\/www.denik.cz\/z_domova\/tajemnik-jakl-napadl-schwarzenberga-parafrazi-hymny-pankacu-20130130.html\" target=\"_blank\">Zdroj<\/a><strong><br \/>\n<\/strong><\/p>\n<p><\/span><\/p>\n","protected":false},"excerpt":{"rendered":"<p>V\u00e1\u0161n\u011b v t\u00e1borech p\u0159\u00edznivc\u016f obou finalist\u016f v boji o Hrad neopadaj\u00ed ani p\u00e1t\u00fd den po zvolen\u00ed nov\u00e9ho \u010desk\u00e9ho prezidenta. Tentokr\u00e1t se ter\u010dem stal Karel Schwarzenberg, kter\u00e9ho ost\u0159e napadl tajemn\u00edk dosluhuj\u00edc\u00edho prezidenta V\u00e1clava Klause Ladislav Jakl.<\/p>\n","protected":false},"author":1,"featured_media":0,"comment_status":"open","ping_status":"open","sticky":false,"template":"","format":"standard","meta":{"ngg_post_thumbnail":0,"footnotes":""},"categories":[11],"tags":[],"class_list":["post-3537","post","type-post","status-publish","format-standard","hentry","category-ozvena"],"_links":{"self":[{"href":"https:\/\/www.ladislavjakl.cz\/index.php?rest_route=\/wp\/v2\/posts\/3537","targetHints":{"allow":["GET"]}}],"collection":[{"href":"https:\/\/www.ladislavjakl.cz\/index.php?rest_route=\/wp\/v2\/posts"}],"about":[{"href":"https:\/\/www.ladislavjakl.cz\/index.php?rest_route=\/wp\/v2\/types\/post"}],"author":[{"embeddable":true,"href":"https:\/\/www.ladislavjakl.cz\/index.php?rest_route=\/wp\/v2\/users\/1"}],"replies":[{"embeddable":true,"href":"https:\/\/www.ladislavjakl.cz\/index.php?rest_route=%2Fwp%2Fv2%2Fcomments&post=3537"}],"version-history":[{"count":1,"href":"https:\/\/www.ladislavjakl.cz\/index.php?rest_route=\/wp\/v2\/posts\/3537\/revisions"}],"predecessor-version":[{"id":3538,"href":"https:\/\/www.ladislavjakl.cz\/index.php?rest_route=\/wp\/v2\/posts\/3537\/revisions\/3538"}],"wp:attachment":[{"href":"https:\/\/www.ladislavjakl.cz\/index.php?rest_route=%2Fwp%2Fv2%2Fmedia&parent=3537"}],"wp:term":[{"taxonomy":"category","embeddable":true,"href":"https:\/\/www.ladislavjakl.cz\/index.php?rest_route=%2Fwp%2Fv2%2Fcategories&post=3537"},{"taxonomy":"post_tag","embeddable":true,"href":"https:\/\/www.ladislavjakl.cz\/index.php?rest_route=%2Fwp%2Fv2%2Ftags&post=3537"}],"curies":[{"name":"wp","href":"https:\/\/api.w.org\/{rel}","templated":true}]}}