{"id":3539,"date":"2013-01-31T13:56:59","date_gmt":"2013-01-31T12:56:59","guid":{"rendered":"http:\/\/www.ladislavjakl.cz\/?p=3539"},"modified":"2013-01-31T13:57:13","modified_gmt":"2013-01-31T12:57:13","slug":"prezidentuv-poradce-jakl-napsal-dost-drsnou-pisen-na-knizete","status":"publish","type":"post","link":"https:\/\/www.ladislavjakl.cz\/?p=3539","title":{"rendered":"Prezident\u016fv poradce Jakl: Napsal dost drsnou p\u00edse\u0148 na kn\u00ed\u017eete"},"content":{"rendered":"<p>U\u017e jsme si bohu\u017eel zvykli na nejr\u016fzn\u011bj\u0161\u00ed kontroverzn\u00ed v\u00fdstupy poradce  dosluhuj\u00edc\u00edho prezidenta V\u00e1clava Klause, rockera Ladislava Jakla. Te\u010f k  nim p\u0159idal text p\u00edsn\u011b na Karla Schwarzenberga.<\/p>\n<p><!--more--><\/p>\n<p>Jakl, stejn\u011b jako cel\u00e1 rodina V\u00e1clava Klause v\u010detn\u011b Livie a V\u00e1clava  Klause ml., b\u011bhem cel\u00e9 prezidentsk\u00e9 kampan\u011b kritizoval Karla  Schwarzenberga za ne\u010deskou man\u017eelku a dlouh\u00e1 l\u00e9ta str\u00e1ven\u00e1 v zahrani\u010d\u00ed.  Tajemn\u00edk, kter\u00fd je sou\u010dasn\u011b tak\u00e9 p\u0159\u00edle\u017eitostn\u00fd rocker, proslul pon\u011bkud  nacionalistick\u00fdmi v\u00fdroky.<\/p>\n<p>By\u0165 se d\u011bl\u00e1 velk\u00fdm vlastencem, u voleb v prvn\u00edm kole nebyl, jak  p\u0159iznal v rozhovoru pro MF Dnes, v druh\u00e9m se chystal. Schwarzenberga ale  volit odm\u00edtl. Pr\u00fd necht\u011bl prezidenta, kter\u00fd neum\u00ed slova \u010desk\u00e9 hymny.<\/p>\n<p>Ani zvolen\u00ed Milo\u0161e Zemana prezidentem Jaklovu kritiku na adresu  kn\u00ed\u017eete nezastavilo. Naopak si p\u0159isadil a na sv\u00fdch str\u00e1nk\u00e1ch zve\u0159ejnil  p\u0159ed\u011blan\u00fd text slavn\u00e9ho hitu skupiny Visac\u00ed z\u00e1mek Zn\u00e1mka punku. Nar\u00e1\u017e\u00ed  tak na kampa\u0148, v n\u00ed\u017e byl Schwarzenberg (75) zpodob\u0148ov\u00e1n jako pank\u00e1\u010d Sid  Vicious z legend\u00e1rn\u00ed kapely Sex Pistols.<\/p>\n<p><strong>P\u0159ed\u011blan\u00fd text p\u00edsn\u011b Zn\u00e1mka punku<\/strong><\/p>\n<p>Nechal si vyrobit placky s \u010d\u00edrem<br \/>\nMyslel si \u017ee je to zn\u00e1mka punku<\/p>\n<p>Mluvil jako kdyby \u017ev\u00fdkal housku se s\u00fdrem<br \/>\nMyslel si \u017ee je to zn\u00e1mka punku<br \/>\nChlubil se z\u00e1mkem s mostem padac\u00edm<br \/>\nMyslel si \u017ee je to zn\u00e1mka punku<br \/>\nJen\u017ee si ho poplet se Z\u00e1mkem visac\u00edm<br \/>\nMyslel si \u017ee je to zn\u00e1mka punku<\/p>\n<p>Ale holky \u0159\u00edkaly<br \/>\n\u017de punk je jinde<br \/>\nAle holky \u0159\u00edkaly<br \/>\nNo to snad nen\u00ed mo\u017en\u00fd<\/p>\n<p>V rodokmenu skr\u00fdval p\u011bkn\u00fd n\u00e1cky<br \/>\nMyslel si \u017ee je to zn\u00e1mka punku<br \/>\nKdy\u017e to na n\u011bj prasklo cht\u011bl rozd\u00e1vat facky<br \/>\nMyslel si \u017ee je to zn\u00e1mka punku<br \/>\nPov\u00eddal \u017ee hlup\u00e1k je kdo za vlast um\u00edr\u00e1<br \/>\nMyslel si \u017ee to je zn\u00e1mka punku<br \/>\nPodp\u00edrat se nechal od rudocha Dynstb\u00edra<br \/>\nMyslel si \u017ee to je zn\u00e1mka punku<\/p>\n<p>Ale holky \u0159\u00edkaly<br \/>\n\u017de punk je jinde<br \/>\nAle holky \u0159\u00edkaly<br \/>\nNo to snad nen\u00ed mo\u017en\u00fd<\/p>\n<p>No ale kdo nen\u00ed<br \/>\nBo\u017e\u00ed nad\u011blen\u00ed<br \/>\nNed\u011blejme z voli\u010de tupce<br \/>\nNo ale kdo nen\u00ed<br \/>\nBo\u017e\u00ed nad\u011blen\u00ed<br \/>\nI ply\u0161ovej Karel m\u00e1 sv\u00fdho kupce<\/p>\n<p>Jukal na n\u00e1s z novin jako hodnej str\u00fd\u010dek<br \/>\nMyslel si \u017ee to je zn\u00e1mka punku<br \/>\nA kdo do n\u011bj vid\u011bl to prej je jen s\u00fd\u010dek<br \/>\nMyslel si \u017ee je to zn\u00e1mka punku<br \/>\nV\u017edy mu v\u0161echno pro\u0161lo je takovej sv\u016fj<br \/>\nMyslel si \u017ee to je zn\u00e1mka punku<br \/>\nNeznal ani starou pecku Kde domov m\u016fj<br \/>\nMyslel si \u017ee to je zn\u00e1mka punku<\/p>\n<p>Ale lidi \u0159\u00edkali<br \/>\n\u017de punk je jinde<br \/>\nAle lidi \u0159\u00edkali<br \/>\n\u017de punk je jinde<br \/>\nAle lidi \u0159\u00edkali<br \/>\n\u017de punk je jinde<\/p>\n<p><a href=\"http:\/\/www.blesk.cz\/clanek\/zpravy-volba-prezidenta\/189981\/prezidentuv-poradce-jakl-napsal-dost-drsnou-pisen-na-knizete.html\" target=\"_blank\">Zdroj<\/a><\/p>\n","protected":false},"excerpt":{"rendered":"<p>U\u017e jsme si bohu\u017eel zvykli na nejr\u016fzn\u011bj\u0161\u00ed kontroverzn\u00ed v\u00fdstupy poradce dosluhuj\u00edc\u00edho prezidenta V\u00e1clava Klause, rockera Ladislava Jakla. Te\u010f k nim p\u0159idal text p\u00edsn\u011b na Karla Schwarzenberga.<\/p>\n","protected":false},"author":1,"featured_media":0,"comment_status":"open","ping_status":"open","sticky":false,"template":"","format":"standard","meta":{"ngg_post_thumbnail":0,"footnotes":""},"categories":[11],"tags":[],"class_list":["post-3539","post","type-post","status-publish","format-standard","hentry","category-ozvena"],"_links":{"self":[{"href":"https:\/\/www.ladislavjakl.cz\/index.php?rest_route=\/wp\/v2\/posts\/3539","targetHints":{"allow":["GET"]}}],"collection":[{"href":"https:\/\/www.ladislavjakl.cz\/index.php?rest_route=\/wp\/v2\/posts"}],"about":[{"href":"https:\/\/www.ladislavjakl.cz\/index.php?rest_route=\/wp\/v2\/types\/post"}],"author":[{"embeddable":true,"href":"https:\/\/www.ladislavjakl.cz\/index.php?rest_route=\/wp\/v2\/users\/1"}],"replies":[{"embeddable":true,"href":"https:\/\/www.ladislavjakl.cz\/index.php?rest_route=%2Fwp%2Fv2%2Fcomments&post=3539"}],"version-history":[{"count":2,"href":"https:\/\/www.ladislavjakl.cz\/index.php?rest_route=\/wp\/v2\/posts\/3539\/revisions"}],"predecessor-version":[{"id":3541,"href":"https:\/\/www.ladislavjakl.cz\/index.php?rest_route=\/wp\/v2\/posts\/3539\/revisions\/3541"}],"wp:attachment":[{"href":"https:\/\/www.ladislavjakl.cz\/index.php?rest_route=%2Fwp%2Fv2%2Fmedia&parent=3539"}],"wp:term":[{"taxonomy":"category","embeddable":true,"href":"https:\/\/www.ladislavjakl.cz\/index.php?rest_route=%2Fwp%2Fv2%2Fcategories&post=3539"},{"taxonomy":"post_tag","embeddable":true,"href":"https:\/\/www.ladislavjakl.cz\/index.php?rest_route=%2Fwp%2Fv2%2Ftags&post=3539"}],"curies":[{"name":"wp","href":"https:\/\/api.w.org\/{rel}","templated":true}]}}