{"id":3542,"date":"2013-01-31T14:01:30","date_gmt":"2013-01-31T13:01:30","guid":{"rendered":"http:\/\/www.ladislavjakl.cz\/?p=3542"},"modified":"2013-01-31T14:01:30","modified_gmt":"2013-01-31T13:01:30","slug":"klausuv-muz-jakl-slozil-pisen-o-knizeti-v-rodokmenu-skryval-pekny-nacky","status":"publish","type":"post","link":"https:\/\/www.ladislavjakl.cz\/?p=3542","title":{"rendered":"Klaus\u016fv mu\u017e Jakl slo\u017eil p\u00edse\u0148 o kn\u00ed\u017eeti: V rodokmenu skr\u00fdval p\u011bkn\u00fd n\u00e1cky"},"content":{"rendered":"<p>Ladislav Jakl zve\u0159ejnil na sv\u00fdch internetov\u00fdch  str\u00e1nk\u00e1ch text, kter\u00fdm se ost\u0159e op\u0159el do ne\u00fasp\u011b\u0161n\u00e9ho prezidentsk\u00e9ho  kandid\u00e1ta Karla Schwarzenberga.<\/p>\n<p><!--more-->Punkov\u00e1 podoba Karla Schwarzenberga oslovila v prezidentsk\u00e9  kampani velk\u00e9 mno\u017estv\u00ed lid\u00ed. Placku, na kter\u00e9 byl Karel s \u010d\u00edrem na  hlav\u011b, nosili p\u0159ed volbami na klop\u011b zejm\u00e9na mlad\u00ed.<\/p>\n<p>Te\u010f se ale t\u00e9to stylizaci drsn\u011b vysm\u00e1l tajemn\u00edk prezidenta republiky  V\u00e1clava Klause Ladislav Jakl. Ten p\u0159ed\u011blal obl\u00edben\u00fd text kapely Visac\u00ed  z\u00e1mek Zn\u00e1mka punku a vyv\u011bsil ho na sv\u00fdch str\u00e1nk\u00e1ch.<\/p>\n<p>A p\u0159edsedu TOP 09 nikterak ne\u0161et\u0159il. V textu se objevuj\u00ed ver\u0161e  jako: &#8222;V rodokmenu skr\u00fdval p\u011bkn\u00fd n\u00e1cky\u201c, &#8222;Podp\u00edrat se nechal od rudocha  Dynstb\u00edra\u201c nebo &#8222;Neznal ani starou pecku Kde domov m\u016fj.\u201c<\/p>\n<p>Nikde v textu se sice Schwarzenbergovo jm\u00e9no v\u00fdslovn\u011b nezmi\u0148uje, ale  \u017ee se Jakl nav\u00e1\u017e\u00ed do kn\u00ed\u017eete, je zcela jasn\u00e9. Ladislav Jakl se s\u00e1m  uch\u00e1zel o post prezidenta. Jen\u017ee nasb\u00edral jen 10 tis\u00edc podpis\u016f, a tak  m\u011bl sm\u016flu.<\/p>\n<p>Karel Schwarzenberg pob\u00fdval ve st\u0159edu v  Bruselu, tak\u017ee o Jaklov\u011b texta\u0159sk\u00e9 kreativit\u011b nic nev\u011bd\u011bl, upozornilo ho  na ni a\u017e TN.cz. &#8222;Nevid\u011bl jsem to je\u0161t\u011b, ani ne\u010detl. No jo, pak Jakl, to  je mil\u00e1\u010dek. Zat\u00edm to komentovat nebudu,&#8220; odpov\u011bd\u011bl ministr zahrani\u010d\u00ed a  vicepremi\u00e9r na dotaz TN.cz.<\/p>\n<p><strong>Cel\u00fd text Jaklovy p\u00edsn\u011b:<\/p>\n<p><\/strong><\/p>\n<p><em>Nechal si vyrobit placky s \u010d\u00edrem<br \/>\nMyslel si \u017ee je to zn\u00e1mka punku<\/p>\n<p><\/em><\/p>\n<p><em>Mluvil jako kdyby \u017ev\u00fdkal housku se s\u00fdrem<br \/>\nMyslel si \u017ee je to zn\u00e1mka punku<br \/>\nChlubil se z\u00e1mkem s mostem padac\u00edm<br \/>\nMyslel si \u017ee je to zn\u00e1mka punku<br \/>\nJen\u017ee si ho poplet se Z\u00e1mkem visac\u00edm<br \/>\nMyslel si \u017ee je to zn\u00e1mka punku<\/p>\n<p><\/em><\/p>\n<p><em>Ale holky \u0159\u00edkaly<br \/>\n\u017de punk je jinde<br \/>\nAle holky \u0159\u00edkaly<br \/>\nNo to snad nen\u00ed mo\u017en\u00fd<\/p>\n<p><\/em><\/p>\n<p><em>V rodokmenu skr\u00fdval p\u011bkn\u00fd n\u00e1cky<br \/>\nMyslel si \u017ee je to zn\u00e1mka punku<br \/>\nKdy\u017e to na n\u011bj prasklo cht\u011bl rozd\u00e1vat facky<br \/>\nMyslel si \u017ee je to zn\u00e1mka punku<br \/>\nPov\u00eddal \u017ee hlup\u00e1k je kdo za vlast um\u00edr\u00e1<br \/>\nMyslel si \u017ee to je zn\u00e1mka punku<br \/>\nPodp\u00edrat se nechal od rudocha Dynstb\u00edra<br \/>\nMyslel si \u017ee to je zn\u00e1mka punku<\/p>\n<p><\/em><\/p>\n<p><em>Ale holky \u0159\u00edkaly<br \/>\n\u017de punk je jinde<br \/>\nAle holky \u0159\u00edkaly<br \/>\nNo to snad nen\u00ed mo\u017en\u00fd<\/p>\n<p><\/em><\/p>\n<p><em>No ale kdo nen\u00ed<br \/>\nBo\u017e\u00ed nad\u011blen\u00ed<br \/>\nNed\u011blejme z voli\u010de tupce<br \/>\nNo ale kdo nen\u00ed<br \/>\nBo\u017e\u00ed nad\u011blen\u00ed<br \/>\nI ply\u0161ovej Karel m\u00e1 sv\u00fdho kupce<\/p>\n<p><\/em><\/p>\n<p><em>Jukal na n\u00e1s z novin jako hodnej str\u00fd\u010dek<br \/>\nMyslel si \u017ee to je zn\u00e1mka punku<br \/>\nA kdo do n\u011bj vid\u011bl to prej je jen s\u00fd\u010dek<br \/>\nMyslel si \u017ee je to zn\u00e1mka punku<br \/>\nV\u017edy mu v\u0161echno pro\u0161lo je takovej sv\u016fj<br \/>\nMyslel si \u017ee to je zn\u00e1mka punku<br \/>\nNeznal ani starou pecku Kde domov m\u016fj<br \/>\nMyslel si \u017ee to je zn\u00e1mka punku<\/p>\n<p><\/em><\/p>\n<p><em>Ale lidi \u0159\u00edkali<br \/>\n\u017de punk je jinde<br \/>\nAle lidi \u0159\u00edkali<br \/>\n\u017de punk je jinde<br \/>\nAle lidi \u0159\u00edkali<br \/>\n\u017de punk je jinde<\/p>\n<p><\/em><\/p>\n<p><em>nezn\u00e1m\u00fd pank\u00e1\u010d<\/em><\/p>\n<p><em><a href=\"http:\/\/tn.nova.cz\/zpravy\/prezidentske-volby\/jak-slozil-pisen-o-karlu-schwarzenbergovi-v-rodokmenu-skryval-pekny-nacky.html\" target=\"_blank\">Zdroj<\/a><br \/>\n<\/em><\/p>\n","protected":false},"excerpt":{"rendered":"<p>Ladislav Jakl zve\u0159ejnil na sv\u00fdch internetov\u00fdch str\u00e1nk\u00e1ch text, kter\u00fdm se ost\u0159e op\u0159el do ne\u00fasp\u011b\u0161n\u00e9ho prezidentsk\u00e9ho kandid\u00e1ta Karla Schwarzenberga.<\/p>\n","protected":false},"author":1,"featured_media":0,"comment_status":"open","ping_status":"open","sticky":false,"template":"","format":"standard","meta":{"ngg_post_thumbnail":0,"footnotes":""},"categories":[11],"tags":[],"class_list":["post-3542","post","type-post","status-publish","format-standard","hentry","category-ozvena"],"_links":{"self":[{"href":"https:\/\/www.ladislavjakl.cz\/index.php?rest_route=\/wp\/v2\/posts\/3542","targetHints":{"allow":["GET"]}}],"collection":[{"href":"https:\/\/www.ladislavjakl.cz\/index.php?rest_route=\/wp\/v2\/posts"}],"about":[{"href":"https:\/\/www.ladislavjakl.cz\/index.php?rest_route=\/wp\/v2\/types\/post"}],"author":[{"embeddable":true,"href":"https:\/\/www.ladislavjakl.cz\/index.php?rest_route=\/wp\/v2\/users\/1"}],"replies":[{"embeddable":true,"href":"https:\/\/www.ladislavjakl.cz\/index.php?rest_route=%2Fwp%2Fv2%2Fcomments&post=3542"}],"version-history":[{"count":2,"href":"https:\/\/www.ladislavjakl.cz\/index.php?rest_route=\/wp\/v2\/posts\/3542\/revisions"}],"predecessor-version":[{"id":3544,"href":"https:\/\/www.ladislavjakl.cz\/index.php?rest_route=\/wp\/v2\/posts\/3542\/revisions\/3544"}],"wp:attachment":[{"href":"https:\/\/www.ladislavjakl.cz\/index.php?rest_route=%2Fwp%2Fv2%2Fmedia&parent=3542"}],"wp:term":[{"taxonomy":"category","embeddable":true,"href":"https:\/\/www.ladislavjakl.cz\/index.php?rest_route=%2Fwp%2Fv2%2Fcategories&post=3542"},{"taxonomy":"post_tag","embeddable":true,"href":"https:\/\/www.ladislavjakl.cz\/index.php?rest_route=%2Fwp%2Fv2%2Ftags&post=3542"}],"curies":[{"name":"wp","href":"https:\/\/api.w.org\/{rel}","templated":true}]}}