{"id":3545,"date":"2013-01-31T14:05:03","date_gmt":"2013-01-31T13:05:03","guid":{"rendered":"http:\/\/www.ladislavjakl.cz\/?p=3545"},"modified":"2013-01-31T14:11:53","modified_gmt":"2013-01-31T13:11:53","slug":"ladislav-jakl-vyhrnute-nohavice-uz-okusuji-i-ods","status":"publish","type":"post","link":"https:\/\/www.ladislavjakl.cz\/?p=3545","title":{"rendered":"Ladislav Jakl: Vyhrnut\u00e9 nohavice u\u017e okusuj\u00ed i ODS"},"content":{"rendered":"<p>Ladislav Jakl, tajemn\u00edk dosluhuj\u00edc\u00edho prezidenta Klause v Zemanovi svobodu nena\u0161el.  Nem\u00e1 chu\u0165 ani pot\u0159ebu nov\u00e9mu prezidentovi radit. Jakl se tak\u00e9 ob\u00e1v\u00e1, \u017ee Zeman m\u016f\u017ee uzav\u00edrat  v r\u00e1mci EU pro  n\u00e1s nev\u00fdhodn\u00e9 smlouvy. Na druhou stranu m\u00e1 ale tajemn\u00edk radost, \u017ee v kauze amnestie do\u0161lo na jeho slova.<br \/>\n<!--more--><br \/>\n<img loading=\"lazy\" decoding=\"async\" class=\"aligncenter\" src=\"http:\/\/www.viposobnosti.eu\/obrazek\/2\/ladislav-jakl-tajemnik-kandidat-na-prezidenta-385\/\" alt=\"\" width=\"227\" height=\"294\" \/><br \/>\nJe po volb\u00e1ch, karty jsou rozd\u00e1ny. Jak hodnot\u00edte v\u00fdsledek?<\/p>\n<p>Voli\u010d porazil m\u00e9dia.<\/p>\n<p>Na\u0161el jste v Zemanovi svoji o\u010dek\u00e1vanou svobodu?<\/p>\n<p>Ale v\u016fbec ne, je to levi\u010d\u00e1k jako \u0159emen.<\/p>\n<p>Milo\u0161 Zeman je\u0161t\u011b nen\u00ed na Hrad\u011b a u\u017e trous\u00ed kolem sebe populismus. Bude podle V\u00e1s sjednotitel nebo rozvratn\u00fd prvek pro nekomunistickou levici?<\/p>\n<p>J\u00e1 p\u0159esn\u011b nev\u00edm, co to vlastn\u011b je populismus. Bezhlav\u00e1 kritika amnestie asi ano. Mysl\u00edm ale, \u017ee nekomunistick\u00e9 levici sp\u00ed\u0161 Zeman pom\u016f\u017ee. Moment\u00e1ln\u011b ji rdous\u00ed virus vyhrnut\u00fdch nohavic. Ten jak se zakousne do jak\u00e9koli strany, za chv\u00edli ji p\u0159ivede na jednotku intenz\u00edvn\u00ed p\u00e9\u010de. V tom m\u016f\u017ee b\u00fdt Zeman pro levici jistou z\u00e1chranou. Do ODS se tento virus ostatn\u011b u\u017e tak\u00e9 p\u00e1rkr\u00e1t zakousl a m\u00e1lem skon\u010dila. Moment\u00e1ln\u011b ji okusuje nap\u0159\u00edklad v Plzni. V tom si ale ODS mus\u00ed pomoci sama.<\/p>\n<p>V \u010dem se budou Klaus a Zeman podle v\u00e1s li\u0161it?<\/p>\n<p>Skoro ve v\u0161em. Krom\u011b jedin\u00e9 v\u011bci: oba respektuj\u00ed politiku jako souboj pravice a levice. Zat\u00edmco v t\u011bchto volb\u00e1ch hrozilo, \u017ee vyhraj\u00ed s\u00edly, kter\u00e9 cht\u011bj\u00ed tento souboj nav\u017edy zru\u0161it a nahradit ho vl\u00e1dou z\u00e1jmov\u00fdch elit.<\/p>\n<p>Bezpochyby budou vztahy mezi m\u00e9dii a Milo\u0161em Zemanem v n\u011b\u010dem obdobn\u00e9 jako mezi m\u00e9dii a V\u00e1clavem Klausem. Pokud byste byl ochoten nov\u00e9mu prezidentovi poradit a on by V\u00e1s byl ochoten vysly\u0161et, v \u010dem byste mu doporu\u010dil zm\u011bnit jeho sou\u010dastn\u00fd pohled na m\u00e9dia?<\/p>\n<p>Ne. J\u00e1 mu ochoten radit nejsem. A\u0165 si to p\u011bkn\u011b vypije.<\/p>\n<p>Zeman je naklon\u011bn EU, jak\u00fd to m\u016f\u017ee m\u00edt pro n\u00e1s dopad?<\/p>\n<p>M\u016f\u017ee n\u00e1s zavl\u00e9ci do smluv pro ob\u010dany \u010cesk\u00e9 republiky krajn\u011b nev\u00fdhodn\u00fdch.<\/p>\n<p>M\u00e1te na mysli n\u011bjak\u00e9 konkr\u00e9tn\u00ed?<\/p>\n<p>ESM, bankovn\u00ed unie, fisk\u00e1ln\u00ed pakt. A pohrnou se dal\u0161\u00ed a dal\u0161\u00ed.<\/p>\n<p>Jak\u00fd je v\u00e1\u0161 n\u00e1zor na to, \u017ee n\u011bkter\u00e9 celebrity a mlad\u00ed lid\u00e9 cht\u011bj\u00ed emigrovat?<\/p>\n<p>Demokrata pozn\u00e1te podle toho, \u017ee respektuje demokracii i tehdy, pokud p\u0159inese i takov\u00e9 plody, kter\u00e9 mu nechutnaj\u00ed.<\/p>\n<p>M\u016f\u017ee budou prezident opravdu roz\u010de\u0159it politick\u00e9 vody, resp. jsou na m\u00edst\u011b Ne\u010dasovy, \u010di Kalouskovy obavy o p\u00e1d vl\u00e1dy?<\/p>\n<p>Mysl\u00edm, \u017ee v\u0161ichni, kdo tak horovali za p\u0159\u00edmou volbu, budou brzy ho\u0159ce litovat. A to ne speci\u00e1ln\u011b kv\u016fli Zemanovi, kter\u00fd se u\u017e nyn\u00ed za\u010d\u00edn\u00e1 chovat, jako kdybychom \u017eili v prezidentsk\u00e9m syst\u00e9mu. On by se tak toti\u017e choval ka\u017ed\u00fd p\u0159\u00edmo volen\u00fd prezident. P\u0159esn\u011b p\u0159ed t\u00edm jsem varoval u\u017e p\u0159ed lety: \u017ee p\u0159\u00edmo zvolen\u00fd prezident bude c\u00edtit siln\u011bj\u0161\u00ed mand\u00e1t ne\u017e vl\u00e1da a parlament dohromady a p\u016fjde do konfliktu s nimi hlavanehlava. Je\u0161t\u011b budou v\u0161ichni vzpom\u00ednat na krotk\u00e9ho, zdr\u017eenliv\u00e9ho a konstruktivn\u00edho V\u00e1clava Klause.<\/p>\n<p>Tak\u00e9 amnestie vyvolala velk\u00fd rozruch. N\u011bkte\u0159\u00ed podnikatel\u00e9, nap\u0159. Stanislav Bernard si z &#8222;Klausovy amnestie&#8220; ud\u011blali marketingovou propagaci a to tak, \u017ee na sv\u00fdch plag\u00e1tech m\u00e1  karikaturu, kdy hlava st\u00e1tu zamet\u00e1 probl\u00e9my pod koberec. Je to podle v\u00e1s d\u016fstojn\u00e9 v\u016f\u010di prezidentovi, nebo si za &#8222;zesm\u011b\u0161\u0148ov\u00e1n\u00ed&#8220; m\u016f\u017ee Klaus s\u00e1m?<\/p>\n<p>Je to chytr\u00e9 nadb\u00edh\u00e1n\u00ed aktu\u00e1n\u00ed v\u011bt\u0161inov\u00e9 n\u00e1lad\u011b. U reklamy pochopiteln\u00e9. Hor\u0161\u00ed je, \u017ee takto nadb\u00edhaj\u00ed i mnoz\u00ed politici, kte\u0159\u00ed dob\u0159e v\u011bd\u00ed, \u017ee se amnestie t\u00fdk\u00e1 32 tis\u00edc p\u0159\u00edpad\u016f \u010dasto zni\u010den\u00fdch lidsk\u00fdch osud\u016f prost\u00fdch lid\u00ed, ne patn\u00e1cti vybran\u00fdch a medi\u00e1ln\u011b obl\u00edben\u00fdch. Politici by m\u011bli v\u011bd\u011bt, \u017ee podobn\u00fd sign\u00e1l na\u0161e justice pot\u0159ebovala jako s\u016fl.<\/p>\n<p>O tom, jak pracuj\u00ed m\u00e9dia se ale v\u00ed dlouho. S t\u00edm se muselo po\u010d\u00edtat. Pro\u010d n\u011bkdo jasn\u011b nevysv\u011btlil na za\u010d\u00e1tku exaktn\u011b z\u00e1m\u011br amnestie, aby se p\u0159ede\u0161lo tomuto chaosu jak mezi lidmi, tak nakonec i soudci?<\/p>\n<p>Kdo vysv\u011btlen\u00ed chce, d\u00e1vno si ho na\u0161el. T\u0159eba v knize, kterou ned\u00e1vno vydal jako svou prvn\u00ed publikaci Institut V\u00e1clava Kause. Nebo v des\u00edtk\u00e1ch odborn\u00fdch ve\u0159ejn\u011b publikovan\u00fdch text\u016f. Potomci krvela\u010dn\u00fdch div\u00e1k\u016f ve\u0159ejn\u00fdch poprav ale \u017e\u00e1dn\u00e9 vysv\u011btlen\u00ed necht\u011bj\u00ed.<\/p>\n<p>Dnes se ukazuje, \u017ee soudci sami pustili v\u011bzn\u011b, kter\u00e9 nem\u011bli. Jak se tato neprofesionalita v\u016fbec mohla objevit na tomto m\u00edst\u011b?<\/p>\n<p>V tak velk\u00e9m po\u010dtu je n\u011bjak\u00e9 promile chybovosti pochopiteln\u00e9. M\u00e9n\u011b u\u017e ch\u00e1pu ten hrozn\u00fd sp\u011bch, se kter\u00fdm se za\u010d\u00e1tkem ledna o propou\u0161t\u011bn\u00ed rozhodovalo. Nakonec ale dnes doch\u00e1z\u00ed na na\u0161e slova, kter\u00e1 jsme \u0159\u00edkali, kdy\u017e n\u00e1s ml\u00e1tili po hlav\u011b, \u017ee ten a ten lump se dostal ven, a my tvrdili, \u017ee na n\u011bj se p\u0159ece amnestie nevztahuje, \u017ee ho n\u011bkdo musel pustit omylem. A vida, je to tak.<br \/>\n<a href=\"http:\/\/www.viposobnosti.eu\/inpage\/ladislav-jakl-vyhrnute-nohavice-uz-okusuji-i-ods\/\" target=\"_blank\">Zdroj<\/a><\/p>\n","protected":false},"excerpt":{"rendered":"<p>Ladislav Jakl, tajemn\u00edk dosluhuj\u00edc\u00edho prezidenta Klause v Zemanovi svobodu nena\u0161el. Nem\u00e1 chu\u0165 ani pot\u0159ebu nov\u00e9mu prezidentovi radit. Jakl se tak\u00e9 ob\u00e1v\u00e1, \u017ee Zeman m\u016f\u017ee uzav\u00edrat v r\u00e1mci EU pro n\u00e1s nev\u00fdhodn\u00e9 smlouvy. Na druhou stranu m\u00e1 ale tajemn\u00edk radost, \u017ee v kauze amnestie do\u0161lo na jeho slova.<\/p>\n","protected":false},"author":1,"featured_media":0,"comment_status":"open","ping_status":"open","sticky":false,"template":"","format":"standard","meta":{"ngg_post_thumbnail":0,"footnotes":""},"categories":[13],"tags":[],"class_list":["post-3545","post","type-post","status-publish","format-standard","hentry","category-rozhovory"],"_links":{"self":[{"href":"https:\/\/www.ladislavjakl.cz\/index.php?rest_route=\/wp\/v2\/posts\/3545","targetHints":{"allow":["GET"]}}],"collection":[{"href":"https:\/\/www.ladislavjakl.cz\/index.php?rest_route=\/wp\/v2\/posts"}],"about":[{"href":"https:\/\/www.ladislavjakl.cz\/index.php?rest_route=\/wp\/v2\/types\/post"}],"author":[{"embeddable":true,"href":"https:\/\/www.ladislavjakl.cz\/index.php?rest_route=\/wp\/v2\/users\/1"}],"replies":[{"embeddable":true,"href":"https:\/\/www.ladislavjakl.cz\/index.php?rest_route=%2Fwp%2Fv2%2Fcomments&post=3545"}],"version-history":[{"count":3,"href":"https:\/\/www.ladislavjakl.cz\/index.php?rest_route=\/wp\/v2\/posts\/3545\/revisions"}],"predecessor-version":[{"id":3547,"href":"https:\/\/www.ladislavjakl.cz\/index.php?rest_route=\/wp\/v2\/posts\/3545\/revisions\/3547"}],"wp:attachment":[{"href":"https:\/\/www.ladislavjakl.cz\/index.php?rest_route=%2Fwp%2Fv2%2Fmedia&parent=3545"}],"wp:term":[{"taxonomy":"category","embeddable":true,"href":"https:\/\/www.ladislavjakl.cz\/index.php?rest_route=%2Fwp%2Fv2%2Fcategories&post=3545"},{"taxonomy":"post_tag","embeddable":true,"href":"https:\/\/www.ladislavjakl.cz\/index.php?rest_route=%2Fwp%2Fv2%2Ftags&post=3545"}],"curies":[{"name":"wp","href":"https:\/\/api.w.org\/{rel}","templated":true}]}}