{"id":3554,"date":"2013-02-01T11:10:35","date_gmt":"2013-02-01T10:10:35","guid":{"rendered":"http:\/\/www.ladislavjakl.cz\/?p=3554"},"modified":"2013-02-01T11:10:35","modified_gmt":"2013-02-01T10:10:35","slug":"schwarzenberg-schvaluje-konecne-reseni-cikanske-otazky-rict-to-tak-kdokoli-jiny-uz-by-byl-medialne-ukamenovan","status":"publish","type":"post","link":"https:\/\/www.ladislavjakl.cz\/?p=3554","title":{"rendered":"Schwarzenberg schvaluje kone\u010dn\u00e9 \u0159e\u0161en\u00ed cik\u00e1nsk\u00e9 ot\u00e1zky  (\u0159\u00edct to tak kdokoli jin\u00fd, u\u017e by byl medi\u00e1ln\u011b ukamenov\u00e1n)"},"content":{"rendered":"<p>\u00daryvek z vystoupen\u00ed K. Schwarzenberga v po\u0159adu B. Tachec\u00ed  Fakta na televizi Prima, 30. ledna 2012<\/p>\n<p><!--more-->Barbora TACHEC\u00cd: Ve spojen\u00ed s n\u00edm (s Tomiem Okamurou) se objevil term\u00edn tak\u00e9 kone\u010dn\u00e9 \u0159e\u0161en\u00ed cik\u00e1nsk\u00e9 ot\u00e1zky. Proto se na to pt\u00e1m, proto\u017ee je to pan Okamura, kter\u00fd by doporu\u010doval, aby Rom\u016fm byl zp\u0159\u00edstupn\u011bn zvl\u00e1\u0161tn\u00ed st\u00e1t, aby tady v uvozovk\u00e1ch neobt\u011b\u017eovali.<\/p>\n<p>Karel SCHWARZENBERG: Kdyby na\u0161el \u0159e\u0161en\u00ed, tak by to bylo hezk\u00e9. Ov\u0161em kde, pokud pan Okamura v\u00ed m\u00edsto na sv\u011bt\u011b, kter\u00fd by bylo dobrovoln\u011b postoupeno, aby to byl \u017eivotaschopn\u00fd st\u00e1t, tak je to zaj\u00edmav\u00e1 my\u0161lenka. Ale jednou se o n\u011bco podobn\u00e9ho pokusili v devaten\u00e1ct\u00e9m stolet\u00ed Ameri\u010dan\u00e9, kdy\u017e odsunuli \u010d\u00e1st sv\u00fdch otrok\u016f \u010dern\u00fdch, ze \u0161patn\u00fdho sv\u011bdom\u00ed, co co\u017e by n\u00e1m slu\u0161elo taky, vybudovali pro n\u011b st\u00e1t Lib\u00e9rie. Ale s t\u00edm je dodnes pot\u00ed\u017ee.<\/p>\n<p>Tak\u00e9 v roce 39 mysl\u00edm, \u017ee s t\u00edm p\u0159i\u0161li Hitlerovi mu\u017ei pro \u017didy je\u0161t\u011b d\u0159\u00edv, ne\u017e p\u0159i\u0161li s plynov\u00fdmi komorami.<\/p>\n<p>Oni p\u0159i\u0161li na term\u00edn kone\u010dn\u00fd \u0159e\u0161en\u00ed. S vlastn\u00edm st\u00e1tem, nem\u011bli jim co nab\u00eddnout.<\/p>\n<p>Ne. Ne. Ne. P\u0159i\u0161li s my\u0161lenkou vys\u00eddlen\u00ed \u017did\u016f a teprv pak p\u0159i\u0161ly plynov\u00e9 komory, proto\u017ee byly levn\u011bj\u0161\u00ed.<\/p>\n<p>No a pr\u00e1v\u011b hlavn\u011b byli s v\u00e1lkou s cel\u00fdm sv\u011btem, tak u\u017e nebylo kam.<\/p>\n","protected":false},"excerpt":{"rendered":"<p>\u00daryvek z vystoupen\u00ed K. Schwarzenberga v po\u0159adu B. Tachec\u00ed Fakta na televizi Prima, 30. ledna 2012<\/p>\n","protected":false},"author":1,"featured_media":0,"comment_status":"open","ping_status":"open","sticky":false,"template":"","format":"standard","meta":{"ngg_post_thumbnail":0,"footnotes":""},"categories":[19],"tags":[],"class_list":["post-3554","post","type-post","status-publish","format-standard","hentry","category-jakl-leaks"],"_links":{"self":[{"href":"https:\/\/www.ladislavjakl.cz\/index.php?rest_route=\/wp\/v2\/posts\/3554","targetHints":{"allow":["GET"]}}],"collection":[{"href":"https:\/\/www.ladislavjakl.cz\/index.php?rest_route=\/wp\/v2\/posts"}],"about":[{"href":"https:\/\/www.ladislavjakl.cz\/index.php?rest_route=\/wp\/v2\/types\/post"}],"author":[{"embeddable":true,"href":"https:\/\/www.ladislavjakl.cz\/index.php?rest_route=\/wp\/v2\/users\/1"}],"replies":[{"embeddable":true,"href":"https:\/\/www.ladislavjakl.cz\/index.php?rest_route=%2Fwp%2Fv2%2Fcomments&post=3554"}],"version-history":[{"count":2,"href":"https:\/\/www.ladislavjakl.cz\/index.php?rest_route=\/wp\/v2\/posts\/3554\/revisions"}],"predecessor-version":[{"id":3556,"href":"https:\/\/www.ladislavjakl.cz\/index.php?rest_route=\/wp\/v2\/posts\/3554\/revisions\/3556"}],"wp:attachment":[{"href":"https:\/\/www.ladislavjakl.cz\/index.php?rest_route=%2Fwp%2Fv2%2Fmedia&parent=3554"}],"wp:term":[{"taxonomy":"category","embeddable":true,"href":"https:\/\/www.ladislavjakl.cz\/index.php?rest_route=%2Fwp%2Fv2%2Fcategories&post=3554"},{"taxonomy":"post_tag","embeddable":true,"href":"https:\/\/www.ladislavjakl.cz\/index.php?rest_route=%2Fwp%2Fv2%2Ftags&post=3554"}],"curies":[{"name":"wp","href":"https:\/\/api.w.org\/{rel}","templated":true}]}}