{"id":3557,"date":"2013-02-01T11:15:14","date_gmt":"2013-02-01T10:15:14","guid":{"rendered":"http:\/\/www.ladislavjakl.cz\/?p=3557"},"modified":"2013-02-01T11:15:14","modified_gmt":"2013-02-01T10:15:14","slug":"l-jakl-a-pokondr-uplne-nejtezsi","status":"publish","type":"post","link":"https:\/\/www.ladislavjakl.cz\/?p=3557","title":{"rendered":"L. Jakl a Pokondr \u00fapln\u011b nejt\u011b\u017e\u0161\u00ed"},"content":{"rendered":"<p>(Frekvence 1, 30. 1. 013, 9 h)<\/p>\n<p><!--more--><a href=\" http:\/\/www.frekvence1.cz\/pub\/cs\/program\/podcast\/index.shtml?itemId=18556\" target=\"_blank\">Zdroj a zvuk<\/a><\/p>\n","protected":false},"excerpt":{"rendered":"<p>(Frekvence 1, 30. 1. 013, 9 h)<\/p>\n","protected":false},"author":1,"featured_media":0,"comment_status":"open","ping_status":"open","sticky":false,"template":"","format":"standard","meta":{"ngg_post_thumbnail":0,"footnotes":""},"categories":[13],"tags":[],"class_list":["post-3557","post","type-post","status-publish","format-standard","hentry","category-rozhovory"],"_links":{"self":[{"href":"https:\/\/www.ladislavjakl.cz\/index.php?rest_route=\/wp\/v2\/posts\/3557","targetHints":{"allow":["GET"]}}],"collection":[{"href":"https:\/\/www.ladislavjakl.cz\/index.php?rest_route=\/wp\/v2\/posts"}],"about":[{"href":"https:\/\/www.ladislavjakl.cz\/index.php?rest_route=\/wp\/v2\/types\/post"}],"author":[{"embeddable":true,"href":"https:\/\/www.ladislavjakl.cz\/index.php?rest_route=\/wp\/v2\/users\/1"}],"replies":[{"embeddable":true,"href":"https:\/\/www.ladislavjakl.cz\/index.php?rest_route=%2Fwp%2Fv2%2Fcomments&post=3557"}],"version-history":[{"count":2,"href":"https:\/\/www.ladislavjakl.cz\/index.php?rest_route=\/wp\/v2\/posts\/3557\/revisions"}],"predecessor-version":[{"id":3559,"href":"https:\/\/www.ladislavjakl.cz\/index.php?rest_route=\/wp\/v2\/posts\/3557\/revisions\/3559"}],"wp:attachment":[{"href":"https:\/\/www.ladislavjakl.cz\/index.php?rest_route=%2Fwp%2Fv2%2Fmedia&parent=3557"}],"wp:term":[{"taxonomy":"category","embeddable":true,"href":"https:\/\/www.ladislavjakl.cz\/index.php?rest_route=%2Fwp%2Fv2%2Fcategories&post=3557"},{"taxonomy":"post_tag","embeddable":true,"href":"https:\/\/www.ladislavjakl.cz\/index.php?rest_route=%2Fwp%2Fv2%2Ftags&post=3557"}],"curies":[{"name":"wp","href":"https:\/\/api.w.org\/{rel}","templated":true}]}}