{"id":3560,"date":"2013-02-05T15:47:10","date_gmt":"2013-02-05T14:47:10","guid":{"rendered":"http:\/\/www.ladislavjakl.cz\/?p=3560"},"modified":"2013-02-05T15:47:10","modified_gmt":"2013-02-05T14:47:10","slug":"mezi-visacim-zamkem-a-hradem-to-hodne-jiskri","status":"publish","type":"post","link":"https:\/\/www.ladislavjakl.cz\/?p=3560","title":{"rendered":"Mezi Visac\u00edm z\u00e1mkem a Hradem to hodn\u011b jisk\u0159\u00ed"},"content":{"rendered":"<p><span><a href=\"http:\/\/musicserver.cz\/interpret\/Visaci-zamek\/\">Visac\u00ed z\u00e1mek<\/a> nem\u00e1 moc v l\u00e1sce sou\u010dasn\u00e9ho dosluhuj\u00edc\u00edho prezidenta V\u00e1clava Klause. Ned\u00e1vno nato\u010dil videoklip k p\u00edsni <a href=\"http:\/\/musicserver.cz\/clanek\/41527\/Visaci-zamek-Prezident-je-buzna\/\">Prezident<\/a> a odpov\u011b\u010f na sebe nenechala dlouho \u010dekat.   Hradn\u00ed tajemn\u00edk Ladislav Jakl si vzal do sv\u00fdch sp\u00e1r\u016f jeden z nejv\u011bt\u0161\u00edch hit\u016f popul\u00e1rn\u00edch <em>vis\u00e1\u010d\u016f<\/em> s n\u00e1zvem &#8222;Zn\u00e1mka punku&#8220;, p\u0159ejmenoval ho na &#8222;Z\u00e1mky punku?&#8220; a dost  v\u00fdrazn\u011b p\u0159etextoval zp\u016fsobem, kter\u00fd asi nebyl moc po v\u016fli ani  finalistovi p\u0159\u00edm\u00e9 volby prezidenta Karlu Schwarzenbergovi, ani samotn\u00e9  kapele. <\/span><\/p>\n<p><!--more--><\/p>\n<p><span>K t\u00e9matu se na str\u00e1nce <a href=\"http:\/\/www.visaci.cz\" target=\"_blank\">visaci.cz<\/a> vyj\u00e1d\u0159il s\u00e1m zp\u011bv\u00e1k formace Jan Haubert. A serv\u00edtky si p\u0159itom nebral.  <em>&#8222;Jestli je autorem t\u00e9 zhovadilosti opravdu Ladislav Jakl, tak si  p\u0159ilepil na \u010delo zn\u00e1mku debila. U\u017e jsem sly\u0161el hodn\u011b pozm\u011bn\u011bn\u00fdch verz\u00ed  hitu &#8218;Zn\u00e1mka punku&#8216;, ale Jaklova verze je zdaleka nejubo\u017eej\u0161\u00ed. Jak  obsahem, tak ver\u0161otepectv\u00edm. Jakl se vyj\u00e1d\u0159il, \u017ee na koncertech asi  tento kus uv\u00e1d\u011bt nebude. Nediv\u00edm se. Jednak by tuto punkovou p\u00edse\u0148 ani  nebyl schopen zahr\u00e1t, jednak by t\u00edm nejsp\u00ed\u0161 koncert neslavn\u011b skon\u010dil.  Poslucha\u010di nejsou blbci. Zd\u00e1 se, \u017ee Jakl cht\u011bl sv\u00fdm pamfletem zab\u00edt dv\u011b  mouchy jednou ranou &#8211; toti\u017e Karla Schwarzenberga, proto\u017ee si dovolil  kandidovat, a skupinu Visac\u00ed z\u00e1mek, proto\u017ee nahr\u00e1la p\u00edse\u0148 &#8218;Prezident&#8216;.  Uk\u00e1zal t\u00edm ale jen to, \u017ee je velmi pochybn\u00fdm prezidentsk\u00fdm tajemn\u00edkem a  bezradn\u00fdm hudebn\u00edkem, kter\u00fd se nezm\u016f\u017ee ani na vlastn\u00ed p\u00edse\u0148.&#8220;<\/em> <\/span><\/p>\n<p><span>Text nov\u00e9 verze:  <strong>Z\u00e1mky punku?<\/strong> <\/span><\/p>\n<p><span>Nechal si vyrobit placky s \u010d\u00edrem<br \/>\nMyslel si \u017ee je to zn\u00e1mka punku<br \/>\nMluvil jako kdyby \u017ev\u00fdkal housku se s\u00fdrem<br \/>\nMyslel si \u017ee je to zn\u00e1mka punku<br \/>\nChlubil se z\u00e1mkem s mostem padac\u00edm<br \/>\nMyslel si \u017ee je to zn\u00e1mka punku<br \/>\nJen\u017ee si ho poplet se Z\u00e1mkem visac\u00edm<br \/>\nMyslel si \u017ee je to zn\u00e1mka punku<br \/>\nAle holky \u0159\u00edkaly<br \/>\n\u017de punk je jinde<br \/>\nAle holky \u0159\u00edkaly<br \/>\nNo to snad nen\u00ed mo\u017en\u00fd<br \/>\nV rodokmenu skr\u00fdval p\u011bkn\u00fd n\u00e1cky<br \/>\nMyslel si \u017ee je to zn\u00e1mka punku<br \/>\nKdy\u017e to na n\u011bj prasklo cht\u011bl rozd\u00e1vat facky<br \/>\nMyslel si \u017ee je to zn\u00e1mka punku<br \/>\nPov\u00eddal \u017ee hlup\u00e1k je kdo za vlast um\u00edr\u00e1<br \/>\nMyslel si \u017ee to je zn\u00e1mka punku<br \/>\nPodp\u00edrat se nechal od rudocha Dynstb\u00edra<br \/>\nMyslel si \u017ee to je zn\u00e1mka punku<br \/>\nAle holky \u0159\u00edkaly<br \/>\n\u017de punk je jinde<br \/>\nAle holky \u0159\u00edkaly<br \/>\nNo to snad nen\u00ed mo\u017en\u00fd<br \/>\nNo ale kdo nen\u00ed<br \/>\nBo\u017e\u00ed nad\u011blen\u00ed<br \/>\nNed\u011blejme z voli\u010de tupce<br \/>\nNo ale kdo nen\u00ed<br \/>\nBo\u017e\u00ed nad\u011blen\u00ed<br \/>\nI ply\u0161ovej Karel m\u00e1 sv\u00fdho kupce<br \/>\nJukal na n\u00e1s z novin jako hodnej str\u00fd\u010dek<br \/>\nMyslel si \u017ee to je zn\u00e1mka punku<br \/>\nA kdo do n\u011bj vid\u011bl to prej je jen s\u00fd\u010dek<br \/>\nMyslel si \u017ee je to zn\u00e1mka punku<br \/>\nV\u017edy mu v\u0161echno pro\u0161lo je takovej sv\u016fj<br \/>\nMyslel si \u017ee to je zn\u00e1mka punku<br \/>\nNeznal ani starou pecku Kde domov m\u016fj<br \/>\nMyslel si \u017ee to je zn\u00e1mka punku<br \/>\nAle lidi \u0159\u00edkali<br \/>\n\u017de punk je jinde<\/span><\/p>\n<p><span><a href=\"http:\/\/musicserver.cz\/clanek\/41694\/Mezi-Visacim-zamkem-a-Hradem-to-hodne-jiskri\/\" target=\"_blank\">Zdroj<\/a><br \/>\n<\/span><\/p>\n","protected":false},"excerpt":{"rendered":"<p>Visac\u00ed z\u00e1mek nem\u00e1 moc v l\u00e1sce sou\u010dasn\u00e9ho dosluhuj\u00edc\u00edho prezidenta V\u00e1clava Klause. Ned\u00e1vno nato\u010dil videoklip k p\u00edsni Prezident a odpov\u011b\u010f na sebe nenechala dlouho \u010dekat. Hradn\u00ed tajemn\u00edk Ladislav Jakl si vzal do sv\u00fdch sp\u00e1r\u016f jeden z nejv\u011bt\u0161\u00edch hit\u016f popul\u00e1rn\u00edch vis\u00e1\u010d\u016f s n\u00e1zvem &#8222;Zn\u00e1mka punku&#8220;, p\u0159ejmenoval ho na &#8222;Z\u00e1mky punku?&#8220; a dost v\u00fdrazn\u011b p\u0159etextoval zp\u016fsobem, kter\u00fd asi [&hellip;]<\/p>\n","protected":false},"author":1,"featured_media":0,"comment_status":"open","ping_status":"open","sticky":false,"template":"","format":"standard","meta":{"ngg_post_thumbnail":0,"footnotes":""},"categories":[11],"tags":[],"class_list":["post-3560","post","type-post","status-publish","format-standard","hentry","category-ozvena"],"_links":{"self":[{"href":"https:\/\/www.ladislavjakl.cz\/index.php?rest_route=\/wp\/v2\/posts\/3560","targetHints":{"allow":["GET"]}}],"collection":[{"href":"https:\/\/www.ladislavjakl.cz\/index.php?rest_route=\/wp\/v2\/posts"}],"about":[{"href":"https:\/\/www.ladislavjakl.cz\/index.php?rest_route=\/wp\/v2\/types\/post"}],"author":[{"embeddable":true,"href":"https:\/\/www.ladislavjakl.cz\/index.php?rest_route=\/wp\/v2\/users\/1"}],"replies":[{"embeddable":true,"href":"https:\/\/www.ladislavjakl.cz\/index.php?rest_route=%2Fwp%2Fv2%2Fcomments&post=3560"}],"version-history":[{"count":1,"href":"https:\/\/www.ladislavjakl.cz\/index.php?rest_route=\/wp\/v2\/posts\/3560\/revisions"}],"predecessor-version":[{"id":3561,"href":"https:\/\/www.ladislavjakl.cz\/index.php?rest_route=\/wp\/v2\/posts\/3560\/revisions\/3561"}],"wp:attachment":[{"href":"https:\/\/www.ladislavjakl.cz\/index.php?rest_route=%2Fwp%2Fv2%2Fmedia&parent=3560"}],"wp:term":[{"taxonomy":"category","embeddable":true,"href":"https:\/\/www.ladislavjakl.cz\/index.php?rest_route=%2Fwp%2Fv2%2Fcategories&post=3560"},{"taxonomy":"post_tag","embeddable":true,"href":"https:\/\/www.ladislavjakl.cz\/index.php?rest_route=%2Fwp%2Fv2%2Ftags&post=3560"}],"curies":[{"name":"wp","href":"https:\/\/api.w.org\/{rel}","templated":true}]}}