{"id":3562,"date":"2013-02-05T15:48:11","date_gmt":"2013-02-05T14:48:11","guid":{"rendered":"http:\/\/www.ladislavjakl.cz\/?p=3562"},"modified":"2013-02-05T15:48:11","modified_gmt":"2013-02-05T14:48:11","slug":"ladislav-jakl-predstavuje-slepou-odbocku-dejin-do-verejne-debaty-nema-co-kecat","status":"publish","type":"post","link":"https:\/\/www.ladislavjakl.cz\/?p=3562","title":{"rendered":"Ladislav Jakl p\u0159edstavuje slepou odbo\u010dku d\u011bjin. Do ve\u0159ejn\u00e9 debaty nem\u00e1 co kecat&#8230;"},"content":{"rendered":"<p>A m\u00e1me tu dal\u0161\u00ed d\u00edl zab\u00fdvaj\u00edc\u00ed se po\u0165ouchlostmi a hloupost\u00ed tuzemsk\u00fdch m\u00e9di\u00ed. Tentokr\u00e1t bychom se vr\u00e1tili <a href=\"http:\/\/jakl.blog.idnes.cz\/c\/312994\/Cyklistiku-je-nutno-okamzite-zakazat.html\">ke \u010dl\u00e1nku Ladislava Jakla<\/a>,  kde vyz\u00fdval k z\u00e1kazu cyklistiky. \u010clov\u011bk s mozkem na spr\u00e1vn\u00e9m m\u00edst\u011b  pochopil, \u017ee smyslem \u010dl\u00e1nku opravdu nebylo popisovat, jak je cyklistika  \u0161kodliv\u00e1 pro \u017eivotn\u00ed prost\u0159ed\u00ed.<\/p>\n<p><!--more-->Norm\u00e1ln\u00ed \u010dten\u00e1\u0159 pochopil, zasm\u00e1l se \u010di jej takov\u00e1 symbolika nechala  chladn\u00fdm. Ne tak novin\u00e1\u0159ku \u010cesk\u00e9 televize a spolupracovnici Respektu  Kate\u0159inu \u0160afa\u0159\u00edkovou, kter\u00e1 se rozhodla oml\u00e1tit Jaklovi jeho text o  \u010dum\u00e1k.<\/p>\n<p>Nev\u00edme, jestli jen na oko, ka\u017edop\u00e1dn\u011b text vzala doslovn\u011b a rozepsala se <a href=\"http:\/\/respekt.ihned.cz\/nad-penou\/c1-59032380-hranice-ne-prijemne-otupelosti\">ve sv\u00e9m dlouhos\u00e1hl\u00e9m \u010dl\u00e1nku<\/a> o tom, jak\u00fd je ten Jakl magor, \u017ee chce zak\u00e1zat cyklistiku. Jestli si  opravdu myslela, \u017ee to je gr\u00f3 Jaklova \u010dl\u00e1nku, trp\u00ed patrn\u011b mozkovou  nedostate\u010dnost\u00ed a m\u011bla by vykon\u00e1vat m\u00e9n\u011b n\u00e1ro\u010dn\u00e9 zam\u011bstn\u00e1n\u00ed.<\/p>\n<p>Pokud \u010dl\u00e1nek pochopila spr\u00e1vn\u011b a jej\u00ed text j\u00ed poslou\u017eil jen jako dal\u0161\u00ed  ze s\u00e9rie \u00fatok\u016f na exnovin\u00e1\u0159e Jakla (proto\u017ee jako pat\u0159\u00ed ke Klausovi a  toho je t\u0159eba tepat p\u0159i ka\u017ed\u00e9 vhodn\u00e9 i nevhodn\u00e9 p\u0159\u00edlte\u017eitosti, rozum\u00edte,  vy pitomiov\u00e9?), je to mo\u017en\u00e1 je\u0161t\u011b hor\u0161\u00ed.<\/p>\n<p>Obzvl\u00e1\u0161t\u011b pikantn\u00ed je tato v\u011bta, ve kter\u00e9 mo\u017en\u00e1 necht\u011bn\u011b vyj\u00e1d\u0159ila  postoj m\u00e9di\u00ed ke ka\u017ed\u00e9mu, kdo m\u00e1 odli\u0161n\u00fd n\u00e1zor ne\u017e medi\u00e1ln\u00ed \u00a0mainstream:<\/p>\n<p><em>&#8222;&#8230;Ladislav Jakl a Petr H\u00e1jek jsou slepou odbo\u010dkou d\u011bjin a  nejhor\u0161\u00ed, co by se mohlo st\u00e1t, by bylo pov\u00fd\u0161it jejich v\u00fdvody na \u00farove\u0148  relevantn\u00edch p\u0159\u00edsp\u011bvk\u016f do ve\u0159ejn\u00e9 debaty a jejich hl\u00e1s\u00e1n\u00ed v\u00e1\u017en\u011b  rozeb\u00edrat&#8230;&#8220;<\/em><\/p>\n<p>A m\u00e1me to \u010dern\u00e9 na b\u00edl\u00e9m. O tom, jak\u00fdm sm\u011brem se bude vyv\u00edjet ve\u0159ejn\u00e1  debata, rozhoduj\u00ed m\u00e9dia. V tomto p\u0159\u00edpad\u011b novin\u00e1\u0159ka \u0160afa\u0159\u00edkov\u00e1.<\/p>\n<p>\u0160\u00e9fredaktor ePort\u00e1l poslal t\u00e9to novin\u00e1\u0159ce (i jej\u00edm nad\u0159\u00edzen\u00fdm v \u010cT a  Respektu) email, kde se ji poku\u0161el zeptat, jak\u00e1 je jej\u00ed \u00farove\u0148  porozum\u011bn\u00ed psan\u00e9ho slova. Odpov\u011b\u010f samoz\u0159ejm\u011b nep\u0159i\u0161la. Py\u0161n\u00e1 &#8222;hl\u00eddac\u00ed  fena demokracie&#8220; \u0160afa\u0159\u00edkov\u00e1 a p\u00e1ni z Kavek se s n\u011bjak\u00fdm Provazn\u00edkem  bavit nebudou:)&#8230;<\/p>\n<p>Je alarmuj\u00edc\u00ed, kdy\u017e d\u00e1v\u00e1 soukrom\u00e9 m\u00e9dium jako je Respekt ob\u010das vyd\u011blat  novin\u00e1\u0159ce, kter\u00e1 nerozum\u00ed psan\u00e9mu slovu. Je\u0161t\u011b o mnoho hor\u0161\u00ed je, pokud  takovou novin\u00e1\u0159ku na pln\u00fd \u00favazek zam\u011bstn\u00e1v\u00e1 ve\u0159ejnopr\u00e1vn\u00ed \u010cesk\u00e1  televize.<\/p>\n<p>\u0160lo jen o OBY\u010cEJN\u00c9 nepochopen\u00ed textu \u010di Z\u00c1M\u011aRN\u00c9 nepochopen\u00ed textu,  kter\u00e9 poslou\u017eilo k vy\u0159izov\u00e1n\u00ed si \u00fa\u010dt\u016f s neobl\u00edben\u00fdm Ladislavem Jaklem?  \u00a0To u\u017e nech\u00e1v\u00e1me na va\u0161\u00ed \u00favaze, mil\u00ed \u010dten\u00e1\u0159i&#8230;<\/p>\n<p><strong>Seri\u00e1l BOJKOT M\u00c9DI\u00cd bude pokra\u010dovat i nad\u00e1le. Ka\u017ed\u00fd den n\u00e1m  \u010desk\u00e1 m\u00e9dia d\u00e1vaj\u00ed 1000 a 1 d\u016fvod, pro\u010d bychom je m\u011bli bojkotovat. M\u00edsto  toho v\u0161ak budeme jako piln\u00e9 v\u010deli\u010dky hlasit\u011b upozor\u0148ovat na jejich  unfair mas\u00e1\u017ee&#8230;Spolutv\u016frci jednoho z p\u0159\u00ed\u0161t\u00edch d\u00edl\u016f se m\u016f\u017eete st\u00e1t tak\u00e9  vy. Sta\u010d\u00ed n\u00e1m poslat na email stru\u010dn\u00e9 upozorn\u011bn\u00ed a my dal\u0161\u00ed medi\u00e1ln\u00ed  \u00falet r\u00e1di za\u0159ad\u00edme do seri\u00e1lu.<\/strong><\/p>\n<p><strong><a href=\"http:\/\/eportal.parlamentnilisty.cz\/Articles\/5559-bojkot-medii-ii-ladislav-jakl-predstavuje-slepou-odbocku-dejin-do-verejne-debaty-nema-co-kecat-.aspx\" target=\"_blank\">Zdroj<\/a><br \/>\n<\/strong><\/p>\n","protected":false},"excerpt":{"rendered":"<p>A m\u00e1me tu dal\u0161\u00ed d\u00edl zab\u00fdvaj\u00edc\u00ed se po\u0165ouchlostmi a hloupost\u00ed tuzemsk\u00fdch m\u00e9di\u00ed. Tentokr\u00e1t bychom se vr\u00e1tili ke \u010dl\u00e1nku Ladislava Jakla, kde vyz\u00fdval k z\u00e1kazu cyklistiky. \u010clov\u011bk s mozkem na spr\u00e1vn\u00e9m m\u00edst\u011b pochopil, \u017ee smyslem \u010dl\u00e1nku opravdu nebylo popisovat, jak je cyklistika \u0161kodliv\u00e1 pro \u017eivotn\u00ed prost\u0159ed\u00ed.<\/p>\n","protected":false},"author":1,"featured_media":0,"comment_status":"open","ping_status":"open","sticky":false,"template":"","format":"standard","meta":{"ngg_post_thumbnail":0,"footnotes":""},"categories":[11],"tags":[],"class_list":["post-3562","post","type-post","status-publish","format-standard","hentry","category-ozvena"],"_links":{"self":[{"href":"https:\/\/www.ladislavjakl.cz\/index.php?rest_route=\/wp\/v2\/posts\/3562","targetHints":{"allow":["GET"]}}],"collection":[{"href":"https:\/\/www.ladislavjakl.cz\/index.php?rest_route=\/wp\/v2\/posts"}],"about":[{"href":"https:\/\/www.ladislavjakl.cz\/index.php?rest_route=\/wp\/v2\/types\/post"}],"author":[{"embeddable":true,"href":"https:\/\/www.ladislavjakl.cz\/index.php?rest_route=\/wp\/v2\/users\/1"}],"replies":[{"embeddable":true,"href":"https:\/\/www.ladislavjakl.cz\/index.php?rest_route=%2Fwp%2Fv2%2Fcomments&post=3562"}],"version-history":[{"count":1,"href":"https:\/\/www.ladislavjakl.cz\/index.php?rest_route=\/wp\/v2\/posts\/3562\/revisions"}],"predecessor-version":[{"id":3563,"href":"https:\/\/www.ladislavjakl.cz\/index.php?rest_route=\/wp\/v2\/posts\/3562\/revisions\/3563"}],"wp:attachment":[{"href":"https:\/\/www.ladislavjakl.cz\/index.php?rest_route=%2Fwp%2Fv2%2Fmedia&parent=3562"}],"wp:term":[{"taxonomy":"category","embeddable":true,"href":"https:\/\/www.ladislavjakl.cz\/index.php?rest_route=%2Fwp%2Fv2%2Fcategories&post=3562"},{"taxonomy":"post_tag","embeddable":true,"href":"https:\/\/www.ladislavjakl.cz\/index.php?rest_route=%2Fwp%2Fv2%2Ftags&post=3562"}],"curies":[{"name":"wp","href":"https:\/\/api.w.org\/{rel}","templated":true}]}}