{"id":358,"date":"2010-05-18T09:37:27","date_gmt":"2010-05-18T08:37:27","guid":{"rendered":"http:\/\/www.ladislavjakl.cz\/?p=358"},"modified":"2010-05-18T09:37:27","modified_gmt":"2010-05-18T08:37:27","slug":"hulvatstvi-kritizoval-jakl-vystup-bursika-v-ct","status":"publish","type":"post","link":"https:\/\/www.ladislavjakl.cz\/?p=358","title":{"rendered":"Hulv\u00e1tstv\u00ed, kritizoval Jakl v\u00fdstup Burs\u00edka v \u010cT"},"content":{"rendered":"<p>Mezi poslancem Strany zelen\u00fdch Martinem Burs\u00edkem a kancel\u00e1\u0159\u00ed prezidenta  republiky to op\u011bt zajisk\u0159ilo.<\/p>\n<p><!--more-->B\u00fdval\u00fd ministr \u017eivotn\u00edho prost\u0159ed\u00ed Martin Burs\u00edk ozna\u010dil st\u0159ede\u010dn\u00ed  prezidentsk\u00e9 veto novely z\u00e1kona zvy\u0161uj\u00edc\u00ed pod\u00edl biopaliv za klukovinu.<\/p>\n<p>Podle  poslance p\u0159i\u0161lo schv\u00e1ln\u011b pozd\u011b. Burs\u00edk to uvedl v ned\u011bln\u00edm po\u0159adu \u010cesk\u00e9  televize Ot\u00e1zky V\u00e1clava Moravce.<\/p>\n<p>\u201ePan prezident vetoval z\u00e1kon  pozd\u011b. On vyu\u017eil mo\u017enosti odlo\u017eit svoje veto, a t\u00edm p\u00e1dem tato sch\u016fze  Poslaneck\u00e9 sn\u011bmovny, kter\u00e1 je v \u00fater\u00fd, nespln\u00ed desetidenn\u00ed odstup od  prezidentsk\u00e9ho veta. Nen\u00ed tedy mo\u017en\u00e9 o tom v \u00fater\u00fd hlasovat. Mysl\u00edm, \u017ee  tohle byl z\u00e1m\u011br prezidenta. Je to leg\u00e1ln\u00ed, nezpochyb\u0148uji to, ale z\u00e1rove\u0148  je to tak trochu klukovina, kter\u00e1 se dot\u00fdk\u00e1 asi p\u011bti miliard korun  obratu \u010desk\u00fdch zem\u011bd\u011blc\u016f,\u201c dodal.<\/p>\n<p>\u201ePan prezident vyu\u017eil sv\u00e9  \u00fastavn\u00ed pr\u00e1vo 15 dn\u016f na p\u0159ezkoum\u00e1n\u00ed 23 z\u00e1kon\u016f, z nich\u017e 11 podepsal v  pond\u011bl\u00ed. Ve st\u0159edu vr\u00e1til tento z\u00e1kon, tedy nikoli na posledn\u00ed chv\u00edli a  je\u0161t\u011b den podepsal dal\u0161\u00edch 12 z\u00e1kon\u016f. Vinit ho nyn\u00ed z n\u011bjak\u00e9 klukoviny  \u010di schv\u00e1lnosti, to je sou\u010d\u00e1st\u00ed op\u011bt p\u0159edvolebn\u00ed kampan\u011b. Nikdo jin\u00fd se  nesna\u017e\u00ed z\u00edsk\u00e1vat voli\u010de na sv\u00e9m hulv\u00e1tsv\u00ed v\u016f\u010di prezidentovi,\u201c reagoval  na Burs\u00edkova slova Ladislav Jakl z Kancel\u00e1\u0159e prezidenta republiky.<\/p>\n<p>St\u0159ede\u010dn\u00ed  veto prezidenta V\u00e1clava Klause t\u00fdkaj\u00edc\u00ed se novely z\u00e1kona o ochran\u011b  ovzdu\u0161\u00ed p\u0159edstavuje potencion\u00e1ln\u00ed \u0161kody pro zem\u011bd\u011blce, je t\u00edm toti\u017e  ohro\u017eeno uplatn\u011bn\u00ed ji\u017e zaset\u00fdch plodin z 67 tis\u00edc hektar\u016f p\u016fdy. Uveden\u00e1  plocha podle Agr\u00e1rn\u00ed komory odpov\u00edd\u00e1 2,7 procenta osevn\u00edch ploch \u010cR.<\/p>\n<p>Vetovan\u00fd  z\u00e1kon m\u011bl zav\u00e9st od 1. \u010dervna nav\u00fd\u0161en\u00ed objemu biopaliv u motorov\u00fdch  benzin\u016f z dosavadn\u00edch 3,5 na 4,1 procenta a u motorov\u00e9 nafty z 4,5 na  6,1 procenta.<\/p>\n","protected":false},"excerpt":{"rendered":"<p>Mezi poslancem Strany zelen\u00fdch Martinem Burs\u00edkem a kancel\u00e1\u0159\u00ed prezidenta republiky to op\u011bt zajisk\u0159ilo.<\/p>\n","protected":false},"author":1,"featured_media":0,"comment_status":"open","ping_status":"open","sticky":false,"template":"","format":"standard","meta":{"ngg_post_thumbnail":0,"footnotes":""},"categories":[11],"tags":[],"class_list":["post-358","post","type-post","status-publish","format-standard","hentry","category-ozvena"],"_links":{"self":[{"href":"https:\/\/www.ladislavjakl.cz\/index.php?rest_route=\/wp\/v2\/posts\/358","targetHints":{"allow":["GET"]}}],"collection":[{"href":"https:\/\/www.ladislavjakl.cz\/index.php?rest_route=\/wp\/v2\/posts"}],"about":[{"href":"https:\/\/www.ladislavjakl.cz\/index.php?rest_route=\/wp\/v2\/types\/post"}],"author":[{"embeddable":true,"href":"https:\/\/www.ladislavjakl.cz\/index.php?rest_route=\/wp\/v2\/users\/1"}],"replies":[{"embeddable":true,"href":"https:\/\/www.ladislavjakl.cz\/index.php?rest_route=%2Fwp%2Fv2%2Fcomments&post=358"}],"version-history":[{"count":2,"href":"https:\/\/www.ladislavjakl.cz\/index.php?rest_route=\/wp\/v2\/posts\/358\/revisions"}],"predecessor-version":[{"id":360,"href":"https:\/\/www.ladislavjakl.cz\/index.php?rest_route=\/wp\/v2\/posts\/358\/revisions\/360"}],"wp:attachment":[{"href":"https:\/\/www.ladislavjakl.cz\/index.php?rest_route=%2Fwp%2Fv2%2Fmedia&parent=358"}],"wp:term":[{"taxonomy":"category","embeddable":true,"href":"https:\/\/www.ladislavjakl.cz\/index.php?rest_route=%2Fwp%2Fv2%2Fcategories&post=358"},{"taxonomy":"post_tag","embeddable":true,"href":"https:\/\/www.ladislavjakl.cz\/index.php?rest_route=%2Fwp%2Fv2%2Ftags&post=358"}],"curies":[{"name":"wp","href":"https:\/\/api.w.org\/{rel}","templated":true}]}}