{"id":3581,"date":"2013-02-11T11:59:12","date_gmt":"2013-02-11T10:59:12","guid":{"rendered":"http:\/\/www.ladislavjakl.cz\/?p=3581"},"modified":"2013-02-11T12:00:04","modified_gmt":"2013-02-11T11:00:04","slug":"ladislav-jakl-novinam-se-neda-verit-vubec-nic","status":"publish","type":"post","link":"https:\/\/www.ladislavjakl.cz\/?p=3581","title":{"rendered":"Ladislav Jakl: Novin\u00e1m se ned\u00e1 v\u011b\u0159it v\u016fbec nic"},"content":{"rendered":"<li><strong>Pane Jakle, nebudu se v\u00e1s pt\u00e1t na to, jak budete spolu  s\u00a0prezidentem V\u00e1clavem Klausem a ostatn\u00edmi kolegy odch\u00e1zet z\u00a0Hradu,  proto\u017ee se na to pt\u00e1 ka\u017ed\u00fd a j\u00e1 si mysl\u00edm, \u017ee to bude klasicky dve\u0159mi, a  jsem si tak\u00e9 jist, \u017ee na pana prezidenta budeme je\u0161t\u011b v\u00a0dobr\u00e9m a hlavn\u011b  dlouho vzpom\u00ednat.<\/strong> <strong>Sp\u00ed\u0161e by mne zaj\u00edmalo, jak vn\u00edm\u00e1te  dne\u0161n\u00ed evropskou politickou a hospod\u00e1\u0159skou situaci. Jak\u00e1 tedy je a jak\u00e9  jsou p\u0159ed n\u00e1mi perspektivy? Jsou to \u0161\u0165astn\u00e9 z\u00edt\u0159ky, nebo velk\u00e9 probl\u00e9my?<\/strong><br \/>\n<!--more-->J\u00e1 v\u00e1m r\u00e1d odpov\u00edm i na tu ot\u00e1zku nevy\u0159\u010denou, proto\u017ee bohu\u017eel nen\u00ed  zdaleka v\u0161em jasn\u00e1. U\u017e p\u0159ed deseti lety bylo jist\u00e9, \u017ee odejdu s\u00a0V\u00e1clavem  Klausem. U\u017e v\u00a0prvn\u00edm volebn\u00edm obdob\u00ed jsem m\u011bl term\u00ednovanou smlouvu, m\u00e1m  ji i te\u010f, tak\u017ee u\u017e mnoho let je rozhodnuto, \u017ee v\u00a0KPR kon\u010d\u00edm 7. b\u0159ezna.  Proto ne \u00fapln\u011b dob\u0159e ch\u00e1pu rozhodn\u00e1 prohl\u00e1\u0161en\u00ed n\u011bkter\u00fdch prezidentsk\u00fdch  kandid\u00e1t\u016f v\u010detn\u011b toho v\u00edt\u011bzn\u00e9ho, \u017ee by mne ve sv\u00e9m k\u00e1dru necht\u011bli. J\u00e1  jim toti\u017e nikdy nic nenab\u00edzel.<\/li>\n<p style=\"text-align: justify;\">Va\u0161e druh\u00e1 ot\u00e1zka je trochu n\u00e1vodn\u00e1. Na jednu stranu ned\u011blejme paniku.  Objektivn\u011b plat\u00ed, \u017ee p\u0159es v\u0161echny pot\u00ed\u017ee \u017eije evropsk\u00e1 spole\u010dnost  v\u00a0nejv\u011bt\u0161\u00edm blahobytu v\u00a0d\u011bjin\u00e1ch. Ale je t\u0159eba dodat, \u017ee d\u011bjiny  neskon\u010dily a \u017ee tato sv\u011btlej\u0161\u00ed obdob\u00ed i d\u0159\u00edve \u010dasto kon\u010d\u00edvala velk\u00fdm  krachem. A obrysy p\u0159\u00ed\u0161t\u00ed krize u\u017e se zjevuj\u00ed. Socialismus jako syst\u00e9m je  ne\u00fanosn\u00fd a mus\u00ed se zhroutit. Pokud postupn\u011b eroduje, lze to p\u0159e\u017e\u00edt bez  ot\u0159es\u016f, v\u00e1lek, nepokoj\u016f, hospod\u00e1\u0159sk\u00e9ho rozvratu. Ale pokud je  socialismus vnucov\u00e1n s\u00a0takovou sv\u00e9hlavost\u00ed, jak n\u00e1m p\u0159edv\u00e1d\u00ed EU, pak to  na poklidn\u00fd konec \u00e9ry moc nevypad\u00e1. Pokud s\u00a0t\u00edm ov\u0161em v\u010das n\u011bco  neud\u011bl\u00e1me.<\/p>\n<ul style=\"list-style-type: disc;\">\n<li><strong>Je velk\u00fd rozd\u00edl mezi skute\u010dn\u00fdm stavem a t\u00edm, co je n\u00e1m  \u00a0prezentov\u00e1no v\u00a0\u010cesk\u00e9 televizi, n\u011bmeck\u00fdch, \u010desky p\u00ed\u0161\u00edc\u00edch novin\u00e1ch typu  Mlad\u00e1 Fronta Dnes, p\u0159\u00edpadn\u011b bakalonovinami?<\/strong><\/li>\n<\/ul>\n<p style=\"text-align: justify;\">Tady se o pouh\u00e9m rozd\u00edlu ned\u00e1 mluvit. Jsou to paraleln\u00ed, na sob\u011b nijak  z\u00e1visl\u00e9 sv\u011bty. Nebo mo\u017en\u00e1 ten medi\u00e1ln\u00ed je nez\u00e1visl\u00fd na realit\u011b, kde\u017eto  realita na sv\u011bt\u011b medi\u00e1ln\u00edm z\u00e1visl\u00e1 b\u00fdt za\u010d\u00edn\u00e1. Medi\u00e1ln\u00ed sv\u011bt n\u00e1m vnucuje  agendu, kter\u00e1 se skute\u010dn\u00fdm \u017eivotem nem\u00e1 nic spole\u010dn\u00e9ho. A my ochotn\u011b  \u017eivot opou\u0161t\u00edme a za\u010d\u00edn\u00e1me \u017e\u00edt onou um\u011blou agendou.<\/p>\n<ul style=\"list-style-type: disc;\">\n<li><strong>D\u00e1 se m\u00e9di\u00edm v\u016fbec je\u0161t\u011b n\u011bco v\u011b\u0159it, po tom, co p\u0159edvedla p\u0159i prezidentsk\u00e9 volb\u011b, a i nad\u00e1le v\u00a0tomto trendu pokra\u010duj\u00ed?<\/strong><\/li>\n<\/ul>\n<p style=\"text-align: justify;\">Ned\u00e1.<\/p>\n<ul style=\"list-style-type: disc;\">\n<li><strong>Jak\u00fd je v\u00e1\u0161 n\u00e1zor na chu\u0165 Bruselu ovliv\u0148ovat vys\u00edl\u00e1n\u00ed n\u00e1rodn\u00edch televiz\u00ed? Vid\u00edte v\u00a0tomto n\u00e1padu velk\u00e9 nebezpe\u010d\u00ed?<\/strong><\/li>\n<\/ul>\n<p style=\"text-align: justify;\">Brusel u\u017e televize d\u00e1vno ovliv\u0148uje. Vnucuje celou medi\u00e1ln\u00ed legislativu v\u010detn\u011b kv\u00f3t a dotac\u00ed.<\/p>\n<ul style=\"list-style-type: disc;\">\n<li><strong>Mysl\u00edte si, \u017ee usilovn\u00e1 pr\u00e1ce na protla\u010den\u00ed Karla  Schwarzenberga do prezidentsk\u00e9ho \u00fa\u0159adu n\u011bjak souvisela s\u00a0p\u0159\u00edpadn\u00fdm  pokusem o nabour\u00e1n\u00ed takzvan\u00fdch Bene\u0161ov\u00fdch dekret\u016f, a t\u00edm p\u00e1dem alespo\u0148 o  \u010d\u00e1ste\u010dnou zm\u011bnu v\u00fdsledk\u016f druh\u00e9 sv\u011btov\u00e9 v\u00e1lky?<\/strong><\/li>\n<\/ul>\n<p style=\"text-align: justify;\">P\u0159\u00edmo asi ne. To on sp\u00ed\u0161e bezd\u011b\u010dn\u011b a up\u0159\u00edmn\u011b vybreptal, jak tuto  problematiku autenticky c\u00edt\u00ed. Ale ciz\u00ed z\u00e1jmy proti z\u00e1jm\u016fm na\u0161ich ob\u010dan\u016f  prosazuje zcela nesporn\u011b. Byl jsem t\u0159eba na sch\u016fzi vl\u00e1dy, kde on jako  jedin\u00fd bojoval za pr\u00e1vo zahrani\u010dn\u00edch matek na\u0161ich bank p\u0159em\u011bnit sv\u00e9  dcery na pouh\u00e9 pobo\u010dky a vyjmout je tak z\u00a0p\u016fsobnosti na\u0161eho bankovn\u00edho  dohledu. To by byl atent\u00e1t na \u010desk\u00e9ho st\u0159adatele. A jemu to v\u016fbec nen\u00ed  divn\u00e9.<\/p>\n<ul style=\"list-style-type: disc;\">\n<li><strong>Nem\u00e1te obavu, \u017ee tat\u00e1\u017e m\u00e9dia mohou i v\u00a0budoucnu takto zafungovat a \u017ee to m\u016f\u017ee b\u00fdt stejn\u011b nebezpe\u010dn\u00e9?<\/strong><\/li>\n<\/ul>\n<p style=\"text-align: justify;\">Ta to p\u0159ece d\u011blaj\u00ed kontinu\u00e1ln\u011b. D\u00fdch\u00e1te je jako vzduch.<\/p>\n<ul style=\"list-style-type: disc;\">\n<li><strong>Je mo\u017en\u00e9 spekulovat, \u017ee tyto noviny, kter\u00e9 se v\u00a0kampani takto  profilovaly, byly koupeny n\u011bmeck\u00fdmi majiteli mimo jin\u00e9 pr\u00e1v\u011b pro tyto  p\u0159\u00edle\u017eitosti a \u010desk\u00e9 novin\u00e1\u0159e nikdo nemus\u00ed upl\u00e1cet, proto\u017ee berou  jednodu\u0161e mzdu?<\/strong><\/li>\n<\/ul>\n<p style=\"text-align: justify;\">Tak to \u00fapln\u011b nen\u00ed. Jsou hor\u0161\u00ed v\u011bci, ne\u017e vlastnictv\u00ed m\u00e9di\u00ed.\u00a0 Pokud by  toti\u017e jejich hlavn\u00edm p\u0159\u00edjem byla inzerce a prodej, pak to samo o sob\u011b  stav\u00ed limity v\u0161\u00ed nekorektnosti nejl\u00e9pe ze v\u0161eho. Ale v\u00a0moment\u011b, kdy  m\u00e9dia si je mo\u017eno koupit v\u010detn\u011b jejich obsahu z\u00e1jmov\u00fdmi skupinami, je u\u017e  jedno, kdo je vlastn\u00ed. Kdo plat\u00ed, ten porou\u010d\u00ed, m\u00e9dia mu jen prod\u00e1vaj\u00ed  sv\u016fj vliv.<\/p>\n<ul style=\"list-style-type: disc;\">\n<li><strong>Nem\u00e1te pocit, \u017ee v\u00fdrok Karla Schwarzenberga o Bene\u0161ov\u00fdch  dekretech, prezidentu Bene\u0161ovi a Haagu nebyla jenom \u0159e\u010dnick\u00e1  neobratnost? Podle m\u011b to byl jasn\u00fd vzkaz, co by se d\u011blo po jeho  p\u0159\u00edpadn\u00e9m zvolen\u00ed. Nikdo by si moc nemohl st\u011b\u017eovat, proto\u017ee to ji\u017e bylo  \u0159e\u010deno v\u00a0kampani. Jak to vid\u00edte vy?<\/strong><\/li>\n<\/ul>\n<p style=\"text-align: justify;\">J\u00e1 bych na tom nic tak rafinovan\u00e9ho nevid\u011bl. Prost\u011b se jen neopatrn\u011b odkopal.<\/p>\n<ul style=\"list-style-type: disc;\">\n<li><strong>Nyn\u00ed se vr\u00e1t\u00edm na za\u010d\u00e1tek na\u0161eho rozhovoru. Jak dlouho je  podle v\u00e1s mo\u017en\u00e9 beztrestn\u011b tisknout pen\u00edze, pumpovat je do \u010dern\u00fdch  eurod\u011br, v\u0161e nat\u00edrat na r\u016f\u017eovo a ty, kte\u0159\u00ed jsou norm\u00e1ln\u00ed a proti tomu  broj\u00ed, ozna\u010dovat za extremisty?<\/strong><\/li>\n<\/ul>\n<p style=\"text-align: justify;\">Jde o to, co mysl\u00edte t\u00edm p\u0159\u00edpadn\u00fdm trestem. Z\u00e1kladn\u00ed obecn\u00e9 z\u00e1konitosti  z\u00e1kony plat\u00ed v\u017edy. A tedy plat\u00ed i to, \u017ee ekonomick\u00e9 principy si v\u017edy  najdou m\u00edsto a nakonec prote\u010dou jak\u00fdmkoli n\u00e1spem soci\u00e1ln\u00edch in\u017een\u00fdr\u016f.<\/p>\n<ul style=\"list-style-type: disc;\">\n<li><strong>Co \u0159\u00edk\u00e1te na vyv\u011b\u0161en\u00ed vlajky Evropsk\u00e9 unie na Hrad\u011b za  p\u0159\u00edtomnosti maoisty a jednoho ze str\u016fjc\u016f evropsk\u00e9 katastrofy Barossa?  Nep\u0159ijde v\u00e1m to hodn\u011b nep\u0159\u00edstojn\u00e9? A p\u0159e\u017eije v\u00a0t\u00e9to v\u011bci jinak naprosto  bezv\u00fdznamn\u00fd Lubom\u00edr Zaor\u00e1lek, kdyby ho k\u00a0tomuto aktu prezident Zeman  nepozval?<\/strong><\/li>\n<\/ul>\n<p style=\"text-align: justify;\">Pan Zaor\u00e1lek mi je v\u00a0tomto smyslu \u00fapln\u011b lhostejn\u00fd. A s\u00a0tou vlajkou: to  p\u0159ece nen\u00ed vlajka, ale grafick\u00e9 sukno. M\u016f\u017eou t\u00edm zabalit celou zem, ona  to jednou ze sebe sund\u00e1.<\/p>\n<p style=\"text-align: justify;\"><a href=\"http:\/\/euportal.parlamentnilisty.cz\/Articles\/10169-ladislav-jakl-novinam-se-neda-verit-vubec-nic.aspx\" target=\"_blank\">Zdroj<\/a><\/p>\n","protected":false},"excerpt":{"rendered":"<p>Pane Jakle, nebudu se v\u00e1s pt\u00e1t na to, jak budete spolu s\u00a0prezidentem V\u00e1clavem Klausem a ostatn\u00edmi kolegy odch\u00e1zet z\u00a0Hradu, proto\u017ee se na to pt\u00e1 ka\u017ed\u00fd a j\u00e1 si mysl\u00edm, \u017ee to bude klasicky dve\u0159mi, a jsem si tak\u00e9 jist, \u017ee na pana prezidenta budeme je\u0161t\u011b v\u00a0dobr\u00e9m a hlavn\u011b dlouho vzpom\u00ednat. Sp\u00ed\u0161e by mne zaj\u00edmalo, jak [&hellip;]<\/p>\n","protected":false},"author":1,"featured_media":0,"comment_status":"open","ping_status":"open","sticky":false,"template":"","format":"standard","meta":{"ngg_post_thumbnail":0,"footnotes":""},"categories":[13],"tags":[],"class_list":["post-3581","post","type-post","status-publish","format-standard","hentry","category-rozhovory"],"_links":{"self":[{"href":"https:\/\/www.ladislavjakl.cz\/index.php?rest_route=\/wp\/v2\/posts\/3581","targetHints":{"allow":["GET"]}}],"collection":[{"href":"https:\/\/www.ladislavjakl.cz\/index.php?rest_route=\/wp\/v2\/posts"}],"about":[{"href":"https:\/\/www.ladislavjakl.cz\/index.php?rest_route=\/wp\/v2\/types\/post"}],"author":[{"embeddable":true,"href":"https:\/\/www.ladislavjakl.cz\/index.php?rest_route=\/wp\/v2\/users\/1"}],"replies":[{"embeddable":true,"href":"https:\/\/www.ladislavjakl.cz\/index.php?rest_route=%2Fwp%2Fv2%2Fcomments&post=3581"}],"version-history":[{"count":5,"href":"https:\/\/www.ladislavjakl.cz\/index.php?rest_route=\/wp\/v2\/posts\/3581\/revisions"}],"predecessor-version":[{"id":3586,"href":"https:\/\/www.ladislavjakl.cz\/index.php?rest_route=\/wp\/v2\/posts\/3581\/revisions\/3586"}],"wp:attachment":[{"href":"https:\/\/www.ladislavjakl.cz\/index.php?rest_route=%2Fwp%2Fv2%2Fmedia&parent=3581"}],"wp:term":[{"taxonomy":"category","embeddable":true,"href":"https:\/\/www.ladislavjakl.cz\/index.php?rest_route=%2Fwp%2Fv2%2Fcategories&post=3581"},{"taxonomy":"post_tag","embeddable":true,"href":"https:\/\/www.ladislavjakl.cz\/index.php?rest_route=%2Fwp%2Fv2%2Ftags&post=3581"}],"curies":[{"name":"wp","href":"https:\/\/api.w.org\/{rel}","templated":true}]}}