{"id":3593,"date":"2013-02-13T15:47:17","date_gmt":"2013-02-13T14:47:17","guid":{"rendered":"http:\/\/www.ladislavjakl.cz\/?p=3593"},"modified":"2013-02-13T15:47:17","modified_gmt":"2013-02-13T14:47:17","slug":"amnestie-azore-trhej","status":"publish","type":"post","link":"https:\/\/www.ladislavjakl.cz\/?p=3593","title":{"rendered":"Amnestie: Azore, trhej!"},"content":{"rendered":"<p>V\u00e1\u017een\u00fd pane Jakle,<br \/>\nR\u00e1d bych se zeptal, co \u0159\u00edk\u00e1te na ostrou kritiku m\u00edstop\u0159edsed\u016f Sn\u011bmovny Lubom\u00edra Zaor\u00e1lka a Ji\u0159\u00edho Posp\u00ed\u0161ila v souvislosti s neochotou odhalit autory amnestie (<a href=\"http:\/\/www.novinky.cz\/domaci\/292809-prezident-by-mel-odhalit-autory-amnestie-shodli-se-zaoralek-s-pospisilem.html\" target=\"_blank\">\u010dl\u00e1nek zde<\/a>). Je re\u00e1ln\u00e9, \u017ee se lid\u00e9 skute\u010dn\u011b dozv\u011bd\u00ed, kdo amnestii p\u0159ipravovoval?<\/p>\n<p><!--more-->D\u011bkuji<br \/>\nS pozdravem<br \/>\nV\u00e1clav Lang<br \/>\nNovinky.cz<\/p>\n<p>Dobr\u00fd den.<br \/>\nJasn\u011b. R\u00e1d V\u00e1m odpov\u00edm, ale mysl\u00edm, \u017ee o skute\u010dnou odpov\u011b\u010f nikdo nestoj\u00ed. Jak vznikala v\u00fdsledn\u00e1 podoba amnestie, to jsem toti\u017e ve\u0159ejn\u011b sd\u011blil u\u017e v prvn\u00ed den jej\u00ed \u00fa\u010dinnosti. Autorem je p\u0159ece pan prezident, je pod n\u00ed podeps\u00e1n, to on ji vyhl\u00e1sil.<\/p>\n<p>Oba p\u00e1ny pln\u011b ch\u00e1pu. Pan Zaor\u00e1lek evidentn\u011b soud\u00ed podle sebe. S\u00e1m asi nen\u00ed schopen napsat ani \u0159\u00e1dku a dokonce i ofici\u00e1ln\u00ed \u017e\u00e1dost na pana prezidenta musel okop\u00edrovat z hromadn\u00e9ho e-mailu \u0161\u00ed\u0159en\u00e9ho pir\u00e1tskou stranou v\u010detn\u011b osloven\u00ed &#8222;dobr\u00fd den&#8220;, bez \u010dten\u00ed ji podepsat a odeslat. N\u00e1sledn\u011b jsme ho museli \u017e\u00e1dat o dopln\u011bn\u00ed, proto\u017ee jinak byla \u017e\u00e1dost neplatn\u00e1. Pan Posp\u00ed\u0161il zase s\u00e1m p\u0159edkl\u00e1dal panu prezidentovi n\u011bkolik n\u00e1vrh\u016f na amnestii (mohl by dnes zve\u0159ejnit, jak a v \u010dem se li\u0161ily od t\u00e9 vyhl\u00e1\u0161en\u00e9). Tak si oba asi mysl\u00ed, \u017ee prezident jen mechanicky podepisuje n\u011bkde jinde vytvo\u0159en\u00e9 texty.<\/p>\n<p>U\u017e prvn\u00ed den jsem LN \u0159ekl, \u017ee amnestie vznikala v dlouh\u00fdch polemick\u00fdch debat\u00e1ch, ve kter\u00fdch se diskutovalo o v\u0161ech parametrech, limitech, formulac\u00edch \u010di \u0161\u00ed\u0159i, a na dotaz, jak \u0161irok\u00fd okruh lid\u00ed pan prezident do t\u011bchto polemik zapojil, jsem \u0159ekl, \u017ee to byl \u0161irok\u00fd okruh t\u0159\u00ed lid\u00ed. (Nevylu\u010duji ale, \u017ee si o t\u00e9matu mohl pov\u00eddat s k\u00fdmkoli, v\u017edy\u0165 jde o velmi ob\u010dansk\u00e9 t\u00e9ma.) A jak je dnes u novin\u00e1\u0159\u016f\u00a0 zvykem, p\u0159elo\u017eily LN m\u00e9 odpov\u011bdi z \u010de\u0161tiny do \u010de\u0161tiny a do titulku napsaly (a daly mi do \u00fast), \u017ee pr\u00fd jsme se o amnestii radili v \u0161irok\u00e9m okruhu t\u0159\u00ed lid\u00ed, tak\u017ee jim z toho n\u011bjak vypadl prezident. T\u00edm se v\u017eilo, \u017ee j\u00e1 s n\u011bjak\u00fdmi dv\u011bma lidmi jsem n\u011bkde bokem p\u0159ipravoval amnestii bez prezidenta. Na\u010de\u017e LN vydaly zcela l\u017eiv\u00fd \u010dl\u00e1nek o tom, \u017ee jsem ji p\u0159ipravil j\u00e1 se dv\u011bma konkr\u00e9tn\u00edmi pr\u00e1vn\u00edky. A ostatn\u00ed m\u00e9dia to ochotn\u011b opsala a opisuj\u00ed dodnes. LN se ani neomluvily, i kdy\u017e je jasn\u00e9, \u017ee kdyby pro sv\u00e9 tvrzen\u00ed m\u011bly jedinou oporu, psaly by o tom dodnes. Ale n\u00e1sledovalo jen nen\u00e1padn\u00e9 ticho.<\/p>\n<p>P\u0159e\u010dt\u011bte si tu amnestii. Co na n\u00ed chcete p\u0159ipravovat? Stejn\u011b tak bych mohl \u0159\u00edci, \u017ee ji p\u0159ipravil prezident Havel. Nebo Hus\u00e1k. Jej\u00ed obecn\u00e1 forma je toti\u017e zcela univerz\u00e1ln\u00ed. Konkr\u00e9tn\u00ed amnestii z toho d\u011blaj\u00ed a\u017e rozhodnut\u00ed o jednotliv\u00fdch sazb\u00e1ch o prominut\u00ed, p\u0159evodu na podm\u00ednku \u010di abolici. A ta rozhodnut\u00ed vydal prezident po detailn\u00edch mnohahodinov\u00fdch a opakovan\u00fdch debat\u00e1ch. Jak jinak by to mohlo b\u00fdt? Co na tom chcete komu \u00fa\u0159edn\u011b sd\u011blovat? Kdo se p\u0159i tom h\u00e1d\u00e1n\u00ed o obsahu zasazoval za hranici 12 m\u011bs\u00edc\u016f a kdo za 18? Kdo to chce ch\u00e1pat, d\u00e1vno pochopil. Neexistuje \u017e\u00e1dn\u00fd \u00fa\u0159ednick\u00fd postup p\u0159i vyhl\u00e1\u0161en\u00ed amnestie, \u017e\u00e1dn\u00fd dokument. A ani nem\u016f\u017ee. Jen m\u00e9 pozn\u00e1mky z porad, na z\u00e1klad\u011b kter\u00fdch vznikal text. A fin\u00e1ln\u00ed rozhodnut\u00ed v\u017edy bylo na prezidentovi.<br \/>\nNen\u00ed \u017e\u00e1dn\u00e9 tajemn\u00e9 doup\u011b, kde se l\u00edhl z vejce drak amnestie, doup\u011b, kter\u00e9 by bylo t\u0159eba vyp\u00e1trat a nosnici zab\u00edt ohniv\u00fdm me\u010dem. Byla jen \u00favaha, debata a rozhodnut\u00ed. V\u00edc nebylo zapot\u0159eb\u00ed a vzhledem k nutn\u00e9mu utajen\u00ed v\u00edc ani nebylo mo\u017en\u00e9. Pouze bylo t\u0159eba v\u011bd\u011bt, jak\u00e9ho po\u010dtu lid\u00ed by se to t\u00fdkalo p\u0159i t\u00e9 \u010di t\u00e9 v\u00fd\u0161i trestu, a tato data jsme m\u011bli od pana ministra spravedlosti. V\u00edc nebylo t\u0159eba.<\/p>\n<p>Dod\u00e1v\u00e1m, \u017ee u t\u011bch polemik jsem sed\u011bl a amnestii prosazoval dlouh\u00e1 l\u00e9ta.<\/p>\n<p>Tak\u017ee: &#8222;trhej, Azore&#8220;.<\/p>\n<p>L. Jakl<\/p>\n","protected":false},"excerpt":{"rendered":"<p>V\u00e1\u017een\u00fd pane Jakle, R\u00e1d bych se zeptal, co \u0159\u00edk\u00e1te na ostrou kritiku m\u00edstop\u0159edsed\u016f Sn\u011bmovny Lubom\u00edra Zaor\u00e1lka a Ji\u0159\u00edho Posp\u00ed\u0161ila v souvislosti s neochotou odhalit autory amnestie (\u010dl\u00e1nek zde). Je re\u00e1ln\u00e9, \u017ee se lid\u00e9 skute\u010dn\u011b dozv\u011bd\u00ed, kdo amnestii p\u0159ipravovoval?<\/p>\n","protected":false},"author":1,"featured_media":0,"comment_status":"open","ping_status":"open","sticky":false,"template":"","format":"standard","meta":{"ngg_post_thumbnail":0,"footnotes":""},"categories":[6],"tags":[],"class_list":["post-3593","post","type-post","status-publish","format-standard","hentry","category-co-jsem-nerekl"],"_links":{"self":[{"href":"https:\/\/www.ladislavjakl.cz\/index.php?rest_route=\/wp\/v2\/posts\/3593","targetHints":{"allow":["GET"]}}],"collection":[{"href":"https:\/\/www.ladislavjakl.cz\/index.php?rest_route=\/wp\/v2\/posts"}],"about":[{"href":"https:\/\/www.ladislavjakl.cz\/index.php?rest_route=\/wp\/v2\/types\/post"}],"author":[{"embeddable":true,"href":"https:\/\/www.ladislavjakl.cz\/index.php?rest_route=\/wp\/v2\/users\/1"}],"replies":[{"embeddable":true,"href":"https:\/\/www.ladislavjakl.cz\/index.php?rest_route=%2Fwp%2Fv2%2Fcomments&post=3593"}],"version-history":[{"count":1,"href":"https:\/\/www.ladislavjakl.cz\/index.php?rest_route=\/wp\/v2\/posts\/3593\/revisions"}],"predecessor-version":[{"id":3594,"href":"https:\/\/www.ladislavjakl.cz\/index.php?rest_route=\/wp\/v2\/posts\/3593\/revisions\/3594"}],"wp:attachment":[{"href":"https:\/\/www.ladislavjakl.cz\/index.php?rest_route=%2Fwp%2Fv2%2Fmedia&parent=3593"}],"wp:term":[{"taxonomy":"category","embeddable":true,"href":"https:\/\/www.ladislavjakl.cz\/index.php?rest_route=%2Fwp%2Fv2%2Fcategories&post=3593"},{"taxonomy":"post_tag","embeddable":true,"href":"https:\/\/www.ladislavjakl.cz\/index.php?rest_route=%2Fwp%2Fv2%2Ftags&post=3593"}],"curies":[{"name":"wp","href":"https:\/\/api.w.org\/{rel}","templated":true}]}}