{"id":3595,"date":"2013-02-15T10:21:21","date_gmt":"2013-02-15T09:21:21","guid":{"rendered":"http:\/\/www.ladislavjakl.cz\/?p=3595"},"modified":"2013-02-15T11:18:00","modified_gmt":"2013-02-15T10:18:00","slug":"u-parametru-amnestie-nema-podle-me-pravnik-co-delat","status":"publish","type":"post","link":"https:\/\/www.ladislavjakl.cz\/?p=3595","title":{"rendered":"U parametr\u016f amnestie nem\u00e1 podle m\u011b pr\u00e1vn\u00edk co d\u011blat"},"content":{"rendered":"<p><em>(Audio je na konci \u010dl\u00e1nku)<\/em><br \/>\nPosledn\u00ed dny a t\u00fddny mand\u00e1tu prezidenta republiky  V\u00e1clava Klause rozhodn\u011b nejsou n\u011b\u010d\u00edm, co by se dalo nazvat klidn\u00fdm  odchodem. Prezident si vyhl\u00e1\u0161en\u00edm amnestie s aboli\u010dn\u00edm \u010dl\u00e1nkem dok\u00e1zal  proti sob\u011b popudit \u010d\u00e1st spole\u010dnosti a i zna\u010dnou \u010d\u00e1st politik\u016f. Byly  pod\u00e1ny \u00fastavn\u00ed st\u00ed\u017enosti, z nich\u017e n\u011bkter\u00fdmi se \u00dastavn\u00ed soud st\u00e1le  zaob\u00edr\u00e1 a asi nejv\u011bt\u0161\u00ed v\u00e1\u0161n\u011b bud\u00ed fakt, \u017ee prezident odm\u00edtl sd\u011blit kdo  konkr\u00e9tn\u011b podobu amnestie p\u0159ipravoval. Dnes byla na V\u00e1clava Klause  dokonce pod\u00e1na v souvislosti s informov\u00e1n\u00edm o amnestii \u017ealoba.<\/p>\n<p><!--more--><em>Martin VESELOVSK\u00dd, moder\u00e1tor:<\/em><br \/>\nZa\u010d\u00edn\u00e1 Dvacet minut Radio\u017eurn\u00e1lu. Proti mn\u011b ve studiu \u010cesk\u00e9ho rozhlasu  sed\u00ed \u0159editel politick\u00e9ho odboru Kancel\u00e1\u0159e prezidenta republiky Ladislav  Jakl, dobr\u00e9 odpoledne.<\/p>\n<p><em>Ladislav JAKL, \u0159editel politick\u00e9ho odboru Kancel\u00e1\u0159e prezidenta republiky:<\/em><br \/>\nJ\u00e1 zdrav\u00edm, dobr\u00fd den.<\/p>\n<p><em>Martin VESELOVSK\u00dd, moder\u00e1tor:<\/em><br \/>\nAbych byl \u00fapln\u011b konkr\u00e9tn\u00ed, tak advok\u00e1tka Hana Marvanov\u00e1 zastupuj\u00edc\u00ed  m\u00edstop\u0159edsedu \u010cesk\u00e9 pir\u00e1tsk\u00e9 strany Jakuba Mich\u00e1lka dnes podala \u017ealobu  na V\u00e1clava Klause a \u0159\u00edk\u00e1 k tomu: &#8222;Nebyly poskytnuty informace t\u00fdkaj\u00edc\u00ed  se p\u0159\u00edpravy amnestie, co\u017e je v rozporu se z\u00e1konem o svobodn\u00e9m p\u0159\u00edstupu k  informac\u00ed a v rozporu s \u010dl\u00e1nkem 17 Listiny z\u00e1kladn\u00edch pr\u00e1v a svobod,  dle kter\u00e9ho jsou st\u00e1tn\u00ed org\u00e1ny a org\u00e1ny \u00fazem\u00ed samospr\u00e1vy povinny  poskytovat informace o sv\u00e9 \u010dinnosti. Jak\u00fd je pane Jakle v\u00e1\u0161 koment\u00e1\u0159,  jako \u00fa\u0159edn\u00edka Kancel\u00e1\u0159e prezidenta republiky?<\/p>\n<p><em>Ladislav JAKL, \u0159editel politick\u00e9ho odboru Kancel\u00e1\u0159e prezidenta republiky:<\/em><br \/>\nAno, zaslechl jsem tam slovo st\u00e1tn\u00ed org\u00e1ny. Prezident republiky nen\u00ed  st\u00e1tn\u00ed org\u00e1n, nen\u00ed to spr\u00e1vn\u00ed org\u00e1n. Ale dovolte mi, abych na to  odpov\u011bd\u011bl mo\u017en\u00e1 v\u011bcn\u011b, ne \u00fapln\u011b pap\u00edrov\u011b se \u0161ust\u011bn\u00edm n\u011bjak\u00fdch \u017ealob.  Mo\u017en\u00e1 n\u011bkter\u00e9 aktivisty, kte\u0159\u00ed se pot\u0159ebuj\u00ed uk\u00e1zat v tom spravedliv\u00e9m  sv\u011btle, tak bav\u00ed podobn\u00e1 hra na \u017ealoby. Ostatn\u011b j\u00e1 se na rozhodnut\u00ed  soudu v t\u00e9to v\u011bci docela t\u011b\u0161\u00edm a jsem zv\u011bdav\u00fd, jak rozhodne. Podle m\u00e9ho  hlubok\u00e9ho p\u0159esv\u011bd\u010den\u00ed ten z\u00e1kon odpov\u011bd\u00ed, kterou doty\u010dn\u00ed dostali,  poru\u0161en nijak nebyl. Mysl\u00edm si, \u017ee ta k\u0159e\u010dovit\u00e1 snaha se dobrat n\u011bjak\u00e9  jin\u00e9 odpov\u011bdi, kter\u00e1 by se jim l\u00edbila, uspokojena nebude nikdy a to ze  dvou d\u016fvod\u016f. Jeden ten d\u016fvod je form\u00e1ln\u00ed, tro\u0161ku jsem ho nazna\u010dil p\u0159ed  chvili\u010dkou. V\u00edte, prezident republiky, kdy\u017e vyd\u00e1v\u00e1 sv\u00e9 rozhodnut\u00ed, pod  kter\u00fdm je podeps\u00e1n, tak m\u016f\u017ee b\u00fdt inspirov\u00e1n lec\u010d\u00edm, studiem literatury,  m\u016f\u017ee se radit se sv\u00fdm bl\u00edzk\u00fdm okol\u00edm, se sv\u00fdmi p\u0159\u00e1teli, zn\u00e1m\u00fdmi,  spolupracovn\u00edky, m\u016f\u017ee n\u00e1pad n\u011bjak\u00fd k n\u011bjak\u00e9mu postoji dostat jak\u00fdmkoliv  jin\u00fdm zp\u016fsobem. A aby o tom sepisoval den\u00ed\u010dek, na jeho\u017e z\u00e1klad\u011b by  poskytoval sv\u00e9mu \u00fa\u0159adu pravideln\u011b n\u011bjak\u00e9 hl\u00e1\u0161en\u00ed, nic takov\u00e9ho \u017e\u00e1dn\u00fd  prezident na sv\u011bt\u011b nikdy ned\u011blal. \u010cili ne\u0161lo o \u017e\u00e1dn\u00e9 rozhodnut\u00ed \u00fa\u0159adu  ani jeho n\u011bjak\u00e9ho odboru, ale \u0161lo o rozhodnut\u00ed pana prezidenta.  Prezident republiky vyhl\u00e1sil amnestii, je pod n\u00ed podeps\u00e1n, od je  autorem, on za ni zodpov\u00edd\u00e1. Tak\u017ee to je ta form\u00e1ln\u00ed str\u00e1nka v\u011bci.<\/p>\n<p><em>Martin VESELOVSK\u00dd, moder\u00e1tor:<\/em><br \/>\nRozum\u00edm, nezapome\u0148te co jste cht\u011bl \u0159\u00edct pane \u0159editeli Jakle. Jenom  abychom si to \u00fapln\u011b vyjasnili. Kdy\u017e jsem \u010detl \u010dl\u00e1nek na va\u0161em webu tu\u0161\u00edm  z 25. ledna, tak tam bylo naps\u00e1no &#8222;p\u0159esto\u017ee jsem hned druh\u00fd den po  jej\u00edm vyhl\u00e1\u0161en\u00ed&#8220;, tedy amnestie, &#8222;ozn\u00e1mil, \u017ee amnestie vznikala v debat\u011b  pana prezidenta s \u00fazk\u00fdm okruhem jeho 3 nejbli\u017e\u0161\u00edch spolupracovn\u00edk\u016f.&#8220;  Tak kte\u0159\u00ed to byli, tedy?<\/p>\n<p><em>Ladislav JAKL, \u0159editel politick\u00e9ho odboru Kancel\u00e1\u0159e prezidenta republiky:<\/em><br \/>\nTuto v\u011btu jsem \u0159ekl 2. ledna, \u010dili opravdu hned prvn\u00ed den \u00fa\u010dinnosti  amnestie, \u0159ekl jsem ji Lidov\u00fdm novin\u00e1m. Ptali se m\u011b, jak amnestie  vznikala a j\u00e1 jsem odpov\u00eddal v dlouh\u00fdch polemick\u00fdch debat\u00e1ch. A oni se  m\u011b zeptali, ta ot\u00e1zka zn\u011bla: &#8222;Jak \u0161irok\u00fd okruh lid\u00ed pan prezident do  t\u00e9to debaty zahrnul?&#8220; Odpov\u011bd\u011bl jsem, \u017ee tento kruh byl \u0161irok\u00fd t\u0159\u00ed lid\u00ed.<\/p>\n<p><em>Martin VESELOVSK\u00dd, moder\u00e1tor:<\/em><br \/>\nJ\u00e1 v\u00edm a j\u00e1 se pt\u00e1m, kdo to je?<\/p>\n<p><em>Ladislav JAKL, \u0159editel politick\u00e9ho odboru Kancel\u00e1\u0159e prezidenta republiky:<\/em><br \/>\nA n\u00e1sledn\u011b, proto\u017ee novin\u00e1\u0159i to \u010dasto m\u00e1te n\u011bkdy zapot\u0159eb\u00ed p\u0159ekl\u00e1dat  slova z \u010de\u0161tiny do \u010de\u0161tiny, tak stejn\u011b tak to tehdy ud\u011blaly hned druh\u00fd  den Lidov\u00e9 noviny.<\/p>\n<p><em>Martin VESELOVSK\u00dd, moder\u00e1tor:<\/em><br \/>\nPardon, pane \u0159editeli&#8230;<\/p>\n<p><em>Ladislav JAKL, \u0159editel politick\u00e9ho odboru Kancel\u00e1\u0159e prezidenta republiky:<\/em><br \/>\nJ\u00e1 se doberu k odpov\u011bdi a sna\u017e\u00edm se v\u00e1m to poctiv\u011b vysv\u011btlit.<\/p>\n<p><em>Martin VESELOVSK\u00dd, moder\u00e1tor:<\/em><br \/>\nVy jste te\u010f o m\u011bs\u00edc a p\u016fl zp\u00e1tky, ale my se te\u010f pohybujeme v datu 13. \u00fanora roku 2013<\/p>\n<p><em>Ladislav JAKL, \u0159editel politick\u00e9ho odboru Kancel\u00e1\u0159e prezidenta republiky:<\/em><br \/>\nAno, ale ve sv\u00e9 podstat\u011b&#8230;<\/p>\n<p><em>Martin VESELOVSK\u00dd, moder\u00e1tor:<\/em><br \/>\nPardon pane \u0159editeli, pokud je na stole od v\u00e1s ta informace, kter\u00e1 vis\u00ed  do te\u010f i na va\u0161em webu ve va\u0161em \u010dl\u00e1nku, \u017ee to byli t\u0159i lid\u00e9, se kter\u00fdmi  prezident V\u00e1clav Klaus debatoval o amnestii. Tak je tady te\u010f 13. \u00fanora  ta ot\u00e1zka, kdo to byli ti lid\u00e9?<\/p>\n<p><em>Ladislav JAKL, \u0159editel politick\u00e9ho odboru Kancel\u00e1\u0159e prezidenta republiky:<\/em><br \/>\nJ\u00e1 nem\u00e1m od \u017e\u00e1dn\u00fdch spolupracovn\u00edk\u016f, v\u00edte my se te\u010f najednou tv\u00e1\u0159\u00edme,  \u017ee nikdo nev\u00ed kdo jsou nejbli\u017e\u0161\u00ed t\u0159i spolupracovn\u00edci V\u00e1clava Klause. Vy  si d\u011bl\u00e1te, legraci, \u017ee jo? Ne fakt, vy si d\u011bl\u00e1te srandu?<\/p>\n<p><em>Martin VESELOVSK\u00dd, moder\u00e1tor:<\/em><br \/>\nNed\u011bl\u00e1m.<\/p>\n<p><em>Ladislav JAKL, \u0159editel politick\u00e9ho odboru Kancel\u00e1\u0159e prezidenta republiky:<\/em><br \/>\nA stejn\u011b tak si d\u011blaj\u00ed srandu v\u0161ichni novin\u00e1\u0159i, kte\u0159\u00ed o t\u0159ech  nejbli\u017e\u0161\u00edch spolupracovn\u00edc\u00edch pana prezidenta republiky napsali stohy  pap\u00edru. Ale znova opakuji&#8230;<\/p>\n<p><em>Martin VESELOVSK\u00dd, moder\u00e1tor:<\/em><br \/>\nPane \u0159editeli, po\u010dkejte pane \u0159editeli&#8230;<\/p>\n<p><em>Ladislav JAKL, \u0159editel politick\u00e9ho odboru Kancel\u00e1\u0159e prezidenta republiky:<\/em><br \/>\nAle j\u00e1 se pot\u0159ebuju dostat k t\u00e9 v\u011bt\u011b, kterou v\u00e1m chci \u0159\u00edct, proto\u017ee z n\u00ed podle m\u011b vznikla ta vlna t\u011bch \u017e\u00e1dost\u00ed a t\u011bch \u017ealob.<\/p>\n<p><em>Martin VESELOVSK\u00dd, moder\u00e1tor:<\/em><br \/>\nA pardon, a nevznikla n\u00e1hodou, \u017ee to prach oby\u010dejn\u011b ve\u0159ejnost nev\u00ed?<\/p>\n<p><em>Ladislav JAKL, \u0159editel politick\u00e9ho odboru Kancel\u00e1\u0159e prezidenta republiky:<\/em><br \/>\nLidov\u00e9 noviny toti\u017e tuto mou odpov\u011b\u010f p\u0159elo\u017eilo z \u010de\u0161tiny do \u010de\u0161tiny do  titulku. A v tom titulku napsaly, \u017ee o amnestii jsme se radili t\u0159i lid\u00e9  nebo n\u011bco v tomto smyslu. A vypadl jim z toho ten prezident. A vznikla  p\u0159edstava velmi \u017eiven\u00e1 n\u00e1sleduj\u00edc\u00edch 6 t\u00fddn\u016f a\u017e do 13. \u00fanora, a proto o  tom mluv\u00edm, jinak bych o tom nemluvil, \u017ee amnestie vznikala jako  dokument, hotov\u00fd dokument n\u011bkde jinde a nesv\u00e9pr\u00e1vn\u00fd prezident, kter\u00fd asi  ne\u010dte co mu kdo d\u00e1v\u00e1 k podpisu, to jenom podepsal, a proto se n\u011bkdo&#8230;<\/p>\n<p><em>Martin VESELOVSK\u00dd, moder\u00e1tor:<\/em><br \/>\nPo\u010dkejte pane \u0159editeli, to jsem j\u00e1 ani zdaleka nenazna\u010dil. J\u00e1 jsem jenom citoval v\u00e1\u0161 web.<\/p>\n<p><em>Ladislav JAKL, \u0159editel politick\u00e9ho odboru Kancel\u00e1\u0159e prezidenta republiky:<\/em><br \/>\nAmnestii nikdo nep\u0159ipravoval, nikdo ji nep\u0159ipravoval.<\/p>\n<p><em>Martin VESELOVSK\u00dd, moder\u00e1tor:<\/em><br \/>\nNikdo ji nep\u0159ipravoval? J\u00e1 nutn\u011b mus\u00edm, j\u00e1 nutn\u011b znovu mus\u00edm citovat.<\/p>\n<p><em>Ladislav JAKL, \u0159editel politick\u00e9ho odboru Kancel\u00e1\u0159e prezidenta republiky:<\/em><br \/>\n\u017d\u00e1dn\u00fd takov\u00fd dokument neexistuje a nikdy neexistoval.<\/p>\n<p><em>Martin VESELOVSK\u00dd, moder\u00e1tor:<\/em><br \/>\nJ\u00e1 nutn\u011b znovu mus\u00edm citovat tu v\u011btu, kdy vy s\u00e1m jste \u0159\u00edkal, \u017ee  amnestie a je to naps\u00e1no u v\u00e1s na webu &#8222;vznikala v debat\u011b pana  prezidenta s \u00fazk\u00fdm okruhem jeho t\u0159i nejbli\u017e\u0161\u00edch spolupracovn\u00edk\u016f&#8220; v  z\u00e1vorce tam je to, co jste \u0159\u00edkal te\u010f a ptal jste se m\u011b, jestli si d\u011bl\u00e1m  legraci. To opravdu najednou nikdo nev\u00ed, kdo to je? Dob\u0159e, tak j\u00e1 si  tipnu. Byl jste mezi t\u011bmi t\u0159emi lidmi vy?<\/p>\n<p><em>Ladislav JAKL, \u0159editel politick\u00e9ho odboru Kancel\u00e1\u0159e prezidenta republiky:<\/em><br \/>\nAno, ano, j\u00e1 to \u0159\u00edk\u00e1m od sam\u00e9ho za\u010d\u00e1tku. Ale j\u00e1 v\u00e1m na to odpov\u00eddat  nebudu. A\u0165 to \u0159eknou bu\u010f ti dva p\u00e1nov\u00e9. Konec konc\u016f j\u00e1 nem\u016f\u017eu v\u011bd\u011bt,  jestli se pan prezident t\u0159eba neradil n\u011bkde ve front\u011b na vlek na ly\u017e\u00edch  nebo jestli se nezeptal&#8230; to jsou ob\u010dansk\u00e1 t\u00e9mata, o kter\u00fdch by si mohl  pov\u00eddat i s v\u00e1ma posledn\u00edch 10 let.<\/p>\n<p><em>Martin VESELOVSK\u00dd, moder\u00e1tor:<\/em><br \/>\nNo jestli by si pov\u00eddal se mnou pane \u0159editeli, tak to by se moc daleko nedobral, j\u00e1 nejsem pr\u00e1vn\u00edk.<\/p>\n<p><em>Ladislav JAKL, \u0159editel politick\u00e9ho odboru Kancel\u00e1\u0159e prezidenta republiky:<\/em><br \/>\nKlidn\u011b, ne. Ne, to v\u016fbec nejde o pr\u00e1vn\u00ed z\u00e1le\u017eitosti. Prost\u011b by si jenom  pov\u00eddal o sv\u00fdch dojmech, kter\u00fd m\u00e1 t\u0159eba z agendy milost\u00ed. T\u0159eba zrovna z  toho, \u017ee zase n\u011bjak\u00fd \u017eivnostn\u00edk, kter\u00fd v roce 1992 za\u010dal podnikat a v  roce 1993 mu nedodali n\u011bjak\u00e9 zbo\u017e\u00ed a on tud\u00ed\u017e n\u011bkomu nezaplatil a od t\u00e9  doby l\u00edt\u00e1 po soudech, vyrostly mu mezit\u00edm d\u011bti, rozpadla se mu rodina,  p\u0159i\u0161el o ve\u0161ker\u00fd majetek a v\u016fbec jeho p\u0159\u00edpad nen\u00ed rozsouzen. Takov\u00fdch  p\u0159\u00edpad\u016f byly des\u00edtky a des\u00edtky a je jasn\u00e9, \u017ee i tato \u00favaha p\u0159i zva\u017eov\u00e1n\u00ed  co v\u0161echno m\u00e1 obsahovat amnestie, padla. Mimochodem abolici, \u010dili  zastaven\u00ed trestn\u00edho st\u00edh\u00e1n\u00ed, obsahovaly v\u0161echny p\u0159edchoz\u00ed amnestie a  mimochodem ta p\u0159edchoz\u00ed se t\u00fdkala 16 tis\u00edc p\u0159\u00edpad\u016f a tato jenom 150.<\/p>\n<p><em>Martin VESELOVSK\u00dd, moder\u00e1tor:<\/em><br \/>\nAle pane \u0159editeli, vy mi mo\u017en\u00e1 \u0161patn\u011b rozum\u00edte. J\u00e1 to nevztahuju k  tomu, co n\u011bkdo jin\u00fd, jin\u00fd prezident ud\u011blal. Te\u010f se tady bav\u00edme o  amnestii prezidenta republiky V\u00e1clava Klause a o tom co zp\u016fsobila d\u00e1l a\u017e  do 13. \u00fanora a jak\u00fdm zp\u016fsobem poznamen\u00e1v\u00e1 konec jeho mand\u00e1tu na postu  prezidenta \u010cesk\u00e9 republiky.<\/p>\n<p><em>Ladislav JAKL, \u0159editel politick\u00e9ho odboru Kancel\u00e1\u0159e prezidenta republiky:<\/em><br \/>\nA j\u00e1 se v\u00e1m sna\u017e\u00edm vysv\u011btlit, \u017ee n\u011bkdo v tom vid\u00ed n\u011bjak\u00fd form\u00e1ln\u00ed  proces. \u017de n\u011bkde n\u011bkdo napsal n\u011bjak\u00fd n\u00e1vrh, a vy chcete v\u011bd\u011bt kdo,  p\u0159edlo\u017een\u00fd k n\u011bjak\u00e9mu schv\u00e1len\u00ed a vy chcete v\u011bd\u011bt ten proces toho  schvalov\u00e1n\u00ed. A j\u00e1 v\u00e1m \u0159\u00edk\u00e1m, \u017ee to vypadalo u sezen\u00ed u kulat\u00e9ho  stole\u010dku, kdy se \u0159\u00edkalo&#8230;<\/p>\n<p><em>Martin VESELOVSK\u00dd, moder\u00e1tor:<\/em><br \/>\nJ\u00e1 jsem to pane \u0159editeli pochopil, to co jste mi \u0159\u00edkal. Ale j\u00e1 k tomu mus\u00edm dodat&#8230;<\/p>\n<p><em>Ladislav JAKL, \u0159editel politick\u00e9ho odboru Kancel\u00e1\u0159e prezidenta republiky:<\/em><br \/>\nKa\u017ed\u00e1 amnestie, ka\u017ed\u00e1 amnestie obsahuje prominut\u00ed trest\u016f, za druh\u00e9  p\u0159eveden\u00ed n\u011bkter\u00fdch trest\u016f na podm\u00ednku a za t\u0159et\u00ed zastaven\u00ed trestn\u00edho  st\u00edh\u00e1n\u00ed. A te\u010f se bavit v trestu do jak\u00e9 v\u00fd\u0161i, koho se t\u00fdkat, jestli  n\u011bkoho zv\u00fdhodnit, jestli t\u0159eba star\u00e9 nebo mlad\u00e9, n\u011bkter\u00e9 ob\u010dany.<\/p>\n<p><em>Martin VESELOVSK\u00dd, moder\u00e1tor:<\/em><br \/>\nPane \u0159editeli Jakle, m\u011b jedin\u00e9, co m\u011b na tom zaj\u00edmalo&#8230;<\/p>\n<p><em>Ladislav JAKL, \u0159editel politick\u00e9ho odboru Kancel\u00e1\u0159e prezidenta republiky:<\/em><br \/>\nA v takov\u00e9hle debat\u011b to vznikalo.<\/p>\n<p><em>Martin VESELOVSK\u00dd, moder\u00e1tor:<\/em><br \/>\n\u00dapln\u011b rozum\u00edm. A p\u0159esto m\u011b jedin\u00e9 zaj\u00edm\u00e1, jestli ten v\u00fdsledn\u00fd text,  kter\u00fd kdy\u017e d\u00e1m takhle dohromady, text amnestie, tak je to A4 prost\u011b  norm\u00e1ln\u00edho textu, dlu\u017eno podotknout textu v pr\u00e1vnick\u00e9m jazyce. Tak  jestli prost\u011b ty parametry amnestie, ten text napsal n\u011bkdo z v\u00e1s t\u0159\u00ed, to  znamen\u00e1 pravd\u011bpodobn\u011b Radim Ochvat, Petr H\u00e1jek nebo Ladislav Jakl.<\/p>\n<p><em>Ladislav JAKL, \u0159editel politick\u00e9ho odboru Kancel\u00e1\u0159e prezidenta republiky:<\/em><br \/>\nNe, \u017e\u00e1dn\u00fd takov\u00fd text nen\u00ed t\u0159eba. Kdybych cht\u011bl b\u00fdt sarkastick\u00fd a n\u011bkdo  m\u011b bude za tu v\u011btu popotahovat, ale klidn\u011b to \u0159eknu. Tak \u0159eknu, jestli  n\u011bkdo p\u0159ipravoval tuto amnestii, tak to byl prezident Havel a nebo mo\u017en\u00e1  i Hus\u00e1k. Prost\u011b vezmete jakoukoliv p\u0159edchoz\u00ed amnestii, kter\u00e1 je ps\u00e1na  pr\u00e1vn\u00edm jazykem, ta m\u00e1 univerz\u00e1ln\u00ed neutr\u00e1ln\u00ed obsah. A ten vlastn\u00ed obsah  tomu d\u00e1 pr\u00e1v\u011b ta debata o t\u011bch parametrech. K tomu nepot\u0159ebujete \u017e\u00e1dn\u00fdho  pr\u00e1vn\u00edka. K tomu pot\u0159ebujete jenom \u00favahu, co chcete ud\u011blat a jak se  chcete rozhodnout a za co chcete n\u00e9st odpov\u011bdnost.<\/p>\n<p><em>Martin VESELOVSK\u00dd, moder\u00e1tor:<\/em><br \/>\nPo\u010dkejte, chcete \u0159\u00edct pane \u0159editeli Jakle, \u017ee p\u0159i p\u0159\u00edprav\u011b parametr\u016f t\u00e9 amnestie prost\u011b tam nebylo nikde slovo pr\u00e1vn\u00edka?<\/p>\n<p><em>Ladislav JAKL, \u0159editel politick\u00e9ho odboru Kancel\u00e1\u0159e prezidenta republiky:<\/em><br \/>\nNo to v\u016fbec ne. Pr\u00e1v\u011b u parametr\u016f podle m\u011b v\u016fbec \u017e\u00e1dn\u00fd pr\u00e1vn\u00edk ani nem\u00e1  co d\u011blat, proto\u017ee to je ob\u010dansk\u00e9 a politick\u00e9 rozhodnut\u00ed. Zat\u00edmco  pr\u00e1vn\u00edci na to koukaj\u00ed pr\u00e1v\u011b z pohledu t\u00e9 justi\u010dn\u00ed ma\u0161in\u00e9rie, proti  kter\u00e9 vlastn\u011b i institut milosti a institut amnestie je vlastn\u011b nam\u00ed\u0159en.<\/p>\n<p><em>Martin VESELOVSK\u00dd, moder\u00e1tor:<\/em><br \/>\nPo\u010dkejte, chcete mi \u0159\u00edct pane \u0159editeli, p\u0159i v\u0161\u00ed \u00fact\u011b k va\u0161\u00ed profesi, vy nejste pr\u00e1vn\u00edk, to znamen\u00e1&#8230;<\/p>\n<p><em>Ladislav JAKL, \u0159editel politick\u00e9ho odboru Kancel\u00e1\u0159e prezidenta republiky:<\/em><br \/>\nPr\u00e1vn\u00edk nejsem, ale pr\u00e1vem se zab\u00fdv\u00e1m 25 let. Moj\u00edm denn\u00edm chlebem je  posuzov\u00e1n\u00ed z\u00e1kon\u016f, n\u011bkter\u00e9 z\u00e1kony jsem i s\u00e1m napsal a nen\u00ed to pro m\u011b  \u00fapln\u011b ciz\u00ed.<\/p>\n<p><em>Martin VESELOVSK\u00dd, moder\u00e1tor:<\/em><br \/>\nTo znamen\u00e1,  \u017ee vy jste vzal, vy jste vzal nap\u0159\u00edklad trestn\u00ed z\u00e1kon\u00edk a kdy\u017e jste se o  tom bavili s prezidentem V\u00e1clavem Klausem, tak jste \u0159\u00edkal, pokud to  bude nastaveno takhle, tak to nakonec bude vypadat zhruba na tyto  trestn\u00e9 \u010diny, bylo by dobr\u00e9 nastavit, \u0159ekn\u011bme tu hranici trestu na tuto  v\u00fd\u0161i.<\/p>\n<p><em>Ladislav JAKL, \u0159editel politick\u00e9ho odboru Kancel\u00e1\u0159e prezidenta republiky:<\/em><br \/>\nAno a je\u0161t\u011b to dopln\u00edm t\u00edm, \u017ee jednu v\u011bc jsme opravdu pot\u0159ebovali a  nev\u011bd\u011bli. A takov\u00e9 informace j\u00e1 jsem m\u011bl nap\u0159\u00edklad u\u017e od pana ministra  Posp\u00ed\u0161ila a z jeho \u00fa\u0159adu a tyto informace jsme m\u011bli i od pana ministra  Bla\u017eka. A to byly informace, kter\u00e9 bylo t\u0159eba ov\u011b\u0159ovat pr\u016fb\u011b\u017en\u011b, proto\u017ee  ony se m\u011bn\u00ed. A to byly informace o alespo\u0148 odhadu po\u010dtu lid\u00ed, kter\u00fdch  se to t\u00fdk\u00e1, kte\u0159\u00ed by \u0161li z basy ven. To znamen\u00e1, kolik z nich moment\u00e1ln\u011b  aktu\u00e1ln\u011b sed\u00ed a byli odsouzeni do jednoho roku natvrdo.<\/p>\n<p><em>Martin VESELOVSK\u00dd, moder\u00e1tor:<\/em><br \/>\nRozum\u00edm u toho prvn\u00edho \u010dl\u00e1nku amnestie, tomu rozum\u00edm, a t\u0159et\u00edho. Ale co  ten druh\u00fd, ten aboli\u010dn\u00ed? V\u011bd\u011bli jste p\u0159i t\u00e9 p\u0159\u00edprav\u011b v tom \u00fazk\u00e9m  krou\u017eku, tu\u0161il jste na koho v\u0161eho dopadne ten aboli\u010dn\u00ed \u010dl\u00e1nek?<\/p>\n<p><em>Ladislav JAKL, \u0159editel politick\u00e9ho odboru Kancel\u00e1\u0159e prezidenta republiky:<\/em><br \/>\nMus\u00edm \u0159\u00edct, \u017ee ano. A \u017ee pr\u00e1v\u011b s ohledem na, na zn\u011bn\u00ed trestn\u00edho \u0159\u00e1du,  tak nakonec ta hranice, uva\u017eovalo se podle n\u011bkter\u00fdch r\u016fzn\u00fdch \u00favah,  n\u00e1pad\u016f, \u017ee ta hranice bude dokonce 12 let potenci\u00e1ln\u00edho trestu. Jenom\u017ee  pak jsme studiem r\u016fzn\u00fdch pramen\u016f zjistili, \u017ee pr\u00e1v\u011b 12 let\u00fd trest se  t\u00fdk\u00e1 z\u00e1va\u017en\u00e9 hospod\u00e1\u0159sk\u00e9 \u010dinnosti a kriminality a korupce. Kdy\u017e ve\u0159ejn\u00fd  \u010dinitel dostane p\u016fl milionu nav\u00edc, tak tam je ta sazba 12 let a nebo  kdy\u017e jde o osobn\u00ed zodpov\u011bdnost za v\u00fdznamn\u00e9 ekonomick\u00e9 \u0161kody, tak tam je  tak\u00e9 sazba 12 let. A my jsme prost\u011b necht\u011bli, i kdy\u017e jsme z na\u0161eho  pohledu pova\u017eovali a mysl\u00edm, \u017ee to je nutn\u00e9 pova\u017eovat ty lidi za  nevinn\u00e9, pokud v\u016fbec je\u0161t\u011b existuje n\u011bco jako presumpce nevinny, tak  nesta\u010d\u00ed, \u017ee o n\u011bm napsali \u0161estkr\u00e1t v novin\u00e1ch, \u017ee to je lump a \u017ee  politik \u0159ekl, \u017ee to je gauner.<\/p>\n<p><em>Martin VESELOVSK\u00dd, moder\u00e1tor:<\/em><br \/>\nPane \u0159editeli, j\u00e1 to v\u016fbec nezpochyb\u0148uji.<\/p>\n<p><em>Ladislav JAKL, \u0159editel politick\u00e9ho odboru Kancel\u00e1\u0159e prezidenta republiky:<\/em><br \/>\nProst\u011b za 15 let ho soudy neodsoudily, proto\u017ee nebyly schopn\u00e9. A i tam  jsme pro jistotu tu hranici z t\u011bch 12 ubrali na 10, aby tyhle ty  p\u0159\u00edpady, ani potenci\u00e1ln\u011b tam nespadaly. A pak jsme se bavili i o t\u00e9  hranici, jestli to m\u00e1 b\u00fdt \u0159\u00edzen\u00ed, kter\u00e9 trv\u00e1 v\u00edc ne\u017e 5 let, 6 let, 8  let.<\/p>\n<p><em>Martin VESELOVSK\u00dd, moder\u00e1tor:<\/em><br \/>\nRozum\u00edm.<\/p>\n<p><em>Ladislav JAKL, \u0159editel politick\u00e9ho odboru Kancel\u00e1\u0159e prezidenta republiky:<\/em><br \/>\nA tam n\u00e1m zase pomohla judikatura Evropsk\u00e9ho soudu pro lidsk\u00e1 pr\u00e1va.<\/p>\n<p><em>Martin VESELOVSK\u00dd, moder\u00e1tor:<\/em><br \/>\nZaj\u00edm\u00e1 m\u011b, dob\u0159e, tak vy jste v t\u00e9 skupince, kdy\u017e jste o tom mluvili,  \u0159ekn\u011bme m\u011bl pod sebou n\u011bjak\u00fdm zp\u016fsobem tu pr\u00e1vn\u00ed ot\u00e1zku v\u011bci.<\/p>\n<p><em>Ladislav JAKL, \u0159editel politick\u00e9ho odboru Kancel\u00e1\u0159e prezidenta republiky:<\/em><br \/>\nMo\u017en\u00e1 i proto a to v\u00e1m tak\u00e9 prozrad\u00edm, mo\u017en\u00e1 i proto, \u017ee jsem se o  amnestii zaj\u00edmal minim\u00e1ln\u011b 7 let a poprv\u00e9 jsem panu prezidentovi navrhl  jej\u00ed vyhl\u00e1\u0161en\u00ed je\u0161t\u011b p\u0159ed koncem jeho prvn\u00edho funk\u010dn\u00edho obdob\u00ed. U\u017e tehdy  jsem si od n\u011bkter\u00fdch pr\u00e1vn\u00edk\u016f nechal vypracovat pr\u00e1v\u011b n\u011bkter\u00e9, n\u011bkter\u00e9  odhady, kolik lid\u00ed spad\u00e1 do ur\u010dit\u00fdch sazeb a m\u011bl jsem na to docela  obs\u00e1hlou literaturu po cel\u00e1 ta l\u00e9ta. Pan prezident m\u011b s t\u00edm opakovan\u011b  vyhodil, proto\u017ee asi spr\u00e1vn\u011b uznal, \u017ee ten institut amnesti\u00ed byl  zprofanov\u00e1n p\u0159edchoz\u00edm prezidentem, kter\u00fd ud\u011blil 4 amnestie, a zd\u00e1lo se  mu, \u017ee nen\u00ed vhodn\u00e1 doba. Po t\u011bch 15 letech od posledn\u00ed amnestie, u\u017e  nakonec uznal&#8230;<\/p>\n<p><em>Martin VESELOVSK\u00dd, moder\u00e1tor:<\/em><br \/>\nV\u00e1s nevyhodil.<\/p>\n<p><em>Ladislav JAKL, \u0159editel politick\u00e9ho odboru Kancel\u00e1\u0159e prezidenta republiky:<\/em><br \/>\nM\u011b nevyhodil a podle m\u011b i pod dennodenn\u00edm kontaktem s tou agendou  milost\u00ed, kterou kdy\u017e 10 let m\u00e1te \u010d\u00edst ty \u017e\u00e1dosti, ty p\u0159\u00edb\u011bhy a ty  rozsudky, tak ono v\u00e1s to taky tro\u0161ku nahlod\u00e1.<\/p>\n<p><em>Martin VESELOVSK\u00dd, moder\u00e1tor:<\/em><br \/>\nTak o va\u0161\u00ed roli v p\u0159\u00edprav\u011b amnestie u\u017e mi je o n\u011bco v\u00edce jasno. Ti dal\u0161\u00ed dva p\u00e1nov\u00e9, to byli kdo?<\/p>\n<p><em>Ladislav JAKL, \u0159editel politick\u00e9ho odboru Kancel\u00e1\u0159e prezidenta republiky:<\/em><br \/>\nNo j\u00e1 nejsem, nem\u00e1m pov\u011b\u0159en\u00ed od nikoho, abych \u0159\u00edkal, sed\u011bl vedle m\u011b  tenhle ten. Jestli se n\u011bkomu chce takhle se k n\u011b\u010demu hl\u00e1sit, tak a\u0165 se  klidn\u011b p\u0159ihl\u00e1s\u00ed. Jestli pan prezident bude m\u00edt pocit, \u017ee m\u00e1 kus sv\u00e9  odpov\u011bdnosti na n\u011bkoho hodit, tak a\u0165 to taky ud\u011bl\u00e1 t\u0159eba on. Ale faktem  je, \u017ee o ka\u017ed\u00e9m parametru z t\u011bch jednotliv\u00fdch, nakonec stejn\u011b musel  rozhodnout prezident. A \u0159ekl, a bude to takto a bude to tato hranice a  bude to, bude to tato sazba a hotovo. Proto tak\u00e9 n\u011bkter\u00e9 v\u011bci, lidi  kter\u00fd \u010dtou amnestii, \u010dtou v\u011bci kter\u00fd tam jsou. Ale u\u017e nem\u016f\u017eou \u010d\u00edst v\u011bci,  kter\u00fd tam nejsou. Proto\u017ee nakonec pan prezident rozhodl, \u017ee tam  nebudou.<\/p>\n<p><em>Martin VESELOVSK\u00dd, moder\u00e1tor:<\/em><br \/>\nVysv\u011btlete mi  pro\u010d tak, jak vy mi tady te\u010f \u0159\u00edk\u00e1te, \u017ee jste byl jedn\u00edm z t\u011bch t\u0159\u00ed, o  kter\u00fdch jste mluvil u\u017e toho 2., pro\u010d prost\u011b Kancel\u00e1\u0159 prezidenta  republiky komukoliv kdo si \u0159ekne, ne\u0159ekne ano, byl to Ladislav Jakl a  dal\u0161\u00ed dva p\u00e1nov\u00e9.<\/p>\n<p><em>Ladislav JAKL, \u0159editel politick\u00e9ho odboru Kancel\u00e1\u0159e prezidenta republiky:<\/em><br \/>\nAno, to v\u00e1m chci \u0159\u00edct. Proto\u017ee to nen\u00ed \u00fa\u0159edn\u00ed agenda.<\/p>\n<p><em>Martin VESELOVSK\u00dd, moder\u00e1tor:<\/em><br \/>\nPo\u010dkejte, vy se pohybujete pane \u0159editeli v t\u00e9 form\u00e1ln\u00ed v\u011bci.<\/p>\n<p><em>Ladislav JAKL, \u0159editel politick\u00e9ho odboru Kancel\u00e1\u0159e prezidenta republiky:<\/em><br \/>\nNo v\u017edy\u0165 pr\u00e1v\u011b.<\/p>\n<p><em>Martin VESELOVSK\u00dd, moder\u00e1tor:<\/em><br \/>\nAle j\u00e1 se pt\u00e1m&#8230;<\/p>\n<p><em>Ladislav JAKL, \u0159editel politick\u00e9ho odboru Kancel\u00e1\u0159e prezidenta republiky:<\/em><br \/>\nV\u017edy\u0165 ta va\u0161e ot\u00e1zka byla form\u00e1ln\u00ed. Pro\u010d \u00fa\u0159ad prezidenta ne\u0159ekne?<\/p>\n<p><em>Martin VESELOVSK\u00dd, moder\u00e1tor:<\/em><br \/>\nJ\u00e1 jsem \u0159\u00edkal Kancel\u00e1\u0159 prezidenta republiky.<\/p>\n<p><em>Ladislav JAKL, \u0159editel politick\u00e9ho odboru Kancel\u00e1\u0159e prezidenta republiky:<\/em><br \/>\nNo, Kancel\u00e1\u0159 prezidenta, no. A to je org\u00e1n, kter\u00fd dost\u00e1v\u00e1 dotaz, moment\u00e1ln\u011b t\u0159eba dotaz na z\u00e1klad\u011b z\u00e1kona.<\/p>\n<p><em>Martin VESELOVSK\u00dd, moder\u00e1tor:<\/em><br \/>\nAle j\u00e1 rozum\u00edm, \u017ee k tomu dejme tomu podle va\u0161eho v\u00fdkladu nen\u00ed  povinov\u00e1n. Ale neuklidnila by se t\u00edm, \u0159ekn\u011bme i situace kolem amnestie a  atmosf\u00e9ra prost\u011b?<\/p>\n<p><em>Ladislav JAKL, \u0159editel politick\u00e9ho odboru Kancel\u00e1\u0159e prezidenta republiky:<\/em><br \/>\nJ\u00e1 mysl\u00edm, \u017ee v\u016fbec ne. J\u00e1 mysl\u00edm, \u017ee jakmile z n\u011bkoho ud\u011bl\u00e1te ter\u010d, tak to je jako kdy\u017e k\u0159iknete Azore trhej!<\/p>\n<p><em>Martin VESELOVSK\u00dd, moder\u00e1tor:<\/em><br \/>\nVy jste ze sebe ud\u011blal ter\u010d te\u010f pane \u0159editeli?<\/p>\n<p><em>Ladislav JAKL, \u0159editel politick\u00e9ho odboru Kancel\u00e1\u0159e prezidenta republiky:<\/em><br \/>\nAno a to jsem u\u017e n\u011bkolik t\u00fddn\u016f. J\u00e1 dost\u00e1v\u00e1m denn\u011b mo\u017en\u00e1 stovky v\u00fdhr\u016f\u017eek  n\u00e1sil\u00edm. \u017de m\u011b n\u011bkdo p\u0159ijde zab\u00edt, zml\u00e1tit, \u00fapln\u011b b\u011b\u017en\u011b des\u00edtky a  stovky. Ano, j\u00e1 to unesu a v\u011bd\u011bl jsem, \u017ee to unesu a tak jsem to ve\u0159ejn\u011b  \u0159ekl. Jestli se n\u011bkomu chce do toho j\u00edt, tak a\u0165 to klidn\u011b ud\u011bl\u00e1. Ale  hlavn\u011b chci \u0159\u00edct, jestli n\u011bkdo n\u011bkde sed\u00ed v n\u011bjak\u00e9m krou\u017eku debaty a  \u0159ekne, no j\u00e1 mysl\u00edm, \u017ee to m\u011blo b\u00fdt takhle. A za p\u016fl hodiny \u0159ekne, no j\u00e1  bych ubral. A druh\u00fd den \u0159ekne, no j\u00e1 si mysl\u00edm, \u017ee by tam m\u011blo b\u00fdt  je\u0161t\u011b toto. Jak chcete zm\u011b\u0159it vliv toho \u010dlov\u011bka na to rozhodov\u00e1n\u00ed.<\/p>\n<p><em>Martin VESELOVSK\u00dd, moder\u00e1tor:<\/em><br \/>\nPardon pane \u0159editeli, to nikdo ani v tomto rozhovoru necht\u011bl o tom  vlivu. Ot\u00e1zka zn\u011bla a p\u0159ece moje ot\u00e1zka celou dobu zn\u011bla, kdo se vedle  prezidenta republiky V\u00e1clava Klause pod\u00edlel na p\u0159\u00edprav\u011b amnestie?<\/p>\n<p><em>Ladislav JAKL, \u0159editel politick\u00e9ho odboru Kancel\u00e1\u0159e prezidenta republiky:<\/em><br \/>\nNepod\u00edlel se nikdo. Pan prezident&#8230;<\/p>\n<p><em>Martin VESELOVSK\u00dd, moder\u00e1tor:<\/em><br \/>\nA vy jste \u0159\u00edkal, \u017ee vy ano.<\/p>\n<p><em>Ladislav JAKL, \u0159editel politick\u00e9ho odboru Kancel\u00e1\u0159e prezidenta republiky:<\/em><br \/>\nPan prezident se radil a debatoval s lidmi a cht\u011bl sly\u0161et n\u011bjak\u00e9 jejich  n\u00e1zory, n\u011bkter\u00e9 vzal, n\u011bkter\u00e9 nevzal. A pod v\u00fdsledn\u00fd dokument se, tak  jak se o n\u011bm rozhodl, se podepsal. To je v\u0161echno.<\/p>\n<p><em>Martin VESELOVSK\u00dd, moder\u00e1tor:<\/em><br \/>\nTo \u0161lo t\u011b\u017eko ud\u011blat podle \u00dastavy jinak.<\/p>\n<p><em>Ladislav JAKL, \u0159editel politick\u00e9ho odboru Kancel\u00e1\u0159e prezidenta republiky:<\/em><br \/>\nZat\u00edmco, zat\u00edmco cel\u00e9 ty t\u00fddny j\u00e1 \u017eiju v p\u0159edstav\u00e1ch a dokonce o tom  Lidov\u00e9 noviny vydaly l\u017eiv\u00fd \u010dl\u00e1nek, \u017ee j\u00e1 se dv\u011bma pr\u00e1vn\u00edky jsem n\u011bkde  vypracoval n\u011bjak\u00fd n\u00e1vrh. Nem\u011bly proto ty noviny v\u016fbec \u017e\u00e1dn\u00fd podklad a  tak\u00e9 to odp\u00edskaly. M\u00edsto toho, aby se omluvily \u010dten\u00e1\u0159\u016fm a ostatn\u00edm  m\u00e9di\u00edm, kter\u00e9 to od nich opsaly, tak ticho po p\u011b\u0161in\u011b.<\/p>\n<p><em>Martin VESELOVSK\u00dd, moder\u00e1tor:<\/em><br \/>\nPane \u0159editeli, co ode m\u011b \u010dek\u00e1te na adresu Lidov\u00fdch novin, to si budou muset vy\u0159e\u0161it samy Lidov\u00e9 noviny.<\/p>\n<p><em>Ladislav JAKL, \u0159editel politick\u00e9ho odboru Kancel\u00e1\u0159e prezidenta republiky:<\/em><br \/>\nNo, ale \u017ee to v\u0161ichni od nich slep\u011b opisuj\u00ed jako ka\u017ed\u00e9 dal\u0161\u00ed v\u011bci.<\/p>\n<p><em>Martin VESELOVSK\u00dd, moder\u00e1tor:<\/em><br \/>\nNe Radio\u017eurn\u00e1l, ne Radio\u017eurn\u00e1l. Je\u0161t\u011b jedna v\u011bc m\u011b zaj\u00edm\u00e1 a ta souvis\u00ed  p\u0159\u00edmo s koncem mand\u00e1tu prezidenta republiky. M\u011bl by podle va\u0161eho n\u00e1zoru  Parlament odsouhlasit, podobn\u011b jako se to stalo na konci mand\u00e1tu V\u00e1clava  Havla, do\u017eivotn\u00ed ponech\u00e1n\u00ed si t\u011bch dvou nejvy\u0161\u0161\u00edch \u0159\u00e1d\u016f, to znamen\u00e1  \u0159\u00e1du B\u00edl\u00e9ho lva a \u0159\u00e1du Tom\u00e1\u0161e Garrigue Masaryka prvn\u00ed t\u0159\u00eddy pro V\u00e1clava  Klause? Proto\u017ee pokud to tak neud\u011bl\u00e1, tak vzhledem k tomu, \u017ee je m\u00e1  prop\u016fj\u010deny, je bude muset \u0159ekn\u011bme vr\u00e1tit \u010di ponechat? Je to d\u016fle\u017eit\u00e9?<\/p>\n<p><em>Ladislav JAKL, \u0159editel politick\u00e9ho odboru Kancel\u00e1\u0159e prezidenta republiky:<\/em><br \/>\nV\u00edte, j\u00e1 jsem byl z toho v rozpac\u00edch u\u017e tehdy p\u0159ed t\u011bmi 10 lety a asi  nejsem vhodn\u00fd \u010dlov\u011bk, kter\u00e9ho se pt\u00e1te, proto\u017ee j\u00e1 na tyhle ty tance moc  nejsem. Prost\u011b j\u00e1 jsem nikdy nebyl met\u00e1lista a met\u00e1ly m\u011b moc nebraly.  Ale jestli za t\u00edm n\u011bkdo vid\u00ed n\u011bjakou z\u00e1sadn\u00ed symboliku, tak a\u0165 nad t\u00edm  v\u00e1\u0161niv\u011b debatuje. M\u011b to nech\u00e1v\u00e1 chladn\u00fdm.<\/p>\n<p><em>Martin VESELOVSK\u00dd, moder\u00e1tor:<\/em><br \/>\nTak v tom p\u0159\u00edpad\u011b je\u0161t\u011b jedna ot\u00e1zka. Co budete d\u011blat a\u017e odejdete z  Pra\u017esk\u00e9ho hradu, vzhledem k tomu, \u017ee jsem jinde v m\u00e9di\u00edch \u010detl, \u017ee pod  dal\u0161\u00edm prezidentem nebo jin\u00fdm prezidentem byste nepracoval.<\/p>\n<p><em>Ladislav JAKL, \u0159editel politick\u00e9ho odboru Kancel\u00e1\u0159e prezidenta republiky:<\/em><br \/>\nJ\u00e1 dokonce k tomu p\u0159id\u00e1m v\u011bc, kterou jsem je\u0161t\u011b nikdy ne\u0159ekl. Kdyby  n\u00e1hodou V\u00e1clav Klaus byl zvolen na t\u0159et\u00ed funk\u010dn\u00ed obdob\u00ed, kdyby to \u00dastava  umo\u017e\u0148ovala, tak bych ani pod n\u00edm nepracoval. J\u00e1 si toti\u017e mysl\u00edm, \u017ee  jsem na tom Hrad\u011b byl docela dlouho, v\u0161echno m\u00e1 m\u00edt v \u017eivot\u011b svoje m\u00edsto  a pro m\u011b to znamenalo determinovan\u00fd ur\u010dit\u00fd zp\u016fsob \u017eivota do zna\u010dn\u00e9 m\u00edry  a mysl\u00edm si, \u017ee to bylo akor\u00e1t a \u017ee bych se m\u011bl poohl\u00ed\u017eet po n\u011b\u010dem  jin\u00e9m. Nejsem pro nic konkr\u00e9tn\u011b rozhodnut, zcela ur\u010dit\u011b pom\u016f\u017eu panu  prezidentu V\u00e1clavu Klausovi v zakl\u00e1d\u00e1n\u00ed toho Institutu V\u00e1clava Klause,  rozhodn\u011b tam n\u011bjakou roli m\u00edt budu. Jakou, jak\u00e9 m\u00edsto v m\u00e9m \u017eivot\u011b to  bude m\u00edt, to s\u00e1m je\u0161t\u011b nev\u00edm, ale zcela ur\u010dit\u011b se budu v\u011bnovat i jin\u00fdm  v\u011bcem a zcela ur\u010dit\u011b v m\u00ed\u0159e v\u011bt\u0161\u00ed, ne\u017e jsem si to mohl dovolit do  nyn\u011bj\u0161ka, se budu v\u011bnovat i sob\u011b. A mo\u017en\u00e1 je\u0161t\u011b jednu v\u011bc, u\u017e nebudu tak  krotk\u00fd a sm\u00ed\u0159liv\u00fd jako ber\u00e1nek, jak jsem byl v\u017edycky ke v\u0161em m\u00e9di\u00edm.  Mo\u017en\u00e1, \u017ee u\u017e budu o n\u011bco ost\u0159ej\u0161\u00ed.<\/p>\n<p><em>Martin VESELOVSK\u00dd, moder\u00e1tor:<\/em><br \/>\nVy jste byl krotk\u00fd a sm\u00ed\u0159liv\u00fd jako ber\u00e1nek pane \u0159editeli?<\/p>\n<p><em>Ladislav JAKL, \u0159editel politick\u00e9ho odboru Kancel\u00e1\u0159e prezidenta republiky:<\/em><br \/>\nA ne snad? V\u017edy\u0165 m\u011b tady dneska vid\u00edte.<\/p>\n<p><em>Martin VESELOVSK\u00dd, moder\u00e1tor:<\/em><br \/>\nNen\u00ed to t\u00edm, \u017ee jste i vy na konci sv\u00e9ho mand\u00e1tu na Hrad\u011b?<\/p>\n<p><em>Ladislav JAKL, \u0159editel politick\u00e9ho odboru Kancel\u00e1\u0159e prezidenta republiky:<\/em><br \/>\nCo je \u010d\u00edm? \u017de jsem jako ber\u00e1nek?<\/p>\n<p><em>Martin VESELOVSK\u00dd, moder\u00e1tor:<\/em><br \/>\n\u017de jste te\u010f mo\u017en\u00e1 krot\u0161\u00ed ne\u017e jindy?<\/p>\n<p><em>Ladislav JAKL, \u0159editel politick\u00e9ho odboru Kancel\u00e1\u0159e prezidenta republiky:<\/em><br \/>\nNe, ne, ne. To j\u00e1 mysl\u00edm, \u017ee jsem po\u0159\u00e1d stejn\u00fd. Kdy\u017e vy mi d\u00e1v\u00e1te tak kr\u00e1sn\u00fd ot\u00e1zky, tak co bych se roz\u010diloval, \u017ee jo.<\/p>\n<p><em>Martin VESELOVSK\u00dd, moder\u00e1tor:<\/em><br \/>\nSna\u017e\u00edte se m\u011b zni\u010dit profesn\u011b pane \u0159editeli?<\/p>\n<p><em>Ladislav JAKL, \u0159editel politick\u00e9ho odboru Kancel\u00e1\u0159e prezidenta republiky:<\/em><br \/>\nTo je\u0161t\u011b jsem nikomu do \u00e9teru ne\u0159ekl, \u017ee t\u0159eba spolu p\u016fjdeme na Budvar, \u017ee jo, n\u011bkdy.<\/p>\n<p><em>Martin VESELOVSK\u00dd, moder\u00e1tor:<\/em><br \/>\nNev\u00edm. Popravd\u011b \u0159e\u010deno pane \u0159editeli, nev\u00edm. Ladislav Jakl, st\u00e1le je\u0161t\u011b  \u0159editel politick\u00e9ho odboru Kancel\u00e1\u0159e prezidenta republiky byl hostem  t\u011bchto Dvaceti minut Radio\u017eurn\u00e1lu, d\u00edky za v\u00e1\u0161 \u010das, na shledanou.<\/p>\n<p><em>Ladislav JAKL, \u0159editel politick\u00e9ho odboru Kancel\u00e1\u0159e prezidenta republiky:<\/em><br \/>\nD\u011bkuji za pozv\u00e1n\u00ed, na shledanou.<\/p>\n<p><em>Martin VESELOVSK\u00dd, moder\u00e1tor:<\/em><br \/>\nMartin Veselovsk\u00fd byl taky u mikrofonu \u010cesk\u00e9ho rozhlasu 1 Radio\u017eurn\u00e1lu, p\u0159eji dobr\u00fd poslech.<\/p>\n<p><a href=\"http:\/\/prehravac.rozhlas.cz\/audio\/2828408\" target=\"_blank\">Zdroj + audio<\/a><\/p>\n","protected":false},"excerpt":{"rendered":"<p>(Audio je na konci \u010dl\u00e1nku) Posledn\u00ed dny a t\u00fddny mand\u00e1tu prezidenta republiky V\u00e1clava Klause rozhodn\u011b nejsou n\u011b\u010d\u00edm, co by se dalo nazvat klidn\u00fdm odchodem. Prezident si vyhl\u00e1\u0161en\u00edm amnestie s aboli\u010dn\u00edm \u010dl\u00e1nkem dok\u00e1zal proti sob\u011b popudit \u010d\u00e1st spole\u010dnosti a i zna\u010dnou \u010d\u00e1st politik\u016f. Byly pod\u00e1ny \u00fastavn\u00ed st\u00ed\u017enosti, z nich\u017e n\u011bkter\u00fdmi se \u00dastavn\u00ed soud st\u00e1le zaob\u00edr\u00e1 a [&hellip;]<\/p>\n","protected":false},"author":1,"featured_media":0,"comment_status":"open","ping_status":"open","sticky":false,"template":"","format":"standard","meta":{"ngg_post_thumbnail":0,"footnotes":""},"categories":[13],"tags":[],"class_list":["post-3595","post","type-post","status-publish","format-standard","hentry","category-rozhovory"],"_links":{"self":[{"href":"https:\/\/www.ladislavjakl.cz\/index.php?rest_route=\/wp\/v2\/posts\/3595","targetHints":{"allow":["GET"]}}],"collection":[{"href":"https:\/\/www.ladislavjakl.cz\/index.php?rest_route=\/wp\/v2\/posts"}],"about":[{"href":"https:\/\/www.ladislavjakl.cz\/index.php?rest_route=\/wp\/v2\/types\/post"}],"author":[{"embeddable":true,"href":"https:\/\/www.ladislavjakl.cz\/index.php?rest_route=\/wp\/v2\/users\/1"}],"replies":[{"embeddable":true,"href":"https:\/\/www.ladislavjakl.cz\/index.php?rest_route=%2Fwp%2Fv2%2Fcomments&post=3595"}],"version-history":[{"count":3,"href":"https:\/\/www.ladislavjakl.cz\/index.php?rest_route=\/wp\/v2\/posts\/3595\/revisions"}],"predecessor-version":[{"id":3597,"href":"https:\/\/www.ladislavjakl.cz\/index.php?rest_route=\/wp\/v2\/posts\/3595\/revisions\/3597"}],"wp:attachment":[{"href":"https:\/\/www.ladislavjakl.cz\/index.php?rest_route=%2Fwp%2Fv2%2Fmedia&parent=3595"}],"wp:term":[{"taxonomy":"category","embeddable":true,"href":"https:\/\/www.ladislavjakl.cz\/index.php?rest_route=%2Fwp%2Fv2%2Fcategories&post=3595"},{"taxonomy":"post_tag","embeddable":true,"href":"https:\/\/www.ladislavjakl.cz\/index.php?rest_route=%2Fwp%2Fv2%2Ftags&post=3595"}],"curies":[{"name":"wp","href":"https:\/\/api.w.org\/{rel}","templated":true}]}}