{"id":3598,"date":"2013-02-15T10:40:48","date_gmt":"2013-02-15T09:40:48","guid":{"rendered":"http:\/\/www.ladislavjakl.cz\/?p=3598"},"modified":"2013-02-15T10:40:48","modified_gmt":"2013-02-15T09:40:48","slug":"klausuv-pobocnik-jakl-zkritizoval-zemana-pro-eurozpravy-cz-rekl-co-si-o-nem-mysli","status":"publish","type":"post","link":"https:\/\/www.ladislavjakl.cz\/?p=3598","title":{"rendered":"Klaus\u016fv pobo\u010dn\u00edk Jakl zkritizoval Zemana! Pro EuroZpr\u00e1vy.cz \u0159ekl, co si o n\u011bm mysl\u00ed"},"content":{"rendered":"<p>Ladislav Jakl st\u00e1l deset let po boku prezidenta V\u00e1clava Klause jako jeho  tajemn\u00edk. S\u00e1m se o post prezidenta ne\u00fasp\u011b\u0161n\u011b pokou\u0161el. My jsme pro v\u00e1s  zjistili, co tento hradn\u00ed \u00fa\u0159edn\u00edk pl\u00e1nuje do budoucna. Zeptali jsme se  tak\u00e9 na jeho bigb\u00edtovou kapelu a l\u00e1sku k pivu.<\/p>\n<p><!--more--><\/p>\n<p><strong>Milo\u0161 Zeman ji\u017e dop\u0159edu \u0159\u00edkal, \u017ee V\u00e1s na Hrad\u011b nechce, jeliko\u017e nejste \u00fa\u0159edn\u00edk, ale politik. Opravdu se c\u00edt\u00edte b\u00fdt politikem?<\/strong><\/p>\n<p>Jsem \u0159editelem Odboru politick\u00e9ho <a id=\"anchorbbtBubble92\">Kancel\u00e1\u0159e<\/a> prezidenta republiky, tak asi trochu n\u011bco spole\u010dn\u00e9ho s politikou m\u00e1m.  Prohl\u00e1\u0161en\u00ed pana Zemana jsem ale nepochopil. Jednak je evidentn\u00ed, \u017ee nem\u00e1  v\u016fbec tu\u0161en\u00ed, co \u00fa\u0159ad prezidenta republiky vlastn\u011b d\u011bl\u00e1, a lidi na to  \u017e\u00e1dn\u00e9 nem\u00e1. Stejn\u011b tak v\u016fbec netu\u0161\u00ed, co je vlastn\u011b n\u00e1pln\u00ed m\u00e9 pr\u00e1ce,  nato\u017e aby v\u011bd\u011bl, jak dob\u0159e nebo \u0161patn\u011b ji vykon\u00e1v\u00e1m. Hlavn\u011b jsem mu ale  \u017e\u00e1dn\u00e9 sv\u00e9 slu\u017eby nikdy nenab\u00edzel, tak\u017ee nem\u00e1 co odm\u00edtat. U\u017e deset let je  jasn\u00e9, \u017ee m\u00e1 <a id=\"anchorbbtBubble167\">smlouva<\/a> je term\u00ednovan\u00e1 a kon\u010d\u00ed v den konce funk\u010dn\u00edho obdob\u00ed prezidenta V\u00e1clava  Klause. Nikdy jsem neuva\u017eoval, \u017ee bych v KPR (Kancel\u00e1\u0159i prezidenta  republiky, pozn. red.) z\u016fstal i po tomto datu.<\/p>\n<p><strong>EZ: Konec mand\u00e1tu prezidenta V. Klause je za <a id=\"anchorbbtBubble205\">dve\u0159mi<\/a>. Vy jste ozn\u00e1mil odchod z Hradu t\u00e9\u017e. Co pl\u00e1nujete d\u00e1le d\u011blat? Bude to pr\u00e1v\u011b politika?<\/strong><\/p>\n<p>Nem\u00e1m \u017e\u00e1dn\u00e9 pl\u00e1ny. Jsem u\u017e takov\u00fd. Nikdy jsem \u017e\u00e1dn\u00e9 nem\u011bl. V\u017edy jsem  d\u011blal a \u0159\u00edkal to, co jsem pova\u017eoval za spr\u00e1vn\u00e9. A ono m\u011b to v\u017edy n\u011bkam  dokut\u00e1lelo. Fatalistou z\u016fst\u00e1v\u00e1m. Hlavn\u011b se ale chyst\u00e1m v\u00edce se v\u011bnovat  sob\u011b, to jsem l\u00e9ta zanedb\u00e1val.<\/p>\n<p><strong>EZ: Jste \u010dlenem Akce D.O.S.T., ve kter\u00e9 se se\u0161lo mnoho siln\u011b  konzervativn\u00edch lid\u00ed s d\u016frazem na n\u00e1rodn\u00ed suverenitu. Byl byste r\u00e1d,  kdyby se tato iniciativa p\u0159em\u011bnila v politickou stranu a \u0161la do voleb?<\/strong><\/p>\n<p>Nejsem \u010dlenem Akce D.O.S.T. Ta m\u00e1, pokud v\u00edm, asi \u010dty\u0159i \u010dleny. Jsem  jedn\u00edm z asi tis\u00edce signat\u00e1\u0159\u016f jej\u00edho z\u00e1kladn\u00edho prohl\u00e1\u0161en\u00ed, s jeho\u017e <a id=\"anchorbbtBubble318\">obsahem<\/a> se ztoto\u017e\u0148uji. Nikdy jsem nesly\u0161el, \u017ee by ti \u010dty\u0159i \u010dlenov\u00e9 chystali zalo\u017een\u00ed politick\u00e9 strany. J\u00e1 s\u00e1m jsem voli\u010dem Svobodn\u00fdch.<\/p>\n<p><strong>EZ: Byl byste ochoten za takov\u00e9 uskupen\u00ed kandidovat?<\/strong><\/p>\n<p>V\u016fbec nem\u00e1m motivaci se k takov\u00e9 z prstu vycucan\u00e9 spekulaci vyjad\u0159ovat.<\/p>\n<p><strong>EZ: Jste pova\u017eov\u00e1n za jednoho z nejbli\u017e\u0161\u00edch spolupracovn\u00edku prezidenta Klause. Bude Va\u0161e <a id=\"anchorbbtBubble369\">spolupr\u00e1ce<\/a> i nad\u00e1le pokra\u010dovat, nap\u0159\u00edklad v n\u011bjak\u00e9 iniciativ\u011b, nap\u0159\u00edklad s protievropsk\u00fdm zam\u011b\u0159en\u00edm?<\/strong><\/p>\n<p>\u00dapln\u011b p\u0159esn\u011b nerozum\u00edm slovu \u201eprotievropsk\u00fd&#8220;. On m\u00e1 n\u011bkdo na  evropskost monopol? Nebo se rozum\u00ed \u201eprotievropskost\u00ed&#8220; snaha p\u0159i\u010dlenit  \u010cesko k Africe? S V\u00e1clavem Klausem hodl\u00e1m spolupracovat v r\u00e1mci jeho  institutu.<\/p>\n<p><strong>EZ: Evropskou unii jste ozna\u010dil za novodobou RVHP a Va\u0161e  n\u00e1zory jsou siln\u011b euroskeptick\u00e9. Najde se alespo\u0148 n\u011bco, co V\u00e1m na EU  nevad\u00ed?<\/strong><\/p>\n<p>Mo\u017en\u00e1 by se na\u0161ly n\u011bjak\u00e9 hezk\u00e9 europoslankyn\u011b nebo euro\u00fa\u0159ednice. Ale nev\u011b\u0159\u00edm, \u017ee by se s nimi dalo mluvit.<\/p>\n<p><strong>EZ: Jste prezidentem Prvn\u00ed pivn\u00ed extraligy. Jak byste popsal sv\u016fj vztah k pivu, <a id=\"anchorbbtBubble464\">n\u00e1rodn\u00edmu<\/a> to n\u00e1poji \u010cech\u016f?<\/strong><\/p>\n<p>Jednak je pivo mou v\u00e1\u0161n\u00ed. Ale tak\u00e9 je p\u0159edm\u011btem m\u00e9ho hlubok\u00e9ho, mo\u017en\u00e1 a\u017e skoro odborn\u00e9ho <a id=\"anchorbbtBubble483\">z\u00e1jmu<\/a>. Je to m\u00e9 velk\u00e9 \u017eivotn\u00ed t\u00e9ma. Pivn\u00ed sv\u011bt je toti\u017e mnohem zaj\u00edmav\u011bj\u0161\u00ed a pest\u0159ej\u0161\u00ed, ne\u017e b\u011b\u017en\u00fd pivn\u00ed \u010cech v\u016fbec tu\u0161\u00ed.<\/p>\n<p><strong>EZ: Pro\u010d jste zvolili ozna\u010den\u00ed Va\u0161\u00ed funkce jako prezident. Jedn\u00e1 se o jistou kompenzaci za ne\u00fasp\u011bch v prezidentsk\u00e9 volb\u011b?<\/strong><\/p>\n<p>Mezi \u010dleny Prvn\u00ed pivn\u00ed extraligy jsou dva prezidenti. Prezident  Aliance P.I.V. a prezident \u010ceskomoravsk\u00e9ho svazu minipivovar\u016f. Ti by  nesnesli, kdyby jim m\u011bl vl\u00e1dnout n\u011bjak\u00fd oby\u010dejn\u00fd p\u0159edseda. Stejn\u011b se  div\u00edm kr\u00e1l\u016fm a kr\u00e1lovn\u00e1m \u010dlensk\u00fdch <a id=\"anchorbbtBubble556\">zem\u00ed<\/a> EU, \u017ee strp\u00ed \u201enad sebou&#8220; n\u011bjak\u00fd mokr\u00fd hadr.<\/p>\n<p><strong>EZ: Vedle milovn\u00edka piva jste i hudebn\u00edk a \u010dlen bigb\u00edtov\u00e9  kapely Folimanka Blues. Kdo je Va\u0161\u00edm hudebn\u00edm vzorem, pokud n\u011bkdo takov\u00fd  existuje, a pro\u010d?<\/strong><\/p>\n<p>Hudebn\u00ed vzory jsem nikdy nem\u011bl. Jen hudebn\u00ed l\u00e1sky. Tou nejv\u011bt\u0161\u00ed jsou Led Zeppelin.<\/p>\n<p><a href=\"http:\/\/domaci.eurozpravy.cz\/politika\/65222-klausuv-pobocnik-jakl-zkritizoval-zemana-pro-eurozpravy-cz-rekl-co-si-o-nem-mysli\/\" target=\"_blank\">Zdroj<\/a><\/p>\n","protected":false},"excerpt":{"rendered":"<p>Ladislav Jakl st\u00e1l deset let po boku prezidenta V\u00e1clava Klause jako jeho tajemn\u00edk. S\u00e1m se o post prezidenta ne\u00fasp\u011b\u0161n\u011b pokou\u0161el. My jsme pro v\u00e1s zjistili, co tento hradn\u00ed \u00fa\u0159edn\u00edk pl\u00e1nuje do budoucna. Zeptali jsme se tak\u00e9 na jeho bigb\u00edtovou kapelu a l\u00e1sku k pivu.<\/p>\n","protected":false},"author":1,"featured_media":0,"comment_status":"open","ping_status":"open","sticky":false,"template":"","format":"standard","meta":{"ngg_post_thumbnail":0,"footnotes":""},"categories":[13],"tags":[],"class_list":["post-3598","post","type-post","status-publish","format-standard","hentry","category-rozhovory"],"_links":{"self":[{"href":"https:\/\/www.ladislavjakl.cz\/index.php?rest_route=\/wp\/v2\/posts\/3598","targetHints":{"allow":["GET"]}}],"collection":[{"href":"https:\/\/www.ladislavjakl.cz\/index.php?rest_route=\/wp\/v2\/posts"}],"about":[{"href":"https:\/\/www.ladislavjakl.cz\/index.php?rest_route=\/wp\/v2\/types\/post"}],"author":[{"embeddable":true,"href":"https:\/\/www.ladislavjakl.cz\/index.php?rest_route=\/wp\/v2\/users\/1"}],"replies":[{"embeddable":true,"href":"https:\/\/www.ladislavjakl.cz\/index.php?rest_route=%2Fwp%2Fv2%2Fcomments&post=3598"}],"version-history":[{"count":1,"href":"https:\/\/www.ladislavjakl.cz\/index.php?rest_route=\/wp\/v2\/posts\/3598\/revisions"}],"predecessor-version":[{"id":3599,"href":"https:\/\/www.ladislavjakl.cz\/index.php?rest_route=\/wp\/v2\/posts\/3598\/revisions\/3599"}],"wp:attachment":[{"href":"https:\/\/www.ladislavjakl.cz\/index.php?rest_route=%2Fwp%2Fv2%2Fmedia&parent=3598"}],"wp:term":[{"taxonomy":"category","embeddable":true,"href":"https:\/\/www.ladislavjakl.cz\/index.php?rest_route=%2Fwp%2Fv2%2Fcategories&post=3598"},{"taxonomy":"post_tag","embeddable":true,"href":"https:\/\/www.ladislavjakl.cz\/index.php?rest_route=%2Fwp%2Fv2%2Ftags&post=3598"}],"curies":[{"name":"wp","href":"https:\/\/api.w.org\/{rel}","templated":true}]}}