{"id":3601,"date":"2013-02-15T11:19:21","date_gmt":"2013-02-15T10:19:21","guid":{"rendered":"http:\/\/www.ladislavjakl.cz\/?p=3601"},"modified":"2013-02-15T11:19:21","modified_gmt":"2013-02-15T10:19:21","slug":"autorem-amnestie-je-prece-klaus-nelihla-se-v-tajemnem-doupeti-vzkazal-jakl","status":"publish","type":"post","link":"https:\/\/www.ladislavjakl.cz\/?p=3601","title":{"rendered":"Autorem amnestie je p\u0159ece Klaus, nel\u00edhla se v tajemn\u00e9m doup\u011bti, vzk\u00e1zal Jakl"},"content":{"rendered":"<p>Tajemn\u00edk prezidenta V\u00e1clava Klause Ladislav Jakl, jen\u017e st\u00e1l u zrodu  novoro\u010dn\u00ed prezidentsk\u00e9 amnestie, se ohradil proti kritice m\u00edstop\u0159edsed\u016f  Sn\u011bmovny Lubom\u00edra Zaor\u00e1lka (\u010cSSD) a Ji\u0159\u00edho Posp\u00ed\u0161ila (ODS), podle nich\u017e  by m\u011bla prezidentsk\u00e1 kancel\u00e1\u0159 odtajnit autory amnestie. Jak \u0159ekl  Novink\u00e1m, lid\u00e9 pr\u00fd necht\u011bj\u00ed p\u0159ijmout skute\u010dnost, \u017ee autorem je V\u00e1clav  Klaus.<\/p>\n<p><!--more--><\/p>\n<p>\u201eMysl\u00edm, \u017ee o skute\u010dnou odpov\u011b\u010f nikdo nestoj\u00ed. Jak vznikala v\u00fdsledn\u00e1 podoba amnestie, to jsem toti\u017e ve\u0159ejn\u011b sd\u011blil u\u017e v prvn\u00ed den jej\u00ed \u00fa\u010dinnosti. Autorem je p\u0159ece pan prezident, je pod n\u00ed podeps\u00e1n, to on ji vyhl\u00e1sil,\u201c \u0159ekl Jakl Novink\u00e1m. \u201eNen\u00ed \u017e\u00e1dn\u00e9 tajemn\u00e9 doup\u011b, kde se l\u00edhl z vejce drak amnestie, doup\u011b, kter\u00e9 by bylo t\u0159eba vyp\u00e1trat a nosnici zab\u00edt ohniv\u00fdm me\u010dem. Byla jen \u00favaha, debata a rozhodnut\u00ed. V\u00edc nebylo zapot\u0159eb\u00ed a vzhledem k nutn\u00e9mu utajen\u00ed v\u00edc ani nebylo mo\u017en\u00e9,\u201c dodal.<br \/>\nSepsul Zaor\u00e1lka s Posp\u00ed\u0161ilem<\/p>\n<p>Reagoval tak na ned\u011bln\u00ed vyj\u00e1d\u0159en\u00ed m\u00edstop\u0159edsed\u016f Sn\u011bmovny Ji\u0159\u00edho Posp\u00ed\u0161ila a Lubom\u00edra Zaor\u00e1lka, kte\u0159\u00ed se v \u010cesk\u00e9 televizi shodli, \u017ee by prezidentsk\u00e1 kancel\u00e1\u0159 m\u011bla sd\u011blit, kdo novoro\u010dn\u00ed amnestii p\u0159ipravoval. Zaor\u00e1lek u\u017e kv\u016fli tomu d\u0159\u00edve podal na Hrad ofici\u00e1ln\u00ed \u017e\u00e1dost. [cel\u00e1 zpr\u00e1va]<\/p>\n<p>\u201eP\u0159e\u010dt\u011bte si tu amnestii. Co na n\u00ed chcete p\u0159ipravovat? Stejn\u011b tak bych mohl \u0159\u00edci, \u017ee ji p\u0159ipravil prezident Havel. Nebo Hus\u00e1k. Jej\u00ed obecn\u00e1 forma je toti\u017e zcela univerz\u00e1ln\u00ed,\u201c sd\u011blil Jakl. Konkr\u00e9tn\u00ed podobu amnestie podle n\u011bj ud\u011bluje hlava st\u00e1tu nap\u0159\u00edklad rozhodnut\u00edm o jednotliv\u00fdch sazb\u00e1ch k prominut\u00ed. \u201eA ta rozhodnut\u00ed vydal prezident po detailn\u00edch mnohahodinov\u00fdch a opakovan\u00fdch debat\u00e1ch. Jak jinak by to mohlo b\u00fdt? Co na tom chcete komu \u00fa\u0159edn\u011b sd\u011blovat?\u201c dodal.<\/p>\n<p>Neodpustil si tak\u00e9 r\u00fdpnut\u00ed do Zaor\u00e1lka s Posp\u00ed\u0161ilem. Zat\u00edmco prvn\u00ed z nich podle n\u011bj svou \u017e\u00e1dost o zve\u0159ejn\u011bn\u00ed autor\u016f amnestie \u201emusel okop\u00edrovat z hromadn\u00e9ho e-mailu \u0161\u00ed\u0159en\u00e9ho pir\u00e1tskou stranou v\u010detn\u011b osloven\u00ed \u2018dobr\u00fd den\u2019\u201c, Posp\u00ed\u0161ilovi p\u0159ipomn\u011bl, \u017ee s\u00e1m je\u0161t\u011b jako ministr spravedlnosti p\u0159edkl\u00e1dal Klausovi n\u011bkolik n\u00e1vrh\u016f amnestie. \u201eMohl by dnes zve\u0159ejnit, jak a v \u010dem se li\u0161ily od t\u00e9 vyhl\u00e1\u0161en\u00e9,\u201c vzk\u00e1zal.<br \/>\nDebaty Klause a t\u0159\u00ed lid\u00ed<\/p>\n<p>Tajemn\u00edk prezidenta Klause d\u00e1le up\u0159esnil, jak to bylo s formov\u00e1n\u00edm podoby amnestie. Jej\u00ed podoba podle n\u011bj vznikala v dlouh\u00fdch polemick\u00fdch debat\u00e1ch, do kter\u00fdch prezident zahrnul \u0161irok\u00fd okruh t\u0159\u00ed lid\u00ed v\u010detn\u011b Jakla. \u201eNevylu\u010duji ale, \u017ee si o t\u00e9matu mohl pov\u00eddat s k\u00fdmkoli, v\u017edy\u0165 jde o velmi ob\u010dansk\u00e9 t\u00e9ma,\u201c dodal a odm\u00edtl interpretaci, \u017ee by amnestii d\u00e1val dohromady pouze Jakl s dv\u011bma kolegy bez prezidenta.<\/p>\n<p>Pozd\u011bji ve st\u0159edu up\u0159esnil v Radio\u017eurn\u00e1lu, \u017ee se na p\u0159\u00edprav\u011b amnestie nepod\u00edlel \u017e\u00e1dn\u00fd pr\u00e1vn\u00edk. \u201eU parametr\u016f podle m\u011b v\u016fbec \u017e\u00e1dn\u00fd pr\u00e1vn\u00edk ani nem\u00e1 co d\u011blat. To je ob\u010dansk\u00e9 a politick\u00e9 rozhodnut\u00ed,\u201c prohl\u00e1sil.<\/p>\n<p>Na z\u00e1klad\u011b Jaklov\u00fdch pozn\u00e1mek z t\u011bchto porad pak vznikl konkr\u00e9tn\u00ed text. \u201eA fin\u00e1ln\u00ed rozhodnut\u00ed v\u017edy bylo na prezidentovi,\u201c zd\u016fraznil.<\/p>\n<p><a href=\"http:\/\/www.novinky.cz\/domaci\/293158-autorem-amnestie-je-prece-klaus-nelihla-se-v-tajemnem-doupeti-vzkazal-jakl.html\" target=\"_blank\">Zdroj<\/a><\/p>\n","protected":false},"excerpt":{"rendered":"<p>Tajemn\u00edk prezidenta V\u00e1clava Klause Ladislav Jakl, jen\u017e st\u00e1l u zrodu novoro\u010dn\u00ed prezidentsk\u00e9 amnestie, se ohradil proti kritice m\u00edstop\u0159edsed\u016f Sn\u011bmovny Lubom\u00edra Zaor\u00e1lka (\u010cSSD) a Ji\u0159\u00edho Posp\u00ed\u0161ila (ODS), podle nich\u017e by m\u011bla prezidentsk\u00e1 kancel\u00e1\u0159 odtajnit autory amnestie. Jak \u0159ekl Novink\u00e1m, lid\u00e9 pr\u00fd necht\u011bj\u00ed p\u0159ijmout skute\u010dnost, \u017ee autorem je V\u00e1clav Klaus.<\/p>\n","protected":false},"author":1,"featured_media":0,"comment_status":"open","ping_status":"open","sticky":false,"template":"","format":"standard","meta":{"ngg_post_thumbnail":0,"footnotes":""},"categories":[11],"tags":[],"class_list":["post-3601","post","type-post","status-publish","format-standard","hentry","category-ozvena"],"_links":{"self":[{"href":"https:\/\/www.ladislavjakl.cz\/index.php?rest_route=\/wp\/v2\/posts\/3601","targetHints":{"allow":["GET"]}}],"collection":[{"href":"https:\/\/www.ladislavjakl.cz\/index.php?rest_route=\/wp\/v2\/posts"}],"about":[{"href":"https:\/\/www.ladislavjakl.cz\/index.php?rest_route=\/wp\/v2\/types\/post"}],"author":[{"embeddable":true,"href":"https:\/\/www.ladislavjakl.cz\/index.php?rest_route=\/wp\/v2\/users\/1"}],"replies":[{"embeddable":true,"href":"https:\/\/www.ladislavjakl.cz\/index.php?rest_route=%2Fwp%2Fv2%2Fcomments&post=3601"}],"version-history":[{"count":2,"href":"https:\/\/www.ladislavjakl.cz\/index.php?rest_route=\/wp\/v2\/posts\/3601\/revisions"}],"predecessor-version":[{"id":3603,"href":"https:\/\/www.ladislavjakl.cz\/index.php?rest_route=\/wp\/v2\/posts\/3601\/revisions\/3603"}],"wp:attachment":[{"href":"https:\/\/www.ladislavjakl.cz\/index.php?rest_route=%2Fwp%2Fv2%2Fmedia&parent=3601"}],"wp:term":[{"taxonomy":"category","embeddable":true,"href":"https:\/\/www.ladislavjakl.cz\/index.php?rest_route=%2Fwp%2Fv2%2Fcategories&post=3601"},{"taxonomy":"post_tag","embeddable":true,"href":"https:\/\/www.ladislavjakl.cz\/index.php?rest_route=%2Fwp%2Fv2%2Ftags&post=3601"}],"curies":[{"name":"wp","href":"https:\/\/api.w.org\/{rel}","templated":true}]}}