{"id":361,"date":"2010-05-18T09:40:54","date_gmt":"2010-05-18T08:40:54","guid":{"rendered":"http:\/\/www.ladislavjakl.cz\/?p=361"},"modified":"2010-05-18T09:40:54","modified_gmt":"2010-05-18T08:40:54","slug":"jakl-tepal-babise-a-zelene-srdce-mi-krvaci-kdyz-vidim-ten-zluty-odporny-benzin","status":"publish","type":"post","link":"https:\/\/www.ladislavjakl.cz\/?p=361","title":{"rendered":"Jakl tepal Babi\u0161e a zelen\u00e9: Srdce mi krv\u00e1c\u00ed, kdy\u017e vid\u00edm ten \u017elut\u00fd, odporn\u00fd benz\u00edn"},"content":{"rendered":"<p><strong>Tajemn\u00edk prezidenta  Ladislav Jakl se v Ot\u00e1zk\u00e1ch V\u00e1clava Moravce doslova bil za prezidentsk\u00e9  veto p\u011bstov\u00e1n\u00ed \u0159epky na biopaliva. <\/strong><\/p>\n<p><!--more--><strong>Vyz\u00fdval lidi, aby nev\u011b\u0159ili &#8222;zelen\u00fdm  manipul\u00e1tor\u016fm a lobbist\u016fm&#8220;. A za jednoho z nich ozna\u010dil majitele  Agrofertu Andreje Babi\u0161e.<\/strong><\/p>\n<p>&#8222;Srdce poctiv\u00e9ho sedl\u00e1ka mus\u00ed krv\u00e1cet, kdy\u017e m\u00edsto obilovin na chleba  p\u011bstuje ten \u017elut\u00fd, odporn\u00fd benz\u00edn,&#8220; d\u0161til s\u00edru na zast\u00e1nce biopaliv a  \u0159epky olejn\u00e9 tajemn\u00edk prezidenta Ladislav Jakl v Ot\u00e1zk\u00e1ch V\u00e1clava  Moravce.<\/p>\n<p>Zem\u011bd\u011blci podle Jakla \u0159epku na paliva p\u011bstuj\u00ed jen proto, \u017ee jsou  vystaveni n\u00e1tlaku ze strany &#8222;zelen\u00fdch manipul\u00e1tor\u016f a lobbist\u016f&#8220;.<\/p>\n<p>\u017dlut\u00e1 pole podle Jakla zamo\u0159ila \u010deskou krajinu.<\/p>\n<p><span style=\"font-weight: bold;\">T\u011b\u017e\u00ed z toho Babi\u0161<\/span><\/p>\n<p>Tvrd\u00fd v\u00fdpad Jakl pou\u017eil na majitele holdingu Agrofert a jednoho z  nejbohat\u0161\u00edch \u010cech\u016f Andreje Babi\u0161e.<\/p>\n<p>&#8222;Ty pen\u00edze n\u011bkde kon\u010d\u00ed. Kon\u010d\u00ed v kaps\u00e1ch lid\u00ed jako je Andrej Babi\u0161,&#8220;  \u0159\u00edkal tajemn\u00edk prezidenta.<\/p>\n<p>Jakl pak popisoval, jak mu p\u0159edseda Strany svobodn\u00fdch ob\u010dan\u016f Petr Mach  vypr\u00e1v\u011bl o jeho setk\u00e1n\u00ed s Babi\u0161em. Ten se ho pr\u00fd mezi \u010dty\u0159ma o\u010dima na  ve\u010de\u0159i cht\u011bl pokusit p\u0159esv\u011bd\u010dit, aby zm\u011bnil n\u00e1zor.<\/p>\n<p>&#8222;Ano v t\u00e9to zelen\u00e9 politice se hraje o obrovsk\u00e9 prachy. Te\u010f kdy\u017e u\u017e cel\u00fd  sv\u011bt v\u00ed, \u017ee je to obrovsk\u00e1 blbost,&#8220; pokra\u010doval v ostr\u00e9 r\u00e9torice Jakl.<\/p>\n<p>Podnikatel Andrej Babi\u0161, kter\u00fd diskusi nebyl p\u0159\u00edtomen, obecn\u011b oponuje  t\u00edm, \u017ee prezident po\u0161kodil \u010ceskou republiku, kter\u00e9 pr\u00fd z\u00e1rove\u0148 hroz\u00ed  sankce ze strany Evropsk\u00e9 unie.<\/p>\n<p>Prezident se pak op\u00edr\u00e1 hlavn\u011b o tvrzen\u00ed, \u017ee p\u0159il\u00e9v\u00e1n\u00ed biopaliv zvedne  cenu benz\u00ednu, nafty a ubere m\u00edsto na pol\u00edch pro p\u011bstov\u00e1n\u00ed potravin.<\/p>\n<p><span style=\"font-weight: bold;\">Burs\u00edk: Jakl\u016fv v\u00fdstup by se hodil do  silvestrovsk\u00e9 show <\/span><\/p>\n<p>Martin Burs\u00edk, b\u00fdval\u00fd l\u00eddr Strany zelen\u00fdch, okomentoval v\u00fdstup tajemn\u00edka  Jakla, \u017ee je vhodn\u00fd tak na sest\u0159\u00edh\u00e1n\u00ed do silvestrovsk\u00e9 show.<\/p>\n<p>Argumenty prezidenta Klause pova\u017euje za nesmysln\u00e9. &#8222;\u017d\u00e1dn\u00e1 paliva nejsou  p\u011bstov\u00e1ny na \u00fakor \u017eivotn\u00edho prost\u0159ed\u00ed a jsou potenci\u00e1ln\u00ed n\u00e1hra\u017ekou ropy,  co\u017e zvy\u0161uje na\u0161i sob\u011bsta\u010dnost,&#8220; mysl\u00ed si Burs\u00edk.<\/p>\n<p>Prezident Agr\u00e1rn\u00ed komory Jan Veleba ozn\u00e1mil, \u017ee v \u010cesk\u00e9 republice je 600  000 hektar\u016f, na kter\u00fdch nen\u00ed co p\u011bstovat.<\/p>\n<p>&#8222;Zem\u011bd\u011blci na t\u011bchto hektarech nemaj\u00ed co p\u011bstovat, proto jsme je  zapojili do syst\u00e9mu p\u011bstov\u00e1n\u00ed biopaliv,&#8220; dodal.<\/p>\n","protected":false},"excerpt":{"rendered":"<p>Tajemn\u00edk prezidenta Ladislav Jakl se v Ot\u00e1zk\u00e1ch V\u00e1clava Moravce doslova bil za prezidentsk\u00e9 veto p\u011bstov\u00e1n\u00ed \u0159epky na biopaliva.<\/p>\n","protected":false},"author":1,"featured_media":0,"comment_status":"open","ping_status":"open","sticky":false,"template":"","format":"standard","meta":{"ngg_post_thumbnail":0,"footnotes":""},"categories":[11],"tags":[],"class_list":["post-361","post","type-post","status-publish","format-standard","hentry","category-ozvena"],"_links":{"self":[{"href":"https:\/\/www.ladislavjakl.cz\/index.php?rest_route=\/wp\/v2\/posts\/361","targetHints":{"allow":["GET"]}}],"collection":[{"href":"https:\/\/www.ladislavjakl.cz\/index.php?rest_route=\/wp\/v2\/posts"}],"about":[{"href":"https:\/\/www.ladislavjakl.cz\/index.php?rest_route=\/wp\/v2\/types\/post"}],"author":[{"embeddable":true,"href":"https:\/\/www.ladislavjakl.cz\/index.php?rest_route=\/wp\/v2\/users\/1"}],"replies":[{"embeddable":true,"href":"https:\/\/www.ladislavjakl.cz\/index.php?rest_route=%2Fwp%2Fv2%2Fcomments&post=361"}],"version-history":[{"count":1,"href":"https:\/\/www.ladislavjakl.cz\/index.php?rest_route=\/wp\/v2\/posts\/361\/revisions"}],"predecessor-version":[{"id":362,"href":"https:\/\/www.ladislavjakl.cz\/index.php?rest_route=\/wp\/v2\/posts\/361\/revisions\/362"}],"wp:attachment":[{"href":"https:\/\/www.ladislavjakl.cz\/index.php?rest_route=%2Fwp%2Fv2%2Fmedia&parent=361"}],"wp:term":[{"taxonomy":"category","embeddable":true,"href":"https:\/\/www.ladislavjakl.cz\/index.php?rest_route=%2Fwp%2Fv2%2Fcategories&post=361"},{"taxonomy":"post_tag","embeddable":true,"href":"https:\/\/www.ladislavjakl.cz\/index.php?rest_route=%2Fwp%2Fv2%2Ftags&post=361"}],"curies":[{"name":"wp","href":"https:\/\/api.w.org\/{rel}","templated":true}]}}