{"id":3612,"date":"2013-02-19T11:51:32","date_gmt":"2013-02-19T10:51:32","guid":{"rendered":"http:\/\/www.ladislavjakl.cz\/?p=3612"},"modified":"2013-02-19T11:51:32","modified_gmt":"2013-02-19T10:51:32","slug":"kydy-soudce-kydalky","status":"publish","type":"post","link":"https:\/\/www.ladislavjakl.cz\/?p=3612","title":{"rendered":"Kydy soudce Kydalky"},"content":{"rendered":"<p>Soudce Kydalka je p\u0159\u00edpad p\u0159edstavitele justice, kter\u00e9ho v\u00edce ne\u017e vlastn\u00ed poctiv\u00e1 pr\u00e1ce, exektivita soud\u016f a spravedliv\u00e1 rozhodnut\u00ed zaj\u00edmaj\u00ed vlastn\u00ed exhibice. A tak podal i nesmyslnou st\u00ed\u017enost k \u00dastavn\u00edmu soudu ve v\u011bci amnestie. St\u00ed\u017enost byla tak hloup\u00e1, \u017ee to bylo i na jeho p\u0159\u00e1tele z justice moc, a tak ho s t\u00edm vyhodili.<\/p>\n<p><!--more-->Te\u010f se h\u0159eje na slun\u00ed\u010dku ve\u0159ejn\u00e9ho z\u00e1jmu (jako \u00fapln\u011b kdokoli u n\u00e1s, kdo si chce z\u00edskat p\u0159\u00edze\u0148 kamer a mikrofon\u016f: sta\u010d\u00ed napadnout V\u00e1clava Klause a \u00fasp\u011bch je zaru\u010den) a rozd\u00e1v\u00e1 rozhovory, kde si nesta\u010d\u00ed hl\u00eddat slova.<br \/>\nV jednom z nich bohapust\u011b l\u017ee, kdy\u017e tvrd\u00ed, \u017ee jsem 2. ledna ve\u0159ejn\u011b prohl\u00e1si, \u017ee nev\u00edm, kdo amnestii &#8222;d\u011blal&#8220;. A z toho buduje konstrukci, jej\u00edm\u017e c\u00edlem je mne znev\u00e1\u017eit. Jen\u017ee j\u00e1 jsem nic takov\u00e9ho neprohl\u00e1sil ani 2. ledna, ani kdykoli jindy. Kdy\u017e jsem na to Kydalku p\u0159es novin\u00e1\u0159e LN upozornil, vycouval z data 2. ledna (kter\u00e9 uvedl jen proto, aby to vypadalo, jak to v\u0161e bedliv\u011b sleduje, k tomu se n\u011bjak\u00e9 \u010d\u00edslo nebo datum hod\u00ed, on ho p\u0159ece nikdo neov\u011b\u0159\u00ed), ale d\u00e1l l\u017eiv\u011b tvrd\u00ed, \u017ee jsem takov\u00fd v\u00fdrok pronesl. Bez citace, bez zdroje. Nu, pan Kydalka se soud\u00ed r\u00e1d. Nezb\u00fdv\u00e1, ne\u017e mu dop\u0159\u00e1t mal\u00e9 povyra\u017een\u00ed.<\/p>\n<p>V\u00edce <a href=\"http:\/\/www.lidovky.cz\/jakl-dopreje-kydalkovi-zabavu-u-soudu-kvuli-vyrokum-o-amnestii-psg-\/zpravy-domov.aspx?c=A130217_130149_ln_domov_khu\" target=\"_blank\">v \u010dl\u00e1nku na lidovk\u00e1ch <\/a><\/p>\n<p>Mohu snad je\u0161t\u011b dodat, \u017ee \u010dlov\u011bk jako Kydalka by nem\u011bl rozhodovat o osudech jin\u00fdch lid\u00ed, kdy\u017e tak \u0161patn\u011b zn\u00e1 pr\u00e1vo.<br \/>\nPodstatou jeho \u00fastavn\u00ed st\u00ed\u017enosti bylo toti\u017e to, \u017ee pan premi\u00e9r asingoval amnestii bez projedn\u00e1n\u00ed ve vl\u00e1d\u011b. Je smutn\u00e9, kdy\u017e soudce nev\u00ed, \u017ee t\u00e9m\u011b\u0159 \u017e\u00e1dn\u00e1 kontrasignace nebyla v d\u011bjin\u00e1ch projedn\u00e1na ve vl\u00e1d\u011b. To je potom neplatn\u00e9 i t\u0159eba rozhodnut\u00ed o v\u0161ech st\u00e1tn\u00edch vyznamen\u00e1n\u00edch za posledn\u00edch 20 let, proto\u017ee ty tak\u00e9 byly kontrasignovan\u00e1ny bez projedn\u00e1n\u00ed vl\u00e1dou. A mnoho dal\u0161\u00edch kontrasignovan\u00fdch akt\u016f.<br \/>\nOstatn\u011b o kvalit\u011b tohoto soudce sv\u011bd\u010d\u00ed i tento ohlas, kter\u00fd jsem dostal p\u0159ed chvilkou:<br \/>\n<em>V\u00e1\u017een\u00fd pane tajemn\u00edku<br \/>\nP\u0159edem bych v\u00e1m cht\u011bl pod\u011bkovat za tento krok. Tento pan soudce svou prac\u00ed jen d\u011bl\u00e1 ostudu soudcovsk\u00e9mu stavu. Pop\u00edr\u00e1 pr\u00e1vo na spravedliv\u00fd proces jak ob\u017ealovan\u00fdm tak i po\u0161kozen\u00fdm. S\u00e1m jsem byl jako po\u0161kozen\u00fd vyd\u00e1n do rukou tohoto individua.<br \/>\nM\u00e1m velk\u00e9 obavy \u017ee soudce Kydalka nastoluje nebezpe\u010dn\u00fd trend v\u0161ev\u011bdouc\u00edch, v\u0161emocn\u00fdch a beskrupulozn\u00edch lid\u00ed v na\u0161\u00ed justici.<br \/>\nSpozdravem a p\u0159\u00e1n\u00edm kr\u00e1sn\u00e9ho dne\u00a0 L. S.<\/em><\/p>\n<p>Ladislav Jakl<\/p>\n","protected":false},"excerpt":{"rendered":"<p>Soudce Kydalka je p\u0159\u00edpad p\u0159edstavitele justice, kter\u00e9ho v\u00edce ne\u017e vlastn\u00ed poctiv\u00e1 pr\u00e1ce, exektivita soud\u016f a spravedliv\u00e1 rozhodnut\u00ed zaj\u00edmaj\u00ed vlastn\u00ed exhibice. A tak podal i nesmyslnou st\u00ed\u017enost k \u00dastavn\u00edmu soudu ve v\u011bci amnestie. St\u00ed\u017enost byla tak hloup\u00e1, \u017ee to bylo i na jeho p\u0159\u00e1tele z justice moc, a tak ho s t\u00edm vyhodili.<\/p>\n","protected":false},"author":1,"featured_media":0,"comment_status":"open","ping_status":"open","sticky":false,"template":"","format":"standard","meta":{"ngg_post_thumbnail":0,"footnotes":""},"categories":[6],"tags":[],"class_list":["post-3612","post","type-post","status-publish","format-standard","hentry","category-co-jsem-nerekl"],"_links":{"self":[{"href":"https:\/\/www.ladislavjakl.cz\/index.php?rest_route=\/wp\/v2\/posts\/3612","targetHints":{"allow":["GET"]}}],"collection":[{"href":"https:\/\/www.ladislavjakl.cz\/index.php?rest_route=\/wp\/v2\/posts"}],"about":[{"href":"https:\/\/www.ladislavjakl.cz\/index.php?rest_route=\/wp\/v2\/types\/post"}],"author":[{"embeddable":true,"href":"https:\/\/www.ladislavjakl.cz\/index.php?rest_route=\/wp\/v2\/users\/1"}],"replies":[{"embeddable":true,"href":"https:\/\/www.ladislavjakl.cz\/index.php?rest_route=%2Fwp%2Fv2%2Fcomments&post=3612"}],"version-history":[{"count":1,"href":"https:\/\/www.ladislavjakl.cz\/index.php?rest_route=\/wp\/v2\/posts\/3612\/revisions"}],"predecessor-version":[{"id":3613,"href":"https:\/\/www.ladislavjakl.cz\/index.php?rest_route=\/wp\/v2\/posts\/3612\/revisions\/3613"}],"wp:attachment":[{"href":"https:\/\/www.ladislavjakl.cz\/index.php?rest_route=%2Fwp%2Fv2%2Fmedia&parent=3612"}],"wp:term":[{"taxonomy":"category","embeddable":true,"href":"https:\/\/www.ladislavjakl.cz\/index.php?rest_route=%2Fwp%2Fv2%2Fcategories&post=3612"},{"taxonomy":"post_tag","embeddable":true,"href":"https:\/\/www.ladislavjakl.cz\/index.php?rest_route=%2Fwp%2Fv2%2Ftags&post=3612"}],"curies":[{"name":"wp","href":"https:\/\/api.w.org\/{rel}","templated":true}]}}