{"id":3614,"date":"2013-02-19T11:52:25","date_gmt":"2013-02-19T10:52:25","guid":{"rendered":"http:\/\/www.ladislavjakl.cz\/?p=3614"},"modified":"2013-02-19T11:52:25","modified_gmt":"2013-02-19T10:52:25","slug":"jakl-kydalka-se-rad-soudi-dopreji-mu-male-povyrazeni","status":"publish","type":"post","link":"https:\/\/www.ladislavjakl.cz\/?p=3614","title":{"rendered":"Jakl: Kydalka se r\u00e1d soud\u00ed, dop\u0159eji mu mal\u00e9 povyra\u017een\u00ed"},"content":{"rendered":"<p>Tajemn\u00edk prezidenta V\u00e1clava Klause Ladislav Jakl nesouhlas\u00ed s v\u00fdroky  soudce Kamila Kydalky, jen\u017e zkritizoval Jakla kv\u016fli tomu, jak  vysv\u011btloval okolnosti amnestie. Jakl si podle n\u011bj d\u011bl\u00e1 z ve\u0159ejnosti  legraci. Ten mu za to hroz\u00ed soudem.<\/p>\n<p><!--more--><\/p>\n<p>Kydalka, jeho\u017e st\u00ed\u017enost proti Klausov\u011b prezidentsk\u00e9 <a title=\"http:\/\/tema.novinky.cz\/amnestie\" href=\"http:\/\/tema.novinky.cz\/amnestie\">amnestii<\/a> ned\u00e1vno zam\u00edtl <a title=\"http:\/\/tema.novinky.cz\/ustavni-soud\" href=\"http:\/\/tema.novinky.cz\/ustavni-soud\">\u00dastavn\u00ed soud<\/a>, uvedl o v\u00edkendu pro Lidov\u00e9 noviny, \u017ee si <a title=\"http:\/\/tema.novinky.cz\/ladislav-jakl\" href=\"http:\/\/tema.novinky.cz\/ladislav-jakl\">Jakl<\/a> sv\u00fdm vysv\u011btlov\u00e1n\u00edm okolnost\u00ed amnestie d\u011bl\u00e1 z ve\u0159ejnosti legraci. Podle  n\u011bj \u010dasto m\u011bnil n\u00e1zor p\u0159i vysv\u011btlov\u00e1n\u00ed, kdo je autorem amnestie.<\/p>\n<p>S  t\u00edm ale Jakl nesouhlas\u00ed. &#8222;Kydalka bohapust\u011b l\u017ee, kdy\u017e tvrd\u00ed, \u017ee jsem 2.  ledna ve\u0159ejn\u011b prohl\u00e1sil, \u017ee nev\u00edm, kdo amnestii d\u011blal. A z toho buduje  konstrukci, jej\u00edm\u017e c\u00edlem je mne znev\u00e1\u017eit. Jen\u017ee j\u00e1 jsem nic takov\u00e9ho  neprohl\u00e1sil ani 2. ledna, ani kdykoli jindy,\u201c uvedl.<\/p>\n<p>Na dotaz  Novinek, zda bude Jakl v souvislosti s Kydalkov\u00fdmi v\u00fdroky \u010dinit n\u011bjak\u00e9  pr\u00e1vn\u00ed kroky, odpov\u011bd\u011bl: \u201eNu, pan Kydalka se soud\u00ed r\u00e1d. Nezb\u00fdv\u00e1, ne\u017e mu  dop\u0159\u00e1t mal\u00e9 povyra\u017een\u00ed.\u201c<\/p>\n<h4>Kydalku zaj\u00edmaj\u00ed sp\u00ed\u0161 vlastn\u00ed exhibice, soud\u00ed Jakl<\/h4>\n<p>Na  adresu soudce poznamenal, \u017ee jeho st\u00ed\u017enost proti amnestii byla hloup\u00e1.  \u201eSoudce Kydalka je p\u0159\u00edpad p\u0159edstavitele justice, kter\u00e9ho v\u00edce ne\u017e  vlastn\u00ed poctiv\u00e1 pr\u00e1ce, efektivita soud\u016f a spravedliv\u00e1 rozhodnut\u00ed  zaj\u00edmaj\u00ed vlastn\u00ed exhibice,\u201c dodal.<\/p>\n<p>Odm\u00edtl tak\u00e9 Kydalk\u016fv v\u00fdrok z  Lidov\u00fdch novin, \u017ee Jakl a dal\u0161\u00ed hradn\u00ed funkcion\u00e1\u0159i neunesli, \u017ee  opou\u0161t\u011bj\u00ed sv\u00e9 posty. \u201eJe to jeho n\u00e1zor. N\u00e1zory a\u0165 m\u00e1 ka\u017ed\u00fd, jak\u00e9 chce,\u201c  \u0159ekl Jakl. U\u017e v\u00edce ne\u017e rok se pr\u00fd t\u011b\u0161\u00ed, a\u017e p\u0159estane b\u00fdt \u00fa\u0159edn\u00edkem.<\/p>\n<p><a href=\"http:\/\/www.novinky.cz\/domaci\/293581-jakl-kydalka-se-rad-soudi-dopreji-mu-male-povyrazeni.html\" target=\"_blank\">Zdroj<\/a><\/p>\n","protected":false},"excerpt":{"rendered":"<p>Tajemn\u00edk prezidenta V\u00e1clava Klause Ladislav Jakl nesouhlas\u00ed s v\u00fdroky soudce Kamila Kydalky, jen\u017e zkritizoval Jakla kv\u016fli tomu, jak vysv\u011btloval okolnosti amnestie. Jakl si podle n\u011bj d\u011bl\u00e1 z ve\u0159ejnosti legraci. Ten mu za to hroz\u00ed soudem.<\/p>\n","protected":false},"author":1,"featured_media":0,"comment_status":"open","ping_status":"open","sticky":false,"template":"","format":"standard","meta":{"ngg_post_thumbnail":0,"footnotes":""},"categories":[11],"tags":[],"class_list":["post-3614","post","type-post","status-publish","format-standard","hentry","category-ozvena"],"_links":{"self":[{"href":"https:\/\/www.ladislavjakl.cz\/index.php?rest_route=\/wp\/v2\/posts\/3614","targetHints":{"allow":["GET"]}}],"collection":[{"href":"https:\/\/www.ladislavjakl.cz\/index.php?rest_route=\/wp\/v2\/posts"}],"about":[{"href":"https:\/\/www.ladislavjakl.cz\/index.php?rest_route=\/wp\/v2\/types\/post"}],"author":[{"embeddable":true,"href":"https:\/\/www.ladislavjakl.cz\/index.php?rest_route=\/wp\/v2\/users\/1"}],"replies":[{"embeddable":true,"href":"https:\/\/www.ladislavjakl.cz\/index.php?rest_route=%2Fwp%2Fv2%2Fcomments&post=3614"}],"version-history":[{"count":1,"href":"https:\/\/www.ladislavjakl.cz\/index.php?rest_route=\/wp\/v2\/posts\/3614\/revisions"}],"predecessor-version":[{"id":3615,"href":"https:\/\/www.ladislavjakl.cz\/index.php?rest_route=\/wp\/v2\/posts\/3614\/revisions\/3615"}],"wp:attachment":[{"href":"https:\/\/www.ladislavjakl.cz\/index.php?rest_route=%2Fwp%2Fv2%2Fmedia&parent=3614"}],"wp:term":[{"taxonomy":"category","embeddable":true,"href":"https:\/\/www.ladislavjakl.cz\/index.php?rest_route=%2Fwp%2Fv2%2Fcategories&post=3614"},{"taxonomy":"post_tag","embeddable":true,"href":"https:\/\/www.ladislavjakl.cz\/index.php?rest_route=%2Fwp%2Fv2%2Ftags&post=3614"}],"curies":[{"name":"wp","href":"https:\/\/api.w.org\/{rel}","templated":true}]}}