{"id":3616,"date":"2013-02-19T11:54:02","date_gmt":"2013-02-19T10:54:02","guid":{"rendered":"http:\/\/www.ladislavjakl.cz\/?p=3616"},"modified":"2013-02-19T11:54:02","modified_gmt":"2013-02-19T10:54:02","slug":"spor-o-amnestii-presel-do-osobni-roviny-jakl-chce-zalovat-soudce","status":"publish","type":"post","link":"https:\/\/www.ladislavjakl.cz\/?p=3616","title":{"rendered":"Spor o amnestii p\u0159e\u0161el do osobn\u00ed roviny. Jakl chce \u017ealovat soudce"},"content":{"rendered":"<p>Praha &#8211; \u0160\u00e9f prezidentova politick\u00e9ho odboru Ladislav Jakl hodl\u00e1 podat  \u017ealobu na soudce M\u011bstsk\u00e9ho soudu v\u00a0Praze Kamila Kydalku. Spor se t\u00fdk\u00e1  Jaklov\u00fdch v\u00fdrok\u016f o novoro\u010dn\u00ed amnestii prezidenta V\u00e1clava Klause. Podle  Kydalky jsou rozporupln\u00e9, a Jakl si tak z\u00a0ve\u0159ejnosti &#8222;d\u011bl\u00e1 legraci&#8220;.  Prezident\u016fv mu\u017e Kydalkova slova bere jako \u00fatok a \u0161\u00ed\u0159en\u00ed nepravdiv\u00fdch  informac\u00ed o sv\u00e9 osob\u011b; soudci proto chce &#8222;dop\u0159\u00e1t tro\u0161ku z\u00e1bavy u soudu&#8220;.<\/p>\n<p><!--more--><\/p>\n<p>Jakl podle vlastn\u00edch slov \u017ealobu je\u0161t\u011b nepodal. &#8222;P\u0159\u00edslu\u0161n\u00e9 kroky jsem  je\u0161t\u011b nestihl ud\u011blat, ale pl\u00e1nuji je a jsem p\u0159ipraven panu Kydalkovi  dop\u0159\u00e1t tro\u0161ku z\u00e1bavy u soudu. Jsem pro to rozhodnut,&#8220; uvedl ve vys\u00edl\u00e1n\u00ed  \u010cT24.<\/p>\n<p>Spor se vede o Kydalk\u016fv p\u00e1te\u010dn\u00ed rozhovor pro server <a href=\"http:\/\/www.lidovky.cz\/klaus-a-spol-neunesli-odchod-z-funkci-mini-soudce-kydalka-pel-\/zpravy-domov.aspx?c=A130214_162013_ln_domov_ogo\">lidovky.cz<\/a>.  Soudce zde komentoval nejasn\u00e9 informace o autorech prezidentsk\u00e9  amnestie. &#8222;U\u017e tomu nerozum\u00edm, 2. ledna \u0159ekl, \u017ee nev\u00ed, kdo na tom  pracoval. Jinde se zase objevilo, \u017ee na tom pracoval v kruhu t\u0159\u00ed lid\u00ed,  ne\u0159ekl s k\u00fdm, pak se v Lidovk\u00e1ch objevilo, \u017ee na tom m\u011bl pracovat pan  Koudelka, Hasenkopf a Jakl a nyn\u00ed sly\u0161\u00edme, \u017ee na tom ned\u011blal v\u016fbec \u017e\u00e1dn\u00fd  pr\u00e1vn\u00edk. M\u00e1m pocit, \u017ee pan Jakl si z n\u00e1s d\u011bl\u00e1 legraci,&#8220; odpov\u011bd\u011bl  Kydalka lidovk\u00e1m na ot\u00e1zku, zda Jaklovi v\u011b\u0159\u00ed, \u017ee amnestii nep\u0159ipravovali  pr\u00e1vn\u00edci. Jaklovu aktu\u00e1ln\u00ed reakci komentovat necht\u011bl.<\/p>\n<p>Jakl m\u00e1 zato, \u017ee se t\u00edm o n\u011bj Kydalka &#8222;ot\u00edr\u00e1 \u017ealovateln\u00fdm zp\u016fsobem&#8220;.  &#8222;Nen\u00ed mo\u017en\u00e9 ve ve\u0159ejn\u00e9m prostoru jen tak pl\u00e1cat. Pokud uv\u00e1d\u00ed l\u017eiv\u00e9  \u00fadaje, tak by za to m\u011bl m\u00edt n\u011bjakou odpov\u011bdnost,&#8220; \u0159ekl k\u00a0chystan\u00e9 \u017ealob\u011b  Jakl; soudce podle n\u011bj pou\u017eil m\u00e9dii zkreslen\u00e9 a nep\u0159esn\u00e9 v\u00fdroky.<\/p>\n<div id=\"contentPart_310009\">\n<p><strong>Jakl komentuje Kydalkova slova:<\/strong><\/p>\n<div>\n<ol>\n<li><strong>&#8222;\u2026 2. ledna \u0159ekl, \u017ee nev\u00ed, kdo na tom pracoval\u2026&#8220;<\/strong> \u2013 &#8222;Tento v\u00fdrok jsem nikdy ne\u0159ekl.&#8220;<\/li>\n<li><strong>&#8222;\u2026 Jinde se zase objevilo, \u017ee na tom pracoval v kruhu t\u0159\u00ed lid\u00ed\u2026&#8220;<\/strong> \u2013 &#8222;Nikdy jsem nic takov\u00e9ho ne\u0159ekl.&#8220;<\/li>\n<li><strong>&#8222;\u2026 pak se v Lidovk\u00e1ch objevilo, \u017ee na tom m\u011bl pracovat pan Koudelka, Hasenkopf a Jakl&#8220;<\/strong> \u2013 &#8222;Tyto \u00fadaje jsem nikdy nikomu ne\u0159ekl a vych\u00e1z\u00ed pouze ze l\u017eiv\u00e9ho \u010dl\u00e1nku Lidov\u00fdch novin.&#8220;<\/li>\n<\/ol>\n<p>Soudce Kamil Kydalka se proti amnestii p\u0159edned\u00e1vnem jasn\u011b vymezil,  kdy\u017e M\u011bstsk\u00fd soud v\u00a0Praze napadl Klausovo novoro\u010dn\u00ed rozhodnut\u00ed u  \u00dastavn\u00edho soudu a \u017e\u00e1dal jeho plo\u0161n\u00e9 zru\u0161en\u00ed. Soud tuto \u017e\u00e1dost zam\u00edtl.<\/p>\n<p>&#8222;Podle m\u00e9ho hlubok\u00e9ho p\u0159esv\u011bd\u010den\u00ed pat\u0159\u00ed mezi soudce, kte\u0159\u00ed m\u00edsto  toho, aby si hled\u011bli sv\u00e9 pr\u00e1ce a starali se o co nejv\u011bt\u0161\u00ed efektivitu  justice, tak si sp\u00ed\u0161 d\u011blaj\u00ed reklamu v\u00a0m\u00e9di\u00edch a \u0161ermuj\u00ed r\u016fzn\u00fdmi v\u00fdroky,&#8220;  uvedl na Kydalkovu adresu Jakl.<\/p>\n<div id=\"contentPart_310014\">\n<div>\n<p><strong>Jaklovy v\u00fdroky o amnestii:<\/strong><\/p>\n<ul>\n<li><strong>19. ledna na \u010cT24:<\/strong> &#8222;Pan prezident sv\u00e9 rozhodnut\u00ed  konzultoval se sv\u00fdmi spolupracovn\u00edky a experty a rozhodnut\u00ed vydal. Jinak  si mysl\u00edm, \u017ee cel\u00e1 ta debata je \u00fapln\u011b lich\u00e1, prost\u011b je pod t\u00edm podeps\u00e1n  pan prezident.&#8220;<\/li>\n<li><strong>21. ledna v Lidov\u00fdch novin\u00e1ch:<\/strong> &#8222;Pan prezident sv\u00e9  rozhodnut\u00ed konzultoval se sv\u00fdmi spolupracovn\u00edky a experty a rozhodnut\u00ed  vydal. Jinak si mysl\u00edm, \u017ee cel\u00e1 ta debata je \u00fapln\u011b lich\u00e1, prost\u011b je pod  t\u00edm podeps\u00e1n pan prezident.&#8220;<\/li>\n<li><strong>2. \u00fanora v Lidov\u00fdch novin\u00e1ch:<\/strong> &#8222;Amnestie vznikala v debat\u011b pana prezidenta s \u00fazk\u00fdm okruhem jeho 3 nejbli\u017e\u0161\u00edch spolupracovn\u00edk\u016f,&#8220;<\/li>\n<li><strong>13. \u00fanora na Radio\u017eurn\u00e1lu:<\/strong> &#8222;Tak \u0159eknu, jestli n\u011bkdo  p\u0159ipravoval tuto amnestii, tak to byl prezident Havel anebo mo\u017en\u00e1 i  Hus\u00e1k. Prost\u011b vezmete jakoukoliv p\u0159edchoz\u00ed amnestii, kter\u00e1 je ps\u00e1na  pr\u00e1vn\u00edm jazykem, ta m\u00e1 univerz\u00e1ln\u00ed neutr\u00e1ln\u00ed obsah. A ten vlastn\u00ed obsah  tomu d\u00e1 pr\u00e1v\u011b ta debata o t\u011bch parametrech. K tomu nepot\u0159ebujete \u017e\u00e1dn\u00fdho  pr\u00e1vn\u00edka. K tomu pot\u0159ebujete jenom \u00favahu, co chcete ud\u011blat a jak se  chcete rozhodnout a za co chcete n\u00e9st odpov\u011bdnost.&#8220;<\/li>\n<\/ul>\n<p><a href=\"http:\/\/www.ceskatelevize.cz\/ct24\/kauzy\/215664-spor-o-amnestii-presel-do-osobni-roviny-jakl-chce-zalovat-soudce\/\" target=\"_blank\">Zdroj<\/a><\/div>\n<\/div>\n<\/div>\n<\/div>\n","protected":false},"excerpt":{"rendered":"<p>Praha &#8211; \u0160\u00e9f prezidentova politick\u00e9ho odboru Ladislav Jakl hodl\u00e1 podat \u017ealobu na soudce M\u011bstsk\u00e9ho soudu v\u00a0Praze Kamila Kydalku. Spor se t\u00fdk\u00e1 Jaklov\u00fdch v\u00fdrok\u016f o novoro\u010dn\u00ed amnestii prezidenta V\u00e1clava Klause. Podle Kydalky jsou rozporupln\u00e9, a Jakl si tak z\u00a0ve\u0159ejnosti &#8222;d\u011bl\u00e1 legraci&#8220;. Prezident\u016fv mu\u017e Kydalkova slova bere jako \u00fatok a \u0161\u00ed\u0159en\u00ed nepravdiv\u00fdch informac\u00ed o sv\u00e9 osob\u011b; soudci [&hellip;]<\/p>\n","protected":false},"author":1,"featured_media":0,"comment_status":"open","ping_status":"open","sticky":false,"template":"","format":"standard","meta":{"ngg_post_thumbnail":0,"footnotes":""},"categories":[11,13],"tags":[],"class_list":["post-3616","post","type-post","status-publish","format-standard","hentry","category-ozvena","category-rozhovory"],"_links":{"self":[{"href":"https:\/\/www.ladislavjakl.cz\/index.php?rest_route=\/wp\/v2\/posts\/3616","targetHints":{"allow":["GET"]}}],"collection":[{"href":"https:\/\/www.ladislavjakl.cz\/index.php?rest_route=\/wp\/v2\/posts"}],"about":[{"href":"https:\/\/www.ladislavjakl.cz\/index.php?rest_route=\/wp\/v2\/types\/post"}],"author":[{"embeddable":true,"href":"https:\/\/www.ladislavjakl.cz\/index.php?rest_route=\/wp\/v2\/users\/1"}],"replies":[{"embeddable":true,"href":"https:\/\/www.ladislavjakl.cz\/index.php?rest_route=%2Fwp%2Fv2%2Fcomments&post=3616"}],"version-history":[{"count":2,"href":"https:\/\/www.ladislavjakl.cz\/index.php?rest_route=\/wp\/v2\/posts\/3616\/revisions"}],"predecessor-version":[{"id":3618,"href":"https:\/\/www.ladislavjakl.cz\/index.php?rest_route=\/wp\/v2\/posts\/3616\/revisions\/3618"}],"wp:attachment":[{"href":"https:\/\/www.ladislavjakl.cz\/index.php?rest_route=%2Fwp%2Fv2%2Fmedia&parent=3616"}],"wp:term":[{"taxonomy":"category","embeddable":true,"href":"https:\/\/www.ladislavjakl.cz\/index.php?rest_route=%2Fwp%2Fv2%2Fcategories&post=3616"},{"taxonomy":"post_tag","embeddable":true,"href":"https:\/\/www.ladislavjakl.cz\/index.php?rest_route=%2Fwp%2Fv2%2Ftags&post=3616"}],"curies":[{"name":"wp","href":"https:\/\/api.w.org\/{rel}","templated":true}]}}