{"id":3619,"date":"2013-02-19T11:59:01","date_gmt":"2013-02-19T10:59:01","guid":{"rendered":"http:\/\/www.ladislavjakl.cz\/?p=3619"},"modified":"2013-02-19T12:57:30","modified_gmt":"2013-02-19T11:57:30","slug":"amnestie-z-cestiny-do-cestiny-preklady-z-cestiny-do-cestiny-v-nasich-mediich","status":"publish","type":"post","link":"https:\/\/www.ladislavjakl.cz\/?p=3619","title":{"rendered":"Amnestie &#8211; p\u0159eklady z \u010de\u0161tiny do \u010de\u0161tiny v na\u0161ich m\u00e9di\u00edch."},"content":{"rendered":"<p>Jako s\u00a0r\u00e1diem Jerevan to dopadne, kdy\u017e chcete m\u00e9di\u00edm n\u011bco vysv\u011btlit. T\u0159eba to, \u017ee k\u00a0rozhodnut\u00ed o parametrech amnestie (tedy o tom, na koho se bude vztahovat) prezident republiky pr\u00e1vn\u00edka nepot\u0159ebuje a \u017ee \u010dist\u011b pr\u00e1vn\u00ed slo\u017eka amnestie je obsahov\u011b neutr\u00e1ln\u00ed. Tak\u017ee l\u00e9ta konzultac\u00ed s\u00a0pr\u00e1vn\u00edky jsou u\u017eite\u010dn\u00e1 p\u0159i tvorb\u011b form\u00e1ln\u00edho mustru amnestie, ale u\u017e ne p\u0159i rozhodov\u00e1n\u00ed o okruz\u00edch osob potenci\u00e1ln\u011b amnestovan\u00fdch.<\/p>\n<p><!--more--><strong>Skute\u010dn\u00fd v\u00fdrok: (Ladislav Jakl v\u00a0\u010cesk\u00e9m rozhlase 12. 2. 013): \u201ePr\u00e1v\u011b u parametr\u016f (amnestie) podle m\u011b v\u016fbec \u017e\u00e1dn\u00fd pr\u00e1vn\u00edk ani nem\u00e1 co d\u011blat, proto\u017ee to je ob\u010dansk\u00e9 a politick\u00e9 rozhodnut\u00ed.\u201c<\/strong><\/p>\n<p>\u010cesk\u00fd rozhlas: Jakl: Na p\u0159\u00edprav\u011b amnestie se nepod\u00edlel \u017e\u00e1dn\u00fd pr\u00e1vn\u00edk. A je to dob\u0159e.<\/p>\n<p>iDnes: Parametry amnestie nep\u0159ipravoval pr\u00e1vn\u00edk, \u0159ekl Klaus\u016fv tajemn\u00edk Jakl.<\/p>\n<p>Lidovky cz.: Amnestii nep\u0159ipravoval \u017e\u00e1dn\u00fd pr\u00e1vn\u00edk, prohl\u00e1sil Jakl<\/p>\n<p>T\u00fdden.cz: Jakl: Na amnestii se nepod\u00edlel jedin\u00fd pr\u00e1vn\u00edk<\/p>\n<p>\u010cesk\u00e1 pozice: Jakl \u2026 vysv\u011btlil, \u017ee p\u0159i psan\u00ed amnestie nem\u00e1 co d\u011blat \u017e\u00e1dn\u00fd pr\u00e1vn\u00edk<\/p>\n<p>Katalog pr\u00e1vn\u00edk\u016f.cz\u2026 Na p\u0159\u00edprav\u011b amnestie nepracoval \u017e\u00e1dn\u00fd pr\u00e1vn\u00edk<\/p>\n<p>Nova.cz: Ladislav Jakl &#8230; tvrd\u00ed, \u017ee k seps\u00e1n\u00ed amnestie nepot\u0159ebovali \u017e\u00e1dn\u00e9 rady od pr\u00e1vn\u00edk\u016f.<\/p>\n<p>\u010cesk\u00e1 televize: Tajemn\u00edk prezidenta Ladislav Jakl dnes ve Dvaceti minut\u00e1ch Radio\u017eurn\u00e1lu \u0159ekl, \u017ee amnestii nepom\u00e1hal p\u0159ipravovat \u017e\u00e1dn\u00fd pr\u00e1vn\u00edk.<\/p>\n<p><strong>Sami si u\u010dtete, kdo je va\u0161\u00edm v\u00edt\u011bzem sout\u011b\u017ee o nejtvo\u0159iv\u011bj\u0161\u00ed interpretaci a kdo asi z\u00a0nedostatku fantazie v\u00a0z\u00e1sad\u011b pracuje s\u00a0realitou.<\/strong><\/p>\n","protected":false},"excerpt":{"rendered":"<p>Jako s\u00a0r\u00e1diem Jerevan to dopadne, kdy\u017e chcete m\u00e9di\u00edm n\u011bco vysv\u011btlit. T\u0159eba to, \u017ee k\u00a0rozhodnut\u00ed o parametrech amnestie (tedy o tom, na koho se bude vztahovat) prezident republiky pr\u00e1vn\u00edka nepot\u0159ebuje a \u017ee \u010dist\u011b pr\u00e1vn\u00ed slo\u017eka amnestie je obsahov\u011b neutr\u00e1ln\u00ed. Tak\u017ee l\u00e9ta konzultac\u00ed s\u00a0pr\u00e1vn\u00edky jsou u\u017eite\u010dn\u00e1 p\u0159i tvorb\u011b form\u00e1ln\u00edho mustru amnestie, ale u\u017e ne p\u0159i rozhodov\u00e1n\u00ed o [&hellip;]<\/p>\n","protected":false},"author":1,"featured_media":0,"comment_status":"open","ping_status":"open","sticky":false,"template":"","format":"standard","meta":{"ngg_post_thumbnail":0,"footnotes":""},"categories":[6],"tags":[],"class_list":["post-3619","post","type-post","status-publish","format-standard","hentry","category-co-jsem-nerekl"],"_links":{"self":[{"href":"https:\/\/www.ladislavjakl.cz\/index.php?rest_route=\/wp\/v2\/posts\/3619","targetHints":{"allow":["GET"]}}],"collection":[{"href":"https:\/\/www.ladislavjakl.cz\/index.php?rest_route=\/wp\/v2\/posts"}],"about":[{"href":"https:\/\/www.ladislavjakl.cz\/index.php?rest_route=\/wp\/v2\/types\/post"}],"author":[{"embeddable":true,"href":"https:\/\/www.ladislavjakl.cz\/index.php?rest_route=\/wp\/v2\/users\/1"}],"replies":[{"embeddable":true,"href":"https:\/\/www.ladislavjakl.cz\/index.php?rest_route=%2Fwp%2Fv2%2Fcomments&post=3619"}],"version-history":[{"count":3,"href":"https:\/\/www.ladislavjakl.cz\/index.php?rest_route=\/wp\/v2\/posts\/3619\/revisions"}],"predecessor-version":[{"id":3622,"href":"https:\/\/www.ladislavjakl.cz\/index.php?rest_route=\/wp\/v2\/posts\/3619\/revisions\/3622"}],"wp:attachment":[{"href":"https:\/\/www.ladislavjakl.cz\/index.php?rest_route=%2Fwp%2Fv2%2Fmedia&parent=3619"}],"wp:term":[{"taxonomy":"category","embeddable":true,"href":"https:\/\/www.ladislavjakl.cz\/index.php?rest_route=%2Fwp%2Fv2%2Fcategories&post=3619"},{"taxonomy":"post_tag","embeddable":true,"href":"https:\/\/www.ladislavjakl.cz\/index.php?rest_route=%2Fwp%2Fv2%2Ftags&post=3619"}],"curies":[{"name":"wp","href":"https:\/\/api.w.org\/{rel}","templated":true}]}}