{"id":3625,"date":"2013-02-26T09:50:51","date_gmt":"2013-02-26T08:50:51","guid":{"rendered":"http:\/\/www.ladislavjakl.cz\/?p=3625"},"modified":"2013-02-26T09:50:51","modified_gmt":"2013-02-26T08:50:51","slug":"dopis-piratskemu-michalkovi","status":"publish","type":"post","link":"https:\/\/www.ladislavjakl.cz\/?p=3625","title":{"rendered":"Dopis pir\u00e1tsk\u00e9mu Mich\u00e1lkovi"},"content":{"rendered":"<p>8. \u00fanora 2013<br \/>\nV\u00e1\u017een\u00fd pane Mich\u00e1lku, je mo\u017en\u00e9, \u017ee jste se u\u017e narodil s\u00a0kravatou a \u017ee si \u017eivot p\u0159edstavujete jako \u0161ermov\u00e1n\u00ed lejstry, raz\u00edtky a paragrafy. V\u00a0tom p\u0159\u00edpad\u011b m\u016fj dopis ani ne\u010dt\u011bte. V\u00a0p\u0159\u00edpad\u011b, \u017ee tomu tak nen\u00ed a \u017ee m\u00e1 ve Va\u0161em sv\u011bt\u011b m\u00edsto norm\u00e1ln\u00ed lidsk\u00e1 komunikace, pak jsou V\u00e1m ur\u010deny n\u00e1sleduj\u00edc\u00ed \u0159\u00e1dky.<\/p>\n<p><!--more-->Za\u010dnu t\u00edm, \u017ee jsem se dozv\u011bd\u011bl o Va\u0161em protestu proti zve\u0159ejn\u011bn\u00ed sv\u00e9 adresy a data narozen\u00ed na m\u00fdch osobn\u00edch webov\u00fdch str\u00e1nk\u00e1ch. Jestli\u017ee V\u00e1m tento m\u016fj krok zp\u016fsobil n\u011bjakou \u00fajmu, pak, pros\u00edm,\u00a0 v\u011bzte, \u017ee m\u011b to mrz\u00ed a\u00a0 je mi to l\u00edto. V\u00e1\u0161 dopis s\u00a0t\u011bmito \u00fadaji jsem ze sv\u00fdch str\u00e1nek u\u017e p\u0159ed t\u00fddnem odstranil.<\/p>\n<p>R\u00e1d bych k\u00a0tomu ale dodal, \u017ee podle m\u00e9ho n\u00e1zoru V\u00e1m t\u00edmto krokem \u017e\u00e1dn\u00e1 \u00fajma nemohla b\u00fdt zp\u016fsobena. Jako m\u00edstop\u0159edseda politick\u00e9 strany jste ve\u0159ejn\u011b \u010dinnou osobou a\u00a0mus\u00edte tedy po\u010d\u00edtat s vy\u0161\u0161\u00ed m\u00edrou ve\u0159ejn\u00e9ho z\u00e1jmu ne\u017e osoba, kter\u00e1 se nijak politicky neanga\u017euje. Ostatn\u011b, pr\u00e1v\u011b ty \u00fadaje, na jejich\u017e zve\u0159ejn\u011bn\u00ed si st\u011b\u017eujete, jsou ka\u017ed\u00e9mu k dispozici v seznamu politick\u00fdch stran a hnut\u00ed, veden\u00e9m Ministerstvem vnitra \u010cesk\u00e9 republiky a p\u0159\u00edstupn\u00e9m z webu ministerstva na\u00a0adrese: http:\/\/aplikace.mvcr.cz\/seznam-politickych-stran\/Default.aspx .<\/p>\n<p>Zve\u0159ej\u0148ovat Va\u0161e ani jak\u00e9koli jin\u00e9 osobn\u00ed \u00fadaje ale nebylo m\u00fdm c\u00edlem a bylo sp\u00ed\u0161e produktem m\u00e9 nedostate\u010dn\u00e9 pozornosti. M\u00fdm c\u00edlem bylo pouk\u00e1zat na fakt, \u017ee m\u00edstop\u0159edseda Poslaneck\u00e9 sn\u011bmovny Lubom\u00edr Zaor\u00e1lek, tedy osoba, kter\u00e1 m\u00e1 k dispozici rozs\u00e1hl\u00fd odborn\u00fd apar\u00e1t ve Sn\u011bmovn\u011b i v r\u00e1mci \u010cSSD, adresuje sv\u00e9 dotazy prezidentu republiky prost\u0159ednictv\u00edm z\u00e1kona \u010d. 106\/1999 Sb., o svobodn\u00e9m p\u0159\u00edstupu k informac\u00edm zp\u016fsobem, z\u00a0n\u011bho\u017e usuzuji na to, \u017ee v\u016fbec nech\u00e1pe poslan\u00ed a \u00fa\u010del tohoto z\u00e1kona. Pan m\u00edstop\u0159edseda se mus\u00ed rozhodnout: bu\u010f vystupuje jako soukrom\u00e1 osoba Lubom\u00edr Zaor\u00e1lek, a pak je na m\u00edst\u011b, aby se t\u00e1zal prost\u0159ednictv\u00edm tohoto z\u00e1kona, nebo vystupuje jako m\u00edstop\u0159edseda Sn\u011bmovny, a pak nech\u0165 se prezidenta republiky t\u00e1\u017ee z\u00a0pozice \u00fastavn\u00edho \u010dinitele a tomu odpov\u00eddaj\u00edc\u00ed formou. M\u00edstop\u0159edseda Sn\u011bmovny v\u0161ak evidentn\u011b ke sv\u00e9mu dotazu pou\u017eil prefabrik\u00e1t vytvo\u0159en\u00fd \u010ceskou pir\u00e1tskou stranou, tedy politick\u00fdm konkurentem \u010cSSD, a beze zm\u011bny jej pouze zkop\u00edroval, v\u010detn\u011b osloven\u00ed \u201edobr\u00fd den\u201c, co\u017e komunikaci mezi nejvy\u0161\u0161\u00edmi \u00fastavn\u00edmi \u010diniteli ur\u010dit\u011b neodpov\u00edd\u00e1..<\/p>\n<p>V\u00edm tak\u00e9, \u017ee si st\u011b\u017eujete na to, \u017ee V\u00e1\u0161 dotaz podle z\u00e1kona 106 nebyl vy\u0159\u00edzen ve stanoven\u00e9 lh\u016ft\u011b. Podle m\u00e9ho zji\u0161t\u011bn\u00ed to ale nen\u00ed pravda, odpov\u011b\u010f ode\u0161la k\u00a0KPR v\u010das. Nav\u00edc je evidentn\u00ed, \u017ee jste sv\u016fj dotaz nepod\u00e1val s\u00a0c\u00edlem zjistit jak\u00e9koli informace, ale pouze \u0161ikanovat zam\u011bstnance Kancel\u00e1\u0159e prezidenta republiky. Byla to \u010cesk\u00e1 pir\u00e1tsk\u00e1 strana, jej\u00edm\u017e jste m\u00edstop\u0159edsedou, kdo vyvolal organizovanou kampa\u0148 dotaz\u016f, kterou m\u00e1 p\u0159\u00edslu\u0161n\u00e9 odd\u011blen\u00ed ve lh\u016ft\u011b zpracov\u00e1vat. Kv\u016fli Va\u0161\u00ed z\u00e1bav\u011b tak jeho pracovnice nyn\u00ed musej\u00ed pracovat p\u0159es\u010das a odsouvat pod\u00e1n\u00ed ob\u010dan\u016f, kte\u0159\u00ed skute\u010dn\u011b pot\u0159ebuj\u00ed pomoc. Pokud by V\u00e1m toti\u017e \u0161lo skute\u010dn\u011b o informace, pak by sta\u010dilo poslat jeden dotaz. Nicm\u00e9n\u011b z informac\u00ed zve\u0159ejn\u011bn\u00fdch na webu \u010cesk\u00e9 pir\u00e1tsk\u00e9 strany je z\u0159ejm\u00e9, \u017ee c\u00edlem bylo zahltit Kancel\u00e1\u0159 prezidenta republiky co nejv\u011bt\u0161\u00edm po\u010dtem toto\u017en\u00fdch \u017e\u00e1dost\u00ed. Takov\u00fd postup pova\u017euji za zlomysln\u00fd a ned\u016fstojn\u00fd. T\u00edm na nikoho tlak nezes\u00edl\u00edte, pouze p\u0159id\u011bl\u00e1te starosti n\u011bkolika poctiv\u00fdm administrativn\u00edm pracovnic\u00edm. Pot\u0159ebujete n\u011bco takov\u00e9ho?<\/p>\n<p>M\u016fj dopis m\u016f\u017eete klidn\u011b pou\u017e\u00edt k\u00a0dal\u0161\u00edm krok\u016fm sv\u00e9ho boje prost\u0159ednictv\u00edm \u0161ermov\u00e1n\u00ed listinami. Nebo se nad n\u00edm t\u0159eba na chv\u00edli zamysl\u00edte. Toho bych si velmi cenil.<\/p>\n<p>P\u0159\u00e1telsky,<\/p>\n<p>Ladislav Jakl<\/p>\n<p><strong>Pozn\u00e1mka: Pir\u00e1tsk\u00fd Mich\u00e1lek mi na tento dopis neodpov\u011bd\u011bl. Reagoval na n\u011bj jen ve sv\u00e9m blogu, ve kter\u00e9m mn\u011b nazval prezidentov\u00fdm poh\u016fnkem a op\u011bt si st\u011b\u017euje, \u017ee na svou \u017e\u00e1dost nedostal odpov\u011b\u010f. Ale dostal. Jen\u017ee on by za odpov\u011b\u010f pova\u017eoval pouze takovou, ve kter\u00e9 bych napsal, \u017ee autorem amnestie nen\u00ed prezident republiky, ale gangstersk\u00e9 podsv\u011bt\u00ed, od kter\u00e9ho prezident a jeho t\u00fdm dostali mili\u00f3nov\u00e9 \u00faplatky. Nic jin\u00e9ho za odpov\u011b\u010f nikdy pova\u017eovat nebude. <\/strong><\/p>\n","protected":false},"excerpt":{"rendered":"<p>8. \u00fanora 2013 V\u00e1\u017een\u00fd pane Mich\u00e1lku, je mo\u017en\u00e9, \u017ee jste se u\u017e narodil s\u00a0kravatou a \u017ee si \u017eivot p\u0159edstavujete jako \u0161ermov\u00e1n\u00ed lejstry, raz\u00edtky a paragrafy. V\u00a0tom p\u0159\u00edpad\u011b m\u016fj dopis ani ne\u010dt\u011bte. V\u00a0p\u0159\u00edpad\u011b, \u017ee tomu tak nen\u00ed a \u017ee m\u00e1 ve Va\u0161em sv\u011bt\u011b m\u00edsto norm\u00e1ln\u00ed lidsk\u00e1 komunikace, pak jsou V\u00e1m ur\u010deny n\u00e1sleduj\u00edc\u00ed \u0159\u00e1dky.<\/p>\n","protected":false},"author":1,"featured_media":0,"comment_status":"open","ping_status":"open","sticky":false,"template":"","format":"standard","meta":{"ngg_post_thumbnail":0,"footnotes":""},"categories":[6],"tags":[],"class_list":["post-3625","post","type-post","status-publish","format-standard","hentry","category-co-jsem-nerekl"],"_links":{"self":[{"href":"https:\/\/www.ladislavjakl.cz\/index.php?rest_route=\/wp\/v2\/posts\/3625","targetHints":{"allow":["GET"]}}],"collection":[{"href":"https:\/\/www.ladislavjakl.cz\/index.php?rest_route=\/wp\/v2\/posts"}],"about":[{"href":"https:\/\/www.ladislavjakl.cz\/index.php?rest_route=\/wp\/v2\/types\/post"}],"author":[{"embeddable":true,"href":"https:\/\/www.ladislavjakl.cz\/index.php?rest_route=\/wp\/v2\/users\/1"}],"replies":[{"embeddable":true,"href":"https:\/\/www.ladislavjakl.cz\/index.php?rest_route=%2Fwp%2Fv2%2Fcomments&post=3625"}],"version-history":[{"count":2,"href":"https:\/\/www.ladislavjakl.cz\/index.php?rest_route=\/wp\/v2\/posts\/3625\/revisions"}],"predecessor-version":[{"id":3627,"href":"https:\/\/www.ladislavjakl.cz\/index.php?rest_route=\/wp\/v2\/posts\/3625\/revisions\/3627"}],"wp:attachment":[{"href":"https:\/\/www.ladislavjakl.cz\/index.php?rest_route=%2Fwp%2Fv2%2Fmedia&parent=3625"}],"wp:term":[{"taxonomy":"category","embeddable":true,"href":"https:\/\/www.ladislavjakl.cz\/index.php?rest_route=%2Fwp%2Fv2%2Fcategories&post=3625"},{"taxonomy":"post_tag","embeddable":true,"href":"https:\/\/www.ladislavjakl.cz\/index.php?rest_route=%2Fwp%2Fv2%2Ftags&post=3625"}],"curies":[{"name":"wp","href":"https:\/\/api.w.org\/{rel}","templated":true}]}}