{"id":363,"date":"2010-05-18T09:42:14","date_gmt":"2010-05-18T08:42:14","guid":{"rendered":"http:\/\/www.ladislavjakl.cz\/?p=363"},"modified":"2010-05-20T14:20:15","modified_gmt":"2010-05-20T13:20:15","slug":"pane-moravce-prestante-se-chovat-v-ct-za-nase-penize-jako-dobytek","status":"publish","type":"post","link":"https:\/\/www.ladislavjakl.cz\/?p=363","title":{"rendered":"Pod\u00edl V\u00e1clava Moravce na \u00fapadku politiky"},"content":{"rendered":"<div id=\"text\">V\u00e1clav Moravec je neprofesion\u00e1ln\u00ed  moder\u00e1tor, kter\u00fd v\u00edce ne\u017e kdo jin\u00fd ovliv\u0148uje \u201ediskuse\u201c politik\u016f podle  mainstreamu. Jeho postoj k p\u0159edstavitel\u016fm jin\u00fdch ne\u017e ofici\u00e1ln\u011b tla\u010den\u00fdch  my\u0161lenek je neuv\u011b\u0159iteln\u00fd.<\/div>\n<div><!--more--><\/div>\n<div id=\"text\">\n<p>Ty posledn\u00ed Ot\u00e1zky jsou jen pomyslnou prozat\u00edmn\u00ed te\u010dkou za jeho  dosavadn\u00edm chov\u00e1n\u00edm. V\u00e1clav Moravec mnohokr\u00e1t prok\u00e1zal, \u017ee diskuse s  n\u011bk\u00fdm, kdo m\u00e1 jin\u00fd n\u00e1zor ne\u017e p\u0159edstavitel\u00e9 parlamentn\u00edch stran, nen\u00ed  schopen ust\u00e1t.<\/p>\n<p>V ned\u011bli byl jedn\u00edm z host\u016f Ladislav Jakl. Jeden z m\u00e1la lid\u00ed v tomto  st\u00e1t\u011b, kter\u00fd nepodl\u00e9h\u00e1 p\u0159i vyjad\u0159ov\u00e1n\u00ed sv\u00fdch n\u00e1zor\u016f tomu, co cht\u011bj\u00ed  ostatn\u00ed. Kdy\u017e se zept\u00e1te jak\u00e9hokoli politika ve sn\u011bmovn\u011b na jednoduchou  ot\u00e1zku, odpov\u00ed svou \u201epoliti\u010dtinou\u201c tak, \u017ee semele ideologick\u00e9 \u017ev\u00e1sty a  zabal\u00ed je do odpov\u011bdi na zcela n\u011bco jin\u00e9ho. Jak\u00e1koli medi\u00e1ln\u00ed odpov\u011b\u010f  Ladislava Jakla je pak pro m\u011b v\u017edy balz\u00e1mem na du\u0161i, projevem zdrav\u00e9ho  selsk\u00e9ho rozumu a um\u011bn\u00edm pojmenov\u00e1vat v\u011bci prav\u00fdm jm\u00e9nem, a\u0165 jsou  sebehor\u0161\u00ed. Nav\u00edc tak, \u017ee jim rozum\u00ed ka\u017ed\u00fd.<\/p>\n<p>Ned\u011bln\u00ed diskuse na t\u00e9ma vr\u00e1cen\u00e9ho z\u00e1kona o biopalivech, kter\u00e9 se  z\u00fa\u010dastnili krom\u011b Jakla tak\u00e9 Martin Burs\u00edk a prezident agr\u00e1rn\u00ed komory Jan  Veleba, byla z t\u011bch, na kter\u00fdch V\u00e1clav Moravec zcela odkryl svou pravou  tv\u00e1\u0159. Zelen\u00fd lobbista Burs\u00edk a prezident Veleba byli pro Moravce  spr\u00e1vn\u00ed host\u00e9. Odpov\u00eddali v souladu s hlavn\u00edm proudem. Burs\u00edk u\u017e z  podstaty v\u011bci, proto\u017ee pat\u0159\u00ed podle m\u011b mezi takov\u00e9 lidi, kv\u016fli kter\u00fdm pak  mus\u00edme \u0159e\u0161it d\u016fsledky podvod\u016f v Kodani, a Veleba proto, \u017ee mu nic  jin\u00e9ho nezb\u00fdv\u00e1. S\u00e1m v\u00ed, \u017ee nejhor\u0161\u00ed, co na \u010desk\u00e9m zem\u011bd\u011blstv\u00ed existuje,  nen\u00ed neschopnost zem\u011bd\u011blc\u016f vyr\u00e1b\u011bt v rozumn\u00fdch n\u00e1kladech produkci a  uplatnit ji na f\u00e9rov\u00e9m voln\u00e9m trhu, ale syst\u00e9m dotac\u00ed, kter\u00e9ho pr\u00e1v\u011b  Burs\u00edk je p\u0159edstavitelem. A kdy\u017e u\u017e \u0161pinav\u00e9 zem\u011bd\u011blsk\u00e9 dotace v EU jsou,  tak pro\u010d odm\u00edtat i ty na biopaliva.<\/p>\n<p>Jedin\u00fdm, kdo byl tvrdou opozic\u00ed, byl Ladislav Jakl. Moravec mu sk\u00e1kal  do \u0159e\u010di jak mal\u00e9 d\u00edt\u011b, kter\u00e9mu vezmete hra\u010dku. S ohledem na sv\u00e9  postaven\u00ed nedostal z\u00e1v\u011bre\u010dn\u00e9 slovo a p\u0159i lou\u010den\u00ed pak moder\u00e1tor pod\u011bkoval  v\u0161em ostatn\u00edm, jen na Jakla zapomn\u011bl. Kdy\u017e ten cht\u011bl tedy alespo\u0148  pozdravit div\u00e1ky a pod\u011bkovat za \u00fa\u010dast, otev\u0159el \u00fasta a byl okam\u017eit\u011b bez  jedin\u00e9 vydan\u00e9 hl\u00e1sky \u010ceskou televiz\u00ed odst\u0159i\u017een.<\/p>\n<p>V\u00e1clav Moravec se tak osobn\u011b pod\u00edl\u00ed na \u00fapadku dne\u0161n\u00ed politiky a  aktivn\u011b podporuje z pozice moder\u00e1tora ve\u0159ejnopr\u00e1vn\u00ed televize jen  n\u011bkter\u00e9. Je pro m\u011b dal\u0161\u00edm d\u016fvodem k tomu, aby ve\u0159ejnopr\u00e1vn\u00ed m\u00e9dia, kter\u00e1  si plat\u00edme ka\u017ed\u00fd ze z\u00e1kona, ani\u017e bychom o to st\u00e1li, pro\u0161la od z\u00e1kladu  zm\u011bnou. Zat\u00edm jsou toti\u017e jen hl\u00e1snou troubou poslaneck\u00e9 sn\u011bmovny, kter\u00e1 o  nich svou legislativou rozhoduje. Zat\u00edmco ostatn\u00ed m\u00e9dia mus\u00ed o svou  pozici bojovat, maj\u00ed lid\u00e9 jako V\u00e1clav Moravec sv\u00e9 jist\u00e9. Za na\u0161e.<\/p>\n<p>Nen\u00ed to tak d\u00e1vno, co nab\u00eddku na p\u0159ehodnocen\u00ed na\u0161eho vztahu k  biopaliv\u016fm osobn\u011b p\u0159edkl\u00e1dal Andrej Babi\u0161 Petru Machovi, kter\u00e9ho o  sch\u016fzku s\u00e1m po\u017e\u00e1dal s informac\u00ed ve stylu, \u017ee sv\u00e9 poslance u\u017e stejn\u011b m\u00e1 a  a\u0165 do toho tolik ne\u0161ijeme. Jsem velmi r\u00e1d, \u017ee ho Mach vyhodil stejn\u011b,  jako tuto miliardovou dota\u010dn\u00ed nesmyslnou lobby nyn\u00ed zastavil prezident.  Ano, mo\u017en\u00e1 jsme mohli m\u00edt hodn\u011b milion\u016f na kampa\u0148 je\u0161t\u011b p\u0159ed volbami,  kdybychom pop\u0159eli to, proti \u010demu bojujeme: dotace, dotace a zase jen  dotace. Mo\u017en\u00e1 byste n\u00e1s kone\u010dn\u011b vid\u011bli na ka\u017ed\u00e9m rohu z plak\u00e1tu. Jen\u017ee  takto to tady d\u011blaj\u00ed ti, co tam jsou te\u010f.<\/p>\n<p>K\u00e9\u017e by m\u011bla \u010desk\u00e1 politika v\u00edce takov\u00fdch politik\u016f, jako je Klaus. K\u00e9\u017e  bychom m\u011bli ve ve\u0159ejn\u00e9m \u017eivot\u011b \u010cesk\u00e9 republiky v\u00edce lid\u00ed typu Ladislava  Jakla, kte\u0159\u00ed netrp\u00ed novodobou infekc\u00ed politick\u00e9 korektnosti a nek\u00fdvou  ka\u017ed\u00e9 pitomosti, p\u0159\u00edpadn\u011b dob\u0159e promy\u0161len\u00e9mu tahu lobbist\u016f.<\/p>\n<p>(Z\u00e1znam p\u0159edm\u011btn\u00fdch OVM je <a href=\"http:\/\/www.ceskatelevize.cz\/program\/1126672097-16.05.2010-13:05-24.html\">zde<\/a>)<\/p>\n<p>Autor je \u010dlenem Republikov\u00e9ho p\u0159edsednictva Strany svobodn\u00fdch ob\u010dan\u016f<\/p>\n<p><em>P\u0159evzato z <a href=\"http:\/\/www.frantisekmatejka.cz\/\" target=\"_blank\">FrantisekMatejka.cz<\/a> se  souhlasem autora<\/em><\/div>\n<div id=\"authors\"><a href=\"http:\/\/neviditelnypes.lidovky.cz\/novinari.asp?idnov=1902\">Franti\u0161ek  Mat\u011bjka<\/a><\/div>\n","protected":false},"excerpt":{"rendered":"<p>V\u00e1clav Moravec je neprofesion\u00e1ln\u00ed moder\u00e1tor, kter\u00fd v\u00edce ne\u017e kdo jin\u00fd ovliv\u0148uje \u201ediskuse\u201c politik\u016f podle mainstreamu. Jeho postoj k p\u0159edstavitel\u016fm jin\u00fdch ne\u017e ofici\u00e1ln\u011b tla\u010den\u00fdch my\u0161lenek je neuv\u011b\u0159iteln\u00fd.<\/p>\n","protected":false},"author":1,"featured_media":0,"comment_status":"open","ping_status":"open","sticky":false,"template":"","format":"standard","meta":{"ngg_post_thumbnail":0,"footnotes":""},"categories":[11],"tags":[],"class_list":["post-363","post","type-post","status-publish","format-standard","hentry","category-ozvena"],"_links":{"self":[{"href":"https:\/\/www.ladislavjakl.cz\/index.php?rest_route=\/wp\/v2\/posts\/363","targetHints":{"allow":["GET"]}}],"collection":[{"href":"https:\/\/www.ladislavjakl.cz\/index.php?rest_route=\/wp\/v2\/posts"}],"about":[{"href":"https:\/\/www.ladislavjakl.cz\/index.php?rest_route=\/wp\/v2\/types\/post"}],"author":[{"embeddable":true,"href":"https:\/\/www.ladislavjakl.cz\/index.php?rest_route=\/wp\/v2\/users\/1"}],"replies":[{"embeddable":true,"href":"https:\/\/www.ladislavjakl.cz\/index.php?rest_route=%2Fwp%2Fv2%2Fcomments&post=363"}],"version-history":[{"count":3,"href":"https:\/\/www.ladislavjakl.cz\/index.php?rest_route=\/wp\/v2\/posts\/363\/revisions"}],"predecessor-version":[{"id":370,"href":"https:\/\/www.ladislavjakl.cz\/index.php?rest_route=\/wp\/v2\/posts\/363\/revisions\/370"}],"wp:attachment":[{"href":"https:\/\/www.ladislavjakl.cz\/index.php?rest_route=%2Fwp%2Fv2%2Fmedia&parent=363"}],"wp:term":[{"taxonomy":"category","embeddable":true,"href":"https:\/\/www.ladislavjakl.cz\/index.php?rest_route=%2Fwp%2Fv2%2Fcategories&post=363"},{"taxonomy":"post_tag","embeddable":true,"href":"https:\/\/www.ladislavjakl.cz\/index.php?rest_route=%2Fwp%2Fv2%2Ftags&post=363"}],"curies":[{"name":"wp","href":"https:\/\/api.w.org\/{rel}","templated":true}]}}