{"id":3633,"date":"2013-02-26T09:58:30","date_gmt":"2013-02-26T08:58:30","guid":{"rendered":"http:\/\/www.ladislavjakl.cz\/?p=3633"},"modified":"2013-02-26T09:58:30","modified_gmt":"2013-02-26T08:58:30","slug":"hradni-jakl-pomlouvani-klause-melo-scenar-uz-od-leta-prislo-by-i-bez-amnestie","status":"publish","type":"post","link":"https:\/\/www.ladislavjakl.cz\/?p=3633","title":{"rendered":"Hradn\u00ed Jakl: Pomlouv\u00e1n\u00ed Klause m\u011blo sc\u00e9n\u00e1\u0159 u\u017e od l\u00e9ta. P\u0159i\u0161lo by i bez amnestie"},"content":{"rendered":"<p>P\u016eLNO\u010cN\u00cd ROZHOVOR Novoro\u010dn\u00ed amnestie prezidenta  Klause je pouze z\u00e1minkou, jak za\u00fato\u010dit na politick\u00e9ho oponenta. Pro  Parlamentn\u00edListy.cz to \u0159\u00edk\u00e1 jeho tajemn\u00edk a \u0159editel Politick\u00e9ho odboru  KPR Ladislav Jakl. Ten tak\u00e9 prozradil, \u010demu se bude po odchodu z Hradu  v\u011bnovat a zkritizoval TOP 09, kterou vn\u00edm\u00e1 jen jako prost\u0159edek pro  prosazov\u00e1n\u00ed ur\u010dit\u00fdch z\u00e1jm\u016f.<\/p>\n<p><!--more--><\/p>\n<div>\n<div><img loading=\"lazy\" decoding=\"async\" src=\"http:\/\/cms.parlamentnilisty.cz\/image.ashx?w=632&amp;h=307&amp;f=punocak-jakl-634972452828635835.jpg&amp;id=10098\" alt=\"\" width=\"427\" height=\"207\" \/><\/p>\n<div><span>Autor:<\/span> Hans \u0160tembera<\/div>\n<\/div>\n<\/div>\n<p><strong>Co obvykle d\u011bl\u00e1te o p\u016flnoci ze soboty na ned\u011bli? <\/strong><\/p>\n<p>Minulou sobotu jsem o p\u016flnoci sed\u011bl v jedn\u00e9 chebsk\u00e9 hospod\u011b. Tuto  sobotu budu o p\u016flnoci vyb\u00edrat na internetu p\u0159\u00ed\u0161t\u00ed byt. P\u0159\u00ed\u0161t\u00ed sobotu o  p\u016flnoci budu m\u00edt s kapelou koncert ve Strakonic\u00edch.<\/p>\n<p><strong>Zb\u00fdv\u00e1-li v\u00e1m voln\u00fd \u010das, je krom\u011b pivn\u00ed teorie a praxe je\u0161t\u011b n\u011bco, \u010demu ho r\u00e1d v\u011bnujete?<\/strong><\/p>\n<p>Ve chvilk\u00e1ch masochismu pro\u010d\u00edt\u00e1n\u00ed internetov\u00fdch zpravodajstv\u00ed a koment\u00e1\u0159\u016f.<\/p>\n<p><strong>Ve \u010dtvrtek 7. b\u0159ezna spolu s prezidentem V\u00e1clavem Klausem kon\u010d\u00edte na Hrad\u011b. V\u00edte u\u017e, co budete d\u011blat d\u00e1l?<\/strong><\/p>\n<p>Ur\u010dit\u011b se budu pod\u00edlet na ustaven\u00ed Institutu V\u00e1clava Klause. M\u011bl bych v  n\u011bm v\u00e9st centrum soci\u00e1ln\u00edch studi\u00ed. Ale zcela jist\u011b budu d\u011blat i dal\u0161\u00ed  v\u011bci. A p\u0159edev\u0161\u00edm muziku a n\u011bco souvisej\u00edc\u00edho s pivem.<\/p>\n<p><strong>Sd\u00edl\u00edte n\u00e1zor prezidenta Klause, \u017ee v prezidentsk\u00e9 volb\u011b zv\u00edt\u011bzila pravda a l\u00e1ska nad l\u017e\u00ed a nen\u00e1vist\u00ed?<\/strong><\/p>\n<p>J\u00e1 jsem to nazval tak, \u017ee voli\u010d porazil m\u00e9dia.<\/p>\n<p><strong>P\u0159esto\u017ee od vyhl\u00e1\u0161en\u00ed amnestie uplynuly u\u017e t\u00e9m\u011b\u0159 dva m\u011bs\u00edce,  pat\u0159\u00ed st\u00e1le mezi hlavn\u00ed medi\u00e1ln\u00ed a politick\u00e1 t\u00e9mata. M\u016f\u017eete tyto  politick\u00e9 a medi\u00e1ln\u00ed souvislosti za tu dobu obecn\u011bji okomentovat?<\/strong><\/p>\n<p>Snaha dehonestovat V\u00e1clava Klause v z\u00e1v\u011bru volebn\u00edho obdob\u00ed m\u011bla sv\u016fj  sc\u00e9n\u00e1\u0159 u\u017e od lo\u0148sk\u00e9ho l\u00e9ta a ten se od podzimu napl\u0148oval. Amnestie k  n\u011bmu dodala skv\u011blou munici, ale i bez n\u00ed by ten medi\u00e1ln\u00ed ryk nebyl o moc  jin\u00fd.<\/p>\n<p><strong>Zvl\u00e1\u0161\u0165 bych se zeptal na z\u00e1m\u011br skupiny sen\u00e1tor\u016f podat na  V\u00e1clava Klause \u017ealobu pro velezradu. Jak\u00e9 d\u016fvody za t\u00edm, krom\u011b  populismu, mohou b\u00fdt? A jak\u00fd v\u00fdsledek byste vy osobn\u011b za sou\u010dasn\u00e9ho  slo\u017een\u00ed \u00dastavn\u00edho soudu o\u010dek\u00e1val?<\/strong><\/p>\n<p>Je to evidentn\u011b pouze zp\u016fsob, jak \u00fa\u010dtovat s politick\u00fdm oponentem.  Sv\u011bd\u010d\u00ed o tom minim\u00e1ln\u011b t\u0159i indicie. Prvn\u00ed je, \u017ee podle vyj\u00e1d\u0159en\u00ed  n\u011bkter\u00fdch inici\u00e1tor\u016f byl nejd\u0159\u00edv z\u00e1m\u011br \u017ealovat prezidenta a pak se  teprve hledalo, co by mohlo poslou\u017eit jako z\u00e1minka. Druhou je vyj\u00e1d\u0159en\u00ed  jedn\u00e9 ze sen\u00e1torek, \u017ee \u017ealobu je dobr\u00e9 podat kv\u016fli vyjasn\u011bn\u00ed  prezidentov\u00fdch kompetenc\u00ed. Co bychom si asi mysleli o zemi, kde  z\u00e1konod\u00e1rci \u017ealuj\u00ed vlastn\u00edho prezidenta, aby zjistili, jak\u00e9 \u017ee to m\u00e1  vlastn\u011b m\u00e1 kompetence. A t\u0159et\u00ed je, \u017ee nikdo z dnes ry\u010d\u00edc\u00edch \u017ealovatel\u016f  nebyl sly\u0161et, kdy\u017e p\u0159ed 15 lety prezident Havel zastavil ne 300 p\u0159\u00edpad\u016f,  ale 15 tis\u00edc p\u0159\u00edpad\u016f. A v\u00fdsledek? To je p\u0159ed\u010dasn\u00e9, kdov\u00ed, jestli \u017ealoba  bude v\u016fbec pod\u00e1na. Mo\u017en\u00e1 jen hora porod\u00ed my\u0161.<\/p>\n<p><strong>Mnoho rozporupln\u00fdch reakc\u00ed vzbudila slova premi\u00e9ra Ne\u010dase v  Bavorsku ohledn\u011b odsunu sudetsk\u00fdch N\u011bmc\u016f. Co si mysl\u00edte o samotn\u00e9m  Ne\u010dasov\u011b vystoupen\u00ed? <\/strong><\/p>\n<p>Pochybuji, \u017ee k n\u011b\u010demu takov\u00e9mu m\u011bl mand\u00e1t.<\/p>\n<p><strong>P\u0159esto\u017ee Karel Schwarzenberg volby prohr\u00e1l, podle n\u011bkolika  pr\u016fzkum\u016f se zd\u00e1, \u017ee podpora TOP 09 roste. Naopak ODS st\u00e1le v\u00edc a v\u00edc  upad\u00e1. Nem\u016f\u017ee se st\u00e1t, \u017ee TOP 09 v budoucnu nahrad\u00ed ODS jako l\u00eddra  pravice (jakkoli je v\u00fdraz pravice v tomto p\u0159\u00edpad\u011b neadekv\u00e1tn\u00ed)?<\/strong><\/p>\n<p>TOP 09 je neexistuj\u00edc\u00ed strana s neexistuj\u00edc\u00edm programem a filosofi\u00ed. Je  to n\u00e1stroj z uspokojen\u00ed z\u00e1jmov\u00fdch skupin kolem pana Kalouska  kombinovan\u00fd s fanklubem marketingov\u00e9ho produktu zvan\u00e9ho Karel. U\u017e nikdo  nevid\u00ed, \u017ee jde o seskupen\u00ed v\u010derej\u0161\u00edch lidovc\u016f dopln\u011bn\u00e9 o n\u011bkolik  politick\u00fdch turist\u016f a kari\u00e9rist\u016f. Takto zalo\u017een\u00e1 strana nem\u016f\u017ee p\u0159e\u017e\u00edt  moment, pro kter\u00fd byla stvo\u0159ena na jedno pou\u017eit\u00ed: moment konzumace  vyty\u010den\u00e9ho c\u00edle v podob\u011b uspokojen\u00ed n\u011bkter\u00fdch z\u00e1jm\u016f.<\/p>\n<p><strong>M\u016f\u017ee se podle v\u00e1s situace do voleb 2014 zm\u011bnit natolik, aby n\u00e1s ne\u010dekala vl\u00e1da levice? Boj\u00edte se v\u00fdvoje?<\/strong><\/p>\n<p>V souvislosti s volbami \u010dlov\u011bk nem\u00e1 pou\u017e\u00edvat slova jako strach. Takov\u00fd  v\u00fdvoj si nep\u0159eji, ale je podle mne nevyhnuteln\u00fd. Lid\u00e9 daj\u00ed p\u0159ednost p\u0159ed  tvorbou hodnot p\u0159erozd\u011blov\u00e1n\u00ed hodnot.<\/p>\n<p><a href=\"http:\/\/www.parlamentnilisty.cz\/zpravy\/Hradni-Jakl-Pomlouvani-Klause-melo-scenar-uz-od-leta-Prislo-by-i-bez-amnestie-263879\" target=\"_blank\">Zdroj<\/a><\/p>\n","protected":false},"excerpt":{"rendered":"<p>P\u016eLNO\u010cN\u00cd ROZHOVOR Novoro\u010dn\u00ed amnestie prezidenta Klause je pouze z\u00e1minkou, jak za\u00fato\u010dit na politick\u00e9ho oponenta. Pro Parlamentn\u00edListy.cz to \u0159\u00edk\u00e1 jeho tajemn\u00edk a \u0159editel Politick\u00e9ho odboru KPR Ladislav Jakl. Ten tak\u00e9 prozradil, \u010demu se bude po odchodu z Hradu v\u011bnovat a zkritizoval TOP 09, kterou vn\u00edm\u00e1 jen jako prost\u0159edek pro prosazov\u00e1n\u00ed ur\u010dit\u00fdch z\u00e1jm\u016f.<\/p>\n","protected":false},"author":1,"featured_media":0,"comment_status":"open","ping_status":"open","sticky":false,"template":"","format":"standard","meta":{"ngg_post_thumbnail":0,"footnotes":""},"categories":[13],"tags":[],"class_list":["post-3633","post","type-post","status-publish","format-standard","hentry","category-rozhovory"],"_links":{"self":[{"href":"https:\/\/www.ladislavjakl.cz\/index.php?rest_route=\/wp\/v2\/posts\/3633","targetHints":{"allow":["GET"]}}],"collection":[{"href":"https:\/\/www.ladislavjakl.cz\/index.php?rest_route=\/wp\/v2\/posts"}],"about":[{"href":"https:\/\/www.ladislavjakl.cz\/index.php?rest_route=\/wp\/v2\/types\/post"}],"author":[{"embeddable":true,"href":"https:\/\/www.ladislavjakl.cz\/index.php?rest_route=\/wp\/v2\/users\/1"}],"replies":[{"embeddable":true,"href":"https:\/\/www.ladislavjakl.cz\/index.php?rest_route=%2Fwp%2Fv2%2Fcomments&post=3633"}],"version-history":[{"count":1,"href":"https:\/\/www.ladislavjakl.cz\/index.php?rest_route=\/wp\/v2\/posts\/3633\/revisions"}],"predecessor-version":[{"id":3634,"href":"https:\/\/www.ladislavjakl.cz\/index.php?rest_route=\/wp\/v2\/posts\/3633\/revisions\/3634"}],"wp:attachment":[{"href":"https:\/\/www.ladislavjakl.cz\/index.php?rest_route=%2Fwp%2Fv2%2Fmedia&parent=3633"}],"wp:term":[{"taxonomy":"category","embeddable":true,"href":"https:\/\/www.ladislavjakl.cz\/index.php?rest_route=%2Fwp%2Fv2%2Fcategories&post=3633"},{"taxonomy":"post_tag","embeddable":true,"href":"https:\/\/www.ladislavjakl.cz\/index.php?rest_route=%2Fwp%2Fv2%2Ftags&post=3633"}],"curies":[{"name":"wp","href":"https:\/\/api.w.org\/{rel}","templated":true}]}}