{"id":3641,"date":"2013-02-27T15:27:27","date_gmt":"2013-02-27T14:27:27","guid":{"rendered":"http:\/\/www.ladislavjakl.cz\/?p=3641"},"modified":"2013-02-27T15:27:27","modified_gmt":"2013-02-27T14:27:27","slug":"jakl-vzkazal-je-jedno-jestli-jidlo-chrochta-nebo-rehta-hlad-mam-ze-bych-kona-sezral","status":"publish","type":"post","link":"https:\/\/www.ladislavjakl.cz\/?p=3641","title":{"rendered":"Jakl vzk\u00e1zal: Je jedno, jestli j\u00eddlo chrocht\u00e1 nebo \u0159eht\u00e1! Hlad m\u00e1m, \u017ee bych ko\u0148a se\u017eral!"},"content":{"rendered":"<p>V posledn\u00edch dnech se velmi diskutuje nad ko\u0148sk\u00fdm masem, kter\u00e9 se  objevilo v hov\u011bz\u00edch lasagn\u00edch. Tajemn\u00edk prezidenta V\u00e1clava Klause  Ladislav Jakl to v\u0161ak nepova\u017euje za nic stra\u0161n\u00e9ho, v\u017edy\u0165 je maso jako  maso.<\/p>\n<p><!--more--><\/p>\n<p>\u201eM\u00e1m hlad, \u017ee bych ko\u0148a se\u017eral. Tedy te\u010f zrovna ne, kdy\u017e je p\u016fst, ale  mimo n\u011bj bych klidn\u011b kus kon\u011b pojedl. Maso jako maso. M\u016f\u017eeme m\u00edt  kulturn\u00ed \u010di jin\u00e9 z\u00e1brany, ale nesm\u00edme je vnucovat jako normu,&#8220; je  p\u0159esv\u011bd\u010den Jakl.<\/p>\n<p>Jakl se pozastavuje nad t\u00edm, \u017ee lid\u00e9 se zhrozili nad t\u00edm, \u017ee kdesi v  byt\u011b chovaj\u00ed psy za \u00fa\u010delem mno\u017een\u00ed a prodeje \u0161t\u011b\u0148at. \u201eA co, zvolal jsem,  kr\u00e1l\u00edky tak chovaj\u00ed b\u011b\u017en\u011b a nikdo se nebou\u0159\u00ed. (&#8230;) Co je dovoleno  kr\u00e1l\u00edkovi, nem\u00e1 b\u00fdt dovoleno psovi,&#8220; pt\u00e1 se na blogu iDnes.cz.<\/p>\n<p>Jakl se domn\u00edv\u00e1, \u017ee jenom proto, \u017ee neza\u017e\u00edv\u00e1me hon za <a id=\"anchorbbtBubble157\">j\u00eddlem<\/a>,  si m\u016f\u017eeme dovolit rozpl\u00fdv\u00e1n\u00ed se nad zv\u00ed\u0159\u00e1tky. Kdyby byla nouze a hlad,  najednou by pro n\u00e1s roztomil\u00e1 kukadla pejsk\u016f a ko\u010di\u010dek nic neznamenala.<\/p>\n<p>\u201eJestli koninou podv\u00e1d\u011bj\u00ed tak, \u017ee \u0161id\u00ed nutri\u010dn\u00ed <a id=\"anchorbbtBubble188\">hodnotu<\/a> produktu a \u0161et\u0159\u00ed na <a id=\"anchorbbtBubble193\">n\u00e1kladech<\/a>,  je to klam\u00e1n\u00ed z\u00e1kazn\u00edka. Ale jestli se pohor\u0161ujeme kv\u016fli tomu, \u017ee po  sal\u00e1mu nebudeme chrochtat a bu\u010det ale \u0159ehtat, pak jsme v\u00e1\u017en\u011b trochu  pokryte\u010dt\u00ed,&#8220; dod\u00e1v\u00e1.<\/p>\n<p><a href=\"http:\/\/domaci.eurozpravy.cz\/politika\/65730-jakl-vzkazal-je-jedno-jestli-jidlo-chrochta-nebo-rehta-hlad-mam-ze-bych-kona-sezral\/\" target=\"_blank\">Zdroj<\/a><\/p>\n","protected":false},"excerpt":{"rendered":"<p>V posledn\u00edch dnech se velmi diskutuje nad ko\u0148sk\u00fdm masem, kter\u00e9 se objevilo v hov\u011bz\u00edch lasagn\u00edch. Tajemn\u00edk prezidenta V\u00e1clava Klause Ladislav Jakl to v\u0161ak nepova\u017euje za nic stra\u0161n\u00e9ho, v\u017edy\u0165 je maso jako maso.<\/p>\n","protected":false},"author":1,"featured_media":0,"comment_status":"open","ping_status":"open","sticky":false,"template":"","format":"standard","meta":{"ngg_post_thumbnail":0,"footnotes":""},"categories":[11],"tags":[],"class_list":["post-3641","post","type-post","status-publish","format-standard","hentry","category-ozvena"],"_links":{"self":[{"href":"https:\/\/www.ladislavjakl.cz\/index.php?rest_route=\/wp\/v2\/posts\/3641","targetHints":{"allow":["GET"]}}],"collection":[{"href":"https:\/\/www.ladislavjakl.cz\/index.php?rest_route=\/wp\/v2\/posts"}],"about":[{"href":"https:\/\/www.ladislavjakl.cz\/index.php?rest_route=\/wp\/v2\/types\/post"}],"author":[{"embeddable":true,"href":"https:\/\/www.ladislavjakl.cz\/index.php?rest_route=\/wp\/v2\/users\/1"}],"replies":[{"embeddable":true,"href":"https:\/\/www.ladislavjakl.cz\/index.php?rest_route=%2Fwp%2Fv2%2Fcomments&post=3641"}],"version-history":[{"count":1,"href":"https:\/\/www.ladislavjakl.cz\/index.php?rest_route=\/wp\/v2\/posts\/3641\/revisions"}],"predecessor-version":[{"id":3642,"href":"https:\/\/www.ladislavjakl.cz\/index.php?rest_route=\/wp\/v2\/posts\/3641\/revisions\/3642"}],"wp:attachment":[{"href":"https:\/\/www.ladislavjakl.cz\/index.php?rest_route=%2Fwp%2Fv2%2Fmedia&parent=3641"}],"wp:term":[{"taxonomy":"category","embeddable":true,"href":"https:\/\/www.ladislavjakl.cz\/index.php?rest_route=%2Fwp%2Fv2%2Fcategories&post=3641"},{"taxonomy":"post_tag","embeddable":true,"href":"https:\/\/www.ladislavjakl.cz\/index.php?rest_route=%2Fwp%2Fv2%2Ftags&post=3641"}],"curies":[{"name":"wp","href":"https:\/\/api.w.org\/{rel}","templated":true}]}}