{"id":3643,"date":"2013-02-27T15:28:34","date_gmt":"2013-02-27T14:28:34","guid":{"rendered":"http:\/\/www.ladislavjakl.cz\/?p=3643"},"modified":"2013-02-27T15:28:34","modified_gmt":"2013-02-27T14:28:34","slug":"s-zadostmi-o-milost-se-protrhla-hraz-klaus-uz-je-mozna-nestihne-vyridit","status":"publish","type":"post","link":"https:\/\/www.ladislavjakl.cz\/?p=3643","title":{"rendered":"S \u017e\u00e1dostmi o milost se protrhla hr\u00e1z, Klaus u\u017e je mo\u017en\u00e1 nestihne vy\u0159\u00eddit"},"content":{"rendered":"<p>Po zve\u0159ejn\u011bn\u00ed v\u00fdroku V\u00e1clava Klause, \u017ee p\u0159ed sv\u00fdm odchodem je\u0161t\u011b rozd\u00e1 milosti, jeho kancel\u00e1\u0159 vy\u0159izuje neb\u00fdval\u00fd n\u00e1por \u017e\u00e1dost\u00ed o prezidentsk\u00fd pardon. Podle Klausova tajemn\u00edka Ladislava Jakla jich te\u010f vy\u0159izuj\u00ed tolik, jako b\u011b\u017en\u011b za cel\u00fd rok. Kv\u016fli tomu je mo\u017en\u00e1 kancel\u00e1\u0159 prezidenta nestihne prov\u011b\u0159it, a tud\u00ed\u017e ani p\u0159\u00edpadn\u011b ud\u011blit.<\/p>\n<p><!--more-->Jakl v po\u0159adu Interview \u010cT24 uvedl, \u017ee se prezident je\u0161t\u011b nerozhodl, jestli milosti nakonec ud\u011bl\u00ed. Hlavn\u00ed probl\u00e9m je podle n\u011bj ne\u010dekan\u00fd n\u00e1val. &#8222;Mysl\u00edm, \u017ee jich moment\u00e1ln\u011b je asi dva a p\u016fl tis\u00edce, co\u017e je zhruba tolik, kolik je jich za cel\u00fd rok. Nen\u00ed v lidsk\u00fdch sil\u00e1ch to n\u011bjak rozumn\u011b probrat, tak\u017ee nev\u00edm, co si s t\u00edm te\u010f pan prezident po\u010dne,&#8220; uvedl.<\/p>\n<p>Jakl v po\u0159adu tak\u00e9 op\u011bt obhajoval prezidentskou amnestii a stav\u011bl se proti jej\u00edmu \u00fapln\u00e9mu zru\u0161en\u00ed, o \u010dem\u017e se debatovalo na \u010dtvrte\u010dn\u00edm ve\u0159ejn\u00e9m sly\u0161en\u00ed v Sen\u00e1tu (v\u00edce zde).<\/p>\n<p>&#8222;Mo\u017en\u00e1, \u017ee zjist\u00edme, \u017ee v lec\u010dems tyto pravomoci jsou opravdu v\u00fdznamn\u00e9, ale nebyly zat\u00edm nikdy pln\u011b konzumov\u00e1ny. Tak\u017ee se je\u0161t\u011b mo\u017en\u00e1 budeme divit, jak velk\u00e9 pravomoci prezident m\u00e1,&#8220; uvedl.<\/p>\n<p>Na \u010dtvrte\u010dn\u00ed debatu do Sen\u00e1tu o amnestii prezidenta V\u00e1clava Klause nikdo z Hradu nedorazil. &#8222;Rad\u0161i d\u011bl\u00e1m svoji pr\u00e1ci,&#8220; vysv\u011btlil to Jakl s t\u00edm, \u017ee by stejn\u011b nesly\u0161el \u017e\u00e1dn\u00fd nov\u00fd argument. &#8222;To nen\u00ed platforma pro debatu, tam ka\u017ed\u00fd p\u0159ijde, p\u0159e\u010dte sv\u016fj p\u0159\u00edsp\u011bvek a t\u00edm to kon\u010d\u00ed.&#8220;<\/p>\n<p><a href=\"http:\/\/zpravy.idnes.cz\/klaus-mozna-nestihne-milost-rika-tajemnik-jakl-fl4-\/domaci.aspx?c=A130221_201355_domaci_brd\" target=\"_blank\">Zdroj<\/a><\/p>\n","protected":false},"excerpt":{"rendered":"<p>Po zve\u0159ejn\u011bn\u00ed v\u00fdroku V\u00e1clava Klause, \u017ee p\u0159ed sv\u00fdm odchodem je\u0161t\u011b rozd\u00e1 milosti, jeho kancel\u00e1\u0159 vy\u0159izuje neb\u00fdval\u00fd n\u00e1por \u017e\u00e1dost\u00ed o prezidentsk\u00fd pardon. Podle Klausova tajemn\u00edka Ladislava Jakla jich te\u010f vy\u0159izuj\u00ed tolik, jako b\u011b\u017en\u011b za cel\u00fd rok. Kv\u016fli tomu je mo\u017en\u00e1 kancel\u00e1\u0159 prezidenta nestihne prov\u011b\u0159it, a tud\u00ed\u017e ani p\u0159\u00edpadn\u011b ud\u011blit.<\/p>\n","protected":false},"author":1,"featured_media":0,"comment_status":"open","ping_status":"open","sticky":false,"template":"","format":"standard","meta":{"ngg_post_thumbnail":0,"footnotes":""},"categories":[11],"tags":[],"class_list":["post-3643","post","type-post","status-publish","format-standard","hentry","category-ozvena"],"_links":{"self":[{"href":"https:\/\/www.ladislavjakl.cz\/index.php?rest_route=\/wp\/v2\/posts\/3643","targetHints":{"allow":["GET"]}}],"collection":[{"href":"https:\/\/www.ladislavjakl.cz\/index.php?rest_route=\/wp\/v2\/posts"}],"about":[{"href":"https:\/\/www.ladislavjakl.cz\/index.php?rest_route=\/wp\/v2\/types\/post"}],"author":[{"embeddable":true,"href":"https:\/\/www.ladislavjakl.cz\/index.php?rest_route=\/wp\/v2\/users\/1"}],"replies":[{"embeddable":true,"href":"https:\/\/www.ladislavjakl.cz\/index.php?rest_route=%2Fwp%2Fv2%2Fcomments&post=3643"}],"version-history":[{"count":1,"href":"https:\/\/www.ladislavjakl.cz\/index.php?rest_route=\/wp\/v2\/posts\/3643\/revisions"}],"predecessor-version":[{"id":3644,"href":"https:\/\/www.ladislavjakl.cz\/index.php?rest_route=\/wp\/v2\/posts\/3643\/revisions\/3644"}],"wp:attachment":[{"href":"https:\/\/www.ladislavjakl.cz\/index.php?rest_route=%2Fwp%2Fv2%2Fmedia&parent=3643"}],"wp:term":[{"taxonomy":"category","embeddable":true,"href":"https:\/\/www.ladislavjakl.cz\/index.php?rest_route=%2Fwp%2Fv2%2Fcategories&post=3643"},{"taxonomy":"post_tag","embeddable":true,"href":"https:\/\/www.ladislavjakl.cz\/index.php?rest_route=%2Fwp%2Fv2%2Ftags&post=3643"}],"curies":[{"name":"wp","href":"https:\/\/api.w.org\/{rel}","templated":true}]}}