{"id":3645,"date":"2013-02-27T15:30:19","date_gmt":"2013-02-27T14:30:19","guid":{"rendered":"http:\/\/www.ladislavjakl.cz\/?p=3645"},"modified":"2013-02-27T15:30:19","modified_gmt":"2013-02-27T14:30:19","slug":"klaus-uz-mozna-zadne-milosti-neudeli","status":"publish","type":"post","link":"https:\/\/www.ladislavjakl.cz\/?p=3645","title":{"rendered":"Klaus u\u017e mo\u017en\u00e1 \u017e\u00e1dn\u00e9 milosti neud\u011bl\u00ed"},"content":{"rendered":"<p>Kon\u010d\u00edc\u00ed prezident V\u00e1clav Klaus u\u017e mo\u017en\u00e1 \u017e\u00e1dn\u00e9 milosti v prezidentsk\u00e9m  \u00fa\u0159ad\u011b neud\u011bl\u00ed. Tuto mo\u017enost nep\u0159\u00edmo p\u0159ipustil jeho tajemn\u00edk Ladislav  Jakl v \u010cesk\u00e9 televizi. Za posledn\u00ed t\u00fddny se podle n\u011bj s \u017e\u00e1dostmi o  ud\u011blen\u00ed milosti \u201eprotrhla hr\u00e1z\u201c a nen\u00ed mo\u017en\u00e9 se jimi smyslupln\u011b probrat.<\/p>\n<p><!--more--><\/p>\n<p>Ladislav Jakl podle sv\u00fdch slov v sou\u010dasn\u00e9 chv\u00edli netu\u0161\u00ed, jak Klaus se \u017e\u00e1dostmi nalo\u017e\u00ed. P\u0159itom je\u0161t\u011b po\u010d\u00e1tkem roku kon\u010d\u00edc\u00ed prezident avizoval, \u017ee je\u0161t\u011b n\u011bkolik milost\u00ed ud\u011bl\u00ed.<\/p>\n<p>Na dotaz, zda ud\u011bl\u00ed je\u0161t\u011b n\u011bjak\u00e9 milosti, Jakl \u0159ekl: &#8220; Nev\u00edm, mus\u00edm \u0159\u00edct, \u017ee prezident v t\u00e9to v\u011bci rozhodnut nen\u00ed.&#8220;<\/p>\n<p>Moment\u00e1ln\u011b  je pr\u00fd na Hrad\u011b zhruba 2500 \u017e\u00e1dost\u00ed, co\u017e jinak odpov\u00edd\u00e1 po\u010dtu \u017e\u00e1dost\u00ed,  kter\u00e9 doraz\u00ed za cel\u00fd rok. \u017d\u00e1dost\u00ed chod\u00ed hodn\u011b po amnestii, ale tak\u00e9  pr\u00e1v\u011b po Klausov\u011b v\u00fdroku, \u017ee je\u0161t\u011b milosti ud\u011bl\u00ed.<\/p>\n<p>Podle Jakla nen\u00ed  v lidsk\u00fdch sil\u00e1ch se b\u011bhem zb\u00fdvaj\u00edc\u00edch dn\u00ed, kdy bude Klaus ve funkci  prezidenta, t\u00edmto mno\u017estv\u00edm smyslupln\u011b probrat. \u201eUp\u0159\u00edmn\u011b \u0159e\u010deno nev\u00edm,  co si s t\u00edm pan prezident po\u010dne,\u201c \u0159ekl.<\/p>\n<p>Prezidentsk\u00fd mand\u00e1t  V\u00e1clava Klause vypr\u0161\u00ed 7. b\u0159ezna, pot\u00e9 Klaus pl\u00e1nuje budovat sv\u016fj  institut. V n\u011bm by m\u011bl p\u016fsobit pr\u00e1v\u011b i Ladislav Jakl.<\/p>\n<p><a href=\"http:\/\/www.novinky.cz\/domaci\/293990-klaus-uz-mozna-zadne-milosti-neudeli.html \" target=\"_blank\">Zdroj<\/a><\/p>\n","protected":false},"excerpt":{"rendered":"<p>Kon\u010d\u00edc\u00ed prezident V\u00e1clav Klaus u\u017e mo\u017en\u00e1 \u017e\u00e1dn\u00e9 milosti v prezidentsk\u00e9m \u00fa\u0159ad\u011b neud\u011bl\u00ed. Tuto mo\u017enost nep\u0159\u00edmo p\u0159ipustil jeho tajemn\u00edk Ladislav Jakl v \u010cesk\u00e9 televizi. Za posledn\u00ed t\u00fddny se podle n\u011bj s \u017e\u00e1dostmi o ud\u011blen\u00ed milosti \u201eprotrhla hr\u00e1z\u201c a nen\u00ed mo\u017en\u00e9 se jimi smyslupln\u011b probrat.<\/p>\n","protected":false},"author":1,"featured_media":0,"comment_status":"open","ping_status":"open","sticky":false,"template":"","format":"standard","meta":{"ngg_post_thumbnail":0,"footnotes":""},"categories":[11],"tags":[],"class_list":["post-3645","post","type-post","status-publish","format-standard","hentry","category-ozvena"],"_links":{"self":[{"href":"https:\/\/www.ladislavjakl.cz\/index.php?rest_route=\/wp\/v2\/posts\/3645","targetHints":{"allow":["GET"]}}],"collection":[{"href":"https:\/\/www.ladislavjakl.cz\/index.php?rest_route=\/wp\/v2\/posts"}],"about":[{"href":"https:\/\/www.ladislavjakl.cz\/index.php?rest_route=\/wp\/v2\/types\/post"}],"author":[{"embeddable":true,"href":"https:\/\/www.ladislavjakl.cz\/index.php?rest_route=\/wp\/v2\/users\/1"}],"replies":[{"embeddable":true,"href":"https:\/\/www.ladislavjakl.cz\/index.php?rest_route=%2Fwp%2Fv2%2Fcomments&post=3645"}],"version-history":[{"count":1,"href":"https:\/\/www.ladislavjakl.cz\/index.php?rest_route=\/wp\/v2\/posts\/3645\/revisions"}],"predecessor-version":[{"id":3646,"href":"https:\/\/www.ladislavjakl.cz\/index.php?rest_route=\/wp\/v2\/posts\/3645\/revisions\/3646"}],"wp:attachment":[{"href":"https:\/\/www.ladislavjakl.cz\/index.php?rest_route=%2Fwp%2Fv2%2Fmedia&parent=3645"}],"wp:term":[{"taxonomy":"category","embeddable":true,"href":"https:\/\/www.ladislavjakl.cz\/index.php?rest_route=%2Fwp%2Fv2%2Fcategories&post=3645"},{"taxonomy":"post_tag","embeddable":true,"href":"https:\/\/www.ladislavjakl.cz\/index.php?rest_route=%2Fwp%2Fv2%2Ftags&post=3645"}],"curies":[{"name":"wp","href":"https:\/\/api.w.org\/{rel}","templated":true}]}}