{"id":3651,"date":"2013-03-01T16:05:25","date_gmt":"2013-03-01T15:05:25","guid":{"rendered":"http:\/\/www.ladislavjakl.cz\/?p=3651"},"modified":"2013-03-01T16:05:25","modified_gmt":"2013-03-01T15:05:25","slug":"ladislav-jakl-nemam-obavy-ani-nadeji-ze-bych-snad-zmizel-z-oci","status":"publish","type":"post","link":"https:\/\/www.ladislavjakl.cz\/?p=3651","title":{"rendered":"Ladislav Jakl: Nem\u00e1m obavy ani nad\u011bji, \u017ee bych snad zmizel z o\u010d\u00ed"},"content":{"rendered":"<p>Tajemn\u00edka Ladislava Jakla \u010dek\u00e1 po bou\u0159liv\u00fdch diskuz\u00edch nejen o amnestii, ale tak\u00e9 dlouholet\u00e9m p\u016fsoben\u00ed na Hrad\u011b vedle prezidenta V\u00e1clava Klause balen\u00ed a lou\u010den\u00ed s Hradem.  Do jak\u00e9 m\u00edry chce vyu\u017e\u00edt sv\u00fdch politick\u00fdch v\u011bdomost\u00ed a zku\u0161enost\u00ed? Ale tak\u00e9 svobody, kter\u00e1 je neodmyslitelnou sou\u010d\u00e1st\u00ed jeho \u017eivota, \u010di zda si po\u0159\u00edd\u00ed pivovar a kde ho  p\u0159\u00edznivci rockov\u00e9 kapely Folimanka blues budou moci vid\u011bt, prozradil ve sv\u00e9m rozhovoru pro i-magaz\u00edn VIPosobnosti.eu.<\/p>\n<p><!--more--><strong>Z \u010deho m\u00e1te v posledn\u00ed dob\u011b radost? <\/strong><\/p>\n<p>Z nov\u00e9ho kytaristy Eugena z Ro\u017e\u0148avy. Nejen hraje skv\u011ble, ale je to ohromn\u011b pozitivn\u00ed \u010dlov\u011bk.<\/p>\n<p><strong>Co v\u00e1s naopak na\u0161tvalo?<\/strong><\/p>\n<p>\u017de u\u017e pon\u011bkolik\u00e1t\u00e9 na m\u011b leze n\u011bjak\u00e1 choroba zrovna tehdy, kdy\u017e m\u011b \u010dekaj\u00ed koncerty. To u\u017e je jak z\u00e1kon schv\u00e1lnosti.<\/p>\n<p><strong>Kde v\u00e1s m\u016f\u017eou va\u0161i fanou\u0161ci v nejbli\u017e\u0161\u00ed dob\u011b vid\u011bt? <\/strong><\/p>\n<p>Dnes v klubu Vagon na N\u00e1rodn\u00ed t\u0159\u00edd\u011b a v sobotu v \u010cervoto\u010di ve Strakonic\u00edch. Jestli do\u017eiju.<\/p>\n<p><strong>Dostal jste tis\u00edce r\u016fzn\u00fdch ot\u00e1zek. Je n\u011bjak\u00e1, kter\u00e1 v\u00e1s natolik zaujala, \u017ee si ji pamatujete do dnes?<\/strong><\/p>\n<p>Pamatuji si jich dost, ale nechci \u017e\u00e1dnou vypichovat. Nejv\u00edc utkv\u00ed v pam\u011bti takov\u00e9, kter\u00e9 m\u016f\u017eu dostat jen j\u00e1, ne takov\u00e9 ty anketn\u00ed, na kter\u00e9 se lze zeptat kohokoli.<\/p>\n<p><strong>Ne v\u0161e v\u010detn\u011b amnestie se poda\u0159ilo vy\u0159e\u0161it  do va\u0161eho odchodu z Hradu. Budete se je\u0161t\u011b n\u011bkter\u00fdmi ot\u00e1zkami zab\u00fdvat i po va\u0161em odchodu?<\/strong><\/p>\n<p>Nev\u00edm jestli zrovna ot\u00e1zkami. Ale hlavn\u00ed t\u00e9mata p\u0159ece z\u016fst\u00e1vaj\u00ed. V\u010detn\u011b toho nejd\u016fle\u017eit\u011bj\u0161\u00edho: t\u00edm je ochrana svobody ka\u017ed\u00e9ho \u010dlov\u011bka p\u0159ed st\u00e1tn\u00ed ma\u0161in\u00e9ri\u00ed. Je jedno, kde \u010dlov\u011bk zrovna stoj\u00ed a co z pr\u00e1ci d\u011bl\u00e1, za toto t\u00e9ma se lze a je nutno se pr\u00e1t v\u017edy a v\u0161ude.<\/p>\n<p><strong>Zab\u00fdv\u00e1te se je\u0161t\u011b &#8222;hradn\u00edmi&#8220; probl\u00e9my, nebo je bude ji\u017e \u0159e\u0161it v\u00e1\u0161 n\u00e1stupce? <\/strong><\/p>\n<p>Jist\u011b\u017ee ano, norm\u00e1ln\u011b funguju do posledn\u00ed chv\u00edle. M\u00e1m na stole stohy spis\u016f a sna\u017e\u00edm se jich vy\u0159\u00eddit co nejv\u00edce.<\/p>\n<p><strong>Vy jste byl medi\u00e1ln\u011b velmi v\u00fdraznou osobnost\u00ed. Nebude v\u00e1m tento z\u00e1jem chyb\u011bt? <\/strong><\/p>\n<p>Ale to v\u016fbec ne. Jednak nem\u00e1m obavy (ani nad\u011bji), \u017ee bych snad zmizel z o\u010d\u00ed. Ale j\u00e1 fakt nemus\u00edm na lidi jukat z obrazovky ka\u017edou hodinu. Proto jsem v\u011bt\u0161inu pozv\u00e1n\u00ed do m\u00e9di\u00ed v\u017edy odm\u00edtal, naposled v\u010dera do Ud\u00e1lost\u00ed koment\u00e1\u0159\u016f \u010cesk\u00e9 televize.<\/p>\n<p><strong>S jak\u00fdmi pocity odch\u00e1z\u00edte z Hradu a do jak\u00e9 m\u00edry v\u00e1s pr\u00e1ce tajemn\u00edka zaujala a obohatila? <\/strong><\/p>\n<p>Na to by asi padla cel\u00e1 kniha, kterou se ale ps\u00e1t nechyst\u00e1m. P\u0159edev\u0161\u00edm je mi velkou ct\u00ed, \u017ee jsem mohl b\u00fdt malou sou\u010d\u00e1st\u00ed fungov\u00e1n\u00ed prvn\u00edho \u00fa\u0159adu v zemi.<\/p>\n<p><strong>Rozhodn\u011b m\u00e1te ale velmi mnoho zku\u0161enost\u00ed, kter\u00e9 \u010dlov\u011bka posunou d\u00e1l. Jak a kde je chcete vyu\u017e\u00edt?<\/strong><\/p>\n<p>To se ned\u00e1 pl\u00e1novat. To p\u0159inese \u017eivot. Nebo nep\u0159inese. Uvid\u00edme.<\/p>\n<p><strong>Jak to vypad\u00e1 te\u010f na Hrad\u011b?<\/strong><\/p>\n<p>No, asi jak u koho. J\u00e1 na lou\u010den\u00ed \u010di st\u011bhov\u00e1n\u00ed zat\u00edm v\u016fbec nem\u00e1m \u010das, sna\u017e\u00edm se do posledn\u00ed chv\u00edle d\u011blat svou agendu, nechci nechat po sob\u011b haldy nevy\u0159\u00edzen\u00fdch v\u011bc\u00ed. Ale n\u011bkter\u00e9 nutn\u00e9 praktick\u00e9 \u00fakony m\u011b p\u0159\u00ed\u0161t\u00ed t\u00fdden stejn\u011b \u010dekaj\u00ed.<\/p>\n<p><strong>Padla na v\u00e1s ji\u017e nostalgie?<\/strong><\/p>\n<p>Zat\u00edm jen v z\u00e1blesc\u00edch, proto\u017ee je p\u0159ekryta hlukem v\u0161edn\u00edho dne. Ale i to ur\u010dit\u011b p\u0159ijde a j\u00e1 si nebudu hr\u00e1t na robota bez pocit\u016f.<\/p>\n<p><strong>Budete se d\u00e1l v\u00eddat se sv\u00fdmi kolegy?<\/strong><\/p>\n<p>P\u0159i n\u011bkter\u00fdch p\u0159\u00edle\u017eitostech ur\u010dit\u011b, v\u017edy\u0165 n\u00e1s spojuj\u00ed pr\u00e1v\u011b ona velk\u00e1 \u017eivotn\u00ed t\u00e9mata. Ale v soukrom\u00e9m \u017eivot\u011b asi moc ne, j\u00e1 jsem osobn\u00ed \u017eivot s profesn\u00edm nikdy moc nem\u00edchal.<\/p>\n<p><strong>\u010casto jste hovo\u0159il o tom, \u017ee si po\u0159\u00edd\u00edte pivovar. Budou se m\u00edt tedy milovn\u00edci piva na co t\u011b\u0161it? <\/strong><\/p>\n<p>Ur\u010dit\u011b. Tenhle pl\u00e1n mysl\u00edm v\u00e1\u017en\u011b, ale hodl\u00e1m se trp\u011bliv\u011b a zodpov\u011bdn\u011b p\u0159ipravit, nechci do n\u011b\u010deho sk\u00e1kat po hlav\u011b a nab\u00edt si kokos.<\/p>\n<p><strong>Kam budou sm\u011b\u0159ovat va\u0161e prvn\u00ed kroky z Hradu? <\/strong><\/p>\n<p>Asi do postele. Stra\u0161n\u011b se t\u011b\u0161\u00edm, a\u017e si odpo\u010dinu a budu m\u00edt \u0161anci v\u011bnovat se v\u00edc sob\u011b a sv\u00e9mu zdrav\u00ed. Mo\u017en\u00e1 p\u016fjdu i n\u011bkam do l\u00e1zn\u00ed. Ale tak\u00e9 m\u011b \u010dek\u00e1 st\u011bhov\u00e1n\u00ed a k tomu n\u011bkter\u00e9 pr\u00e1ce na zah\u00e1jen\u00ed \u010dinnosti Institutu V\u00e1clava Klause. Ale ur\u010dit\u011b se pak pust\u00edm do dlouho zanedb\u00e1van\u00fdch v\u011bc\u00ed, hlavn\u011b v souvislosti s muzikou a pivem.<\/p>\n<p><a href=\"http:\/\/www.viposobnosti.eu\/inpage\/ladislav-jakl-nemam-obavy-ani-nadeji-ze-bych-snad-zmizel-z-oci\/\" target=\"_blank\">Zdroj<\/a><\/p>\n","protected":false},"excerpt":{"rendered":"<p>Tajemn\u00edka Ladislava Jakla \u010dek\u00e1 po bou\u0159liv\u00fdch diskuz\u00edch nejen o amnestii, ale tak\u00e9 dlouholet\u00e9m p\u016fsoben\u00ed na Hrad\u011b vedle prezidenta V\u00e1clava Klause balen\u00ed a lou\u010den\u00ed s Hradem. Do jak\u00e9 m\u00edry chce vyu\u017e\u00edt sv\u00fdch politick\u00fdch v\u011bdomost\u00ed a zku\u0161enost\u00ed? Ale tak\u00e9 svobody, kter\u00e1 je neodmyslitelnou sou\u010d\u00e1st\u00ed jeho \u017eivota, \u010di zda si po\u0159\u00edd\u00ed pivovar a kde ho p\u0159\u00edznivci rockov\u00e9 kapely [&hellip;]<\/p>\n","protected":false},"author":1,"featured_media":0,"comment_status":"open","ping_status":"open","sticky":false,"template":"","format":"standard","meta":{"ngg_post_thumbnail":0,"footnotes":""},"categories":[13],"tags":[],"class_list":["post-3651","post","type-post","status-publish","format-standard","hentry","category-rozhovory"],"_links":{"self":[{"href":"https:\/\/www.ladislavjakl.cz\/index.php?rest_route=\/wp\/v2\/posts\/3651","targetHints":{"allow":["GET"]}}],"collection":[{"href":"https:\/\/www.ladislavjakl.cz\/index.php?rest_route=\/wp\/v2\/posts"}],"about":[{"href":"https:\/\/www.ladislavjakl.cz\/index.php?rest_route=\/wp\/v2\/types\/post"}],"author":[{"embeddable":true,"href":"https:\/\/www.ladislavjakl.cz\/index.php?rest_route=\/wp\/v2\/users\/1"}],"replies":[{"embeddable":true,"href":"https:\/\/www.ladislavjakl.cz\/index.php?rest_route=%2Fwp%2Fv2%2Fcomments&post=3651"}],"version-history":[{"count":1,"href":"https:\/\/www.ladislavjakl.cz\/index.php?rest_route=\/wp\/v2\/posts\/3651\/revisions"}],"predecessor-version":[{"id":3652,"href":"https:\/\/www.ladislavjakl.cz\/index.php?rest_route=\/wp\/v2\/posts\/3651\/revisions\/3652"}],"wp:attachment":[{"href":"https:\/\/www.ladislavjakl.cz\/index.php?rest_route=%2Fwp%2Fv2%2Fmedia&parent=3651"}],"wp:term":[{"taxonomy":"category","embeddable":true,"href":"https:\/\/www.ladislavjakl.cz\/index.php?rest_route=%2Fwp%2Fv2%2Fcategories&post=3651"},{"taxonomy":"post_tag","embeddable":true,"href":"https:\/\/www.ladislavjakl.cz\/index.php?rest_route=%2Fwp%2Fv2%2Ftags&post=3651"}],"curies":[{"name":"wp","href":"https:\/\/api.w.org\/{rel}","templated":true}]}}