{"id":3653,"date":"2013-03-01T16:06:23","date_gmt":"2013-03-01T15:06:23","guid":{"rendered":"http:\/\/www.ladislavjakl.cz\/?p=3653"},"modified":"2013-03-01T16:06:23","modified_gmt":"2013-03-01T15:06:23","slug":"jakl-obvineni-z-velezrady-politicky-utok-na-klause","status":"publish","type":"post","link":"https:\/\/www.ladislavjakl.cz\/?p=3653","title":{"rendered":"Jakl: Obvin\u011bn\u00ed z velezrady? Politick\u00fd \u00fatok na Klause"},"content":{"rendered":"<div id=\"lightbox-search\">\n<p><strong>\u010ce\u0161t\u00ed politici jsou zvykl\u00ed jenom na povrchn\u00ed osobn\u00ed  p\u0159est\u0159elky a nejsou r\u00e1di konfrontov\u00e1ni s\u00a0n\u011bjak\u00fdm argumentem. &#8222;Je v\u00a0tom  ur\u010dit\u00e1 zbab\u011blost,&#8220; konstatoval v\u00a0po\u0159adu televize Barrandov T\u00c9MATA T\u00ddDNE  \u0159editel sekretari\u00e1tu prezidenta Klause Ladislav Jakl.<\/strong><\/p>\n<p><strong><!--more--><\/strong>Okomentoval tak situaci, kdy se s\u00a0n\u00edm o prezidentov\u011b novoro\u010dn\u00ed  amnestii a obvin\u011bn\u00ed z\u00a0velezrady, kter\u00e9 v\u016f\u010di prezidentu V\u00e1clavu Klausovi  vznesla \u010d\u00e1st sen\u00e1tor\u016f, odm\u00edtlo v\u00a0televizn\u00ed debat\u011b utkat hned n\u011bkolik  \u010desk\u00fdch vrcholn\u00fdch politik\u016f. A do prezidentov\u00fdch kritik\u016f se pustil  pom\u011brn\u011b ost\u0159e. &#8222;Amnestie je z\u00e1minkou k\u00a0politick\u00e9mu \u00fatoku na prezidenta,&#8220;  soud\u00ed Jakl.<\/p>\n<p>Amnestii vyhl\u00e1sil V\u00e1clav Klaus na po\u010d\u00e1tku leto\u0161n\u00edho roku. P\u0159edm\u011btem  kritiky se stal p\u0159edev\u0161\u00edm jej\u00ed druh\u00fd \u010dl\u00e1nek, kter\u00fd ukon\u010dil trestn\u00ed  st\u00edh\u00e1n\u00ed u n\u011bkolika stovek p\u0159\u00edpad\u016f je\u0161t\u011b p\u0159edt\u00edm, ne\u017e byl vynesen  rozsudek. V\u00e1clav Klaus tuto takzvanou abolici od\u016fvodnil t\u00edm, \u017ee se  soudn\u00ed \u0159\u00edzen\u00ed ne\u00fam\u011brn\u011b protahuj\u00ed. &#8222;V\u0161echny p\u0159edchoz\u00ed amnestie obsahovaly  abolice,&#8220; konstatoval Jakl s\u00a0poukazem na milosti, kter\u00e9 ud\u011blil  p\u0159edchoz\u00ed \u010desk\u00fd prezident V\u00e1clav Havel. &#8222;Kupodivu nikdo nekritizoval  amnestii V\u00e1clava Havla v\u00a0roce 1998, kter\u00e1 prom\u00edjela pen\u011b\u017eit\u00e9 tresty a  zastavila 15 tis\u00edc p\u0159\u00edpad\u016f, zat\u00edmco ta sou\u010dasn\u00e1 350,&#8220; \u0159ekl Jakl s\u00a0t\u00edm,  \u017ee je hnusn\u00e9, kdy\u017e se n\u011bkomu automaticky podsouvaj\u00ed zl\u00e9 \u00famysly. &#8222;Kdy\u017e se  to t\u00fdkalo patn\u00e1cti tis\u00edc p\u0159\u00edpad\u016f jako p\u0159ed patn\u00e1cti lety, tak to nebyla  velezrada &#8211; nav\u00edc to byly \u017eiv\u00e9 p\u0159\u00edpady, kter\u00e9 by dosp\u011bly k\u00a0rozsudku  b\u011bhem n\u011bkolika t\u00fddn\u016f, kdy\u017e se to t\u00fdk\u00e1 350, u nich\u017e v podstat\u011b nebyla  \u017e\u00e1dn\u00e1 nad\u011bje na nalezen\u00ed spravedlnosti, tak to je velezrada,&#8220; m\u00edn\u00ed Jakl<\/p>\n<p>Tomu ov\u0161em oponoval poslanec Stanislav Pol\u010d\u00e1k (TOP 09), podle kter\u00e9ho  lze hnusn\u00e9 motivy sezn\u00e1vat sp\u00ed\u0161e v\u00a0podobn\u00fdch vyj\u00e1d\u0159en\u00edch. U amnestie  ud\u011blen\u00e9 V\u00e1clavem Havlem se podle n\u011bj nejednalo o zastaven\u00ed st\u00edh\u00e1n\u00ed, kde  hrozily tresty a\u017e do v\u00fd\u0161e deseti let. &#8222;Vy srovn\u00e1v\u00e1te 15 tis\u00edc zastaven\u00ed,  ale v\u00a0bagateln\u00ed \u010dinnosti, zat\u00edmco tady do\u0161lo k\u00a0zastaven\u00ed u naprosto  z\u00e1va\u017en\u00e9 krimin\u00e1ln\u00ed \u010dinnosti,&#8220; konstatoval Pol\u010d\u00e1k.<\/p>\n<p><strong>Bro\u017eov\u00e1? Nechod\u00ed pr\u00fd do pr\u00e1ce<\/strong><\/p>\n<p>Jakl se vyj\u00e1d\u0159il i k\u00a0obvin\u011bn\u00ed z\u00a0velezrady, kter\u00e9ho se podle \u010d\u00e1sti  sen\u00e1tor\u016f m\u011bl V\u00e1clav Klaus amnesti\u00ed dopustit. &#8222;Nev\u00edm, jestli to v\u0161ichni  v\u011bd\u00ed, ale tato \u017ealoba nem\u00e1 \u017e\u00e1dn\u00fd trestn\u011bpr\u00e1vn\u00ed obsah, je to \u00fastavn\u00ed krok  a jedin\u00fdm v\u00fdsledkem m\u016f\u017ee b\u00fdt zbaven\u00ed \u00fa\u0159adu,&#8220; konstatoval Jakl s\u00a0t\u00edm, \u017ee  funk\u010dn\u00ed obdob\u00ed sou\u010dasn\u00e9mu prezidentovi brzy skon\u010d\u00ed. Jde podle n\u011bj o  politick\u00fd krok, kdy p\u0159edkladatel\u00e9 n\u00e1vrhu mimo jin\u00e9 jenom testuj\u00ed, jak\u00e9  jsou prezidentsk\u00e9 pravomoci. Jde podle n\u011bj o znev\u00e1\u017een\u00ed institutu \u017ealoby.<\/p>\n<p>Jakl v\u00a0po\u0159adu reagoval na vyj\u00e1d\u0159en\u00ed prezidentky Nejvy\u0161\u0161\u00edho soudu Ivy  Bro\u017eov\u00e9, kter\u00e1 pat\u0159\u00ed ke Klausov\u00fdm \u010dast\u00fdm kritik\u016fm. &#8222;Amnestie je pr\u00e1vn\u00ed  p\u0159edpis a je nemysliteln\u00e9, aby byla soudn\u011b nep\u0159ezkoumateln\u00e1. \u00dastavn\u00ed  soud by se m\u011bl zam\u011b\u0159it na to, jestli amnestie nebyla prost\u0159edkem, jak  zabr\u00e1nit v\u00fdkonu spravedlnosti v\u016f\u010di n\u011bkter\u00fdm osob\u00e1m, a zda nebyla pouhou  z\u00e1minkou pro zastaven\u00ed p\u0159\u00edpad\u016f v\u00a0oblasti korupce,&#8220; citoval jej\u00ed slova  moder\u00e1tor po\u0159adu Zden\u011bk \u0160arapatka.<\/p>\n<p>&#8222;Zrovna tato soudkyn\u011b by m\u011bla n\u011bkdy p\u0159ij\u00edt do pr\u00e1ce,&#8220; reagoval na to  Jakl. &#8222;Je o n\u00ed zn\u00e1mo, \u017ee svou funkci v\u00a0podstat\u011b deset let v\u016fbec  nevykon\u00e1v\u00e1 a \u017ee nic ned\u011bl\u00e1,&#8220; dodal s\u00a0t\u00edm, \u017ee pr\u00e1v\u011b kv\u016fli takov\u00fdm  soudc\u016fm, jako je ona, le\u017e\u00ed n\u011bkter\u00e9 p\u0159\u00edpady dlouhou dobu nevy\u0159\u00edzeny.<\/p>\n<p><strong>Klaus a nov\u00e1 politick\u00e1 strana? Ne<\/strong><\/p>\n<p>Jakl se tak\u00e9 vyj\u00e1d\u0159il k\u00a0n\u00e1zor\u016fm, \u017ee V\u00e1clav Klaus stane po skon\u010den\u00ed  sv\u00e9ho mand\u00e1tu v\u00a0\u010dele n\u011bjak\u00e9 nov\u00e9 politick\u00e9 strany. &#8222;O politick\u00e9  budoucnosti a kari\u00e9\u0159e spekuluj\u00ed v\u0161ichni kolem krom\u011b V\u00e1clava Klause. J\u00e1  jsem takovouto my\u0161lenku od n\u011bj nikdy v\u00a0\u017eivot\u011b nesly\u0161el,&#8220; \u0159ekl Ladislav  Jakl.<\/p>\n<p><a href=\"http:\/\/www.tyden.cz\/rubriky\/domaci\/jakl-obvineni-z-velezrady-politicky-utok-na-klause_262607.html\" target=\"_blank\">Zdroj<\/a><\/div>\n","protected":false},"excerpt":{"rendered":"<p>\u010ce\u0161t\u00ed politici jsou zvykl\u00ed jenom na povrchn\u00ed osobn\u00ed p\u0159est\u0159elky a nejsou r\u00e1di konfrontov\u00e1ni s\u00a0n\u011bjak\u00fdm argumentem. &#8222;Je v\u00a0tom ur\u010dit\u00e1 zbab\u011blost,&#8220; konstatoval v\u00a0po\u0159adu televize Barrandov T\u00c9MATA T\u00ddDNE \u0159editel sekretari\u00e1tu prezidenta Klause Ladislav Jakl.<\/p>\n","protected":false},"author":1,"featured_media":0,"comment_status":"open","ping_status":"open","sticky":false,"template":"","format":"standard","meta":{"ngg_post_thumbnail":0,"footnotes":""},"categories":[11],"tags":[],"class_list":["post-3653","post","type-post","status-publish","format-standard","hentry","category-ozvena"],"_links":{"self":[{"href":"https:\/\/www.ladislavjakl.cz\/index.php?rest_route=\/wp\/v2\/posts\/3653","targetHints":{"allow":["GET"]}}],"collection":[{"href":"https:\/\/www.ladislavjakl.cz\/index.php?rest_route=\/wp\/v2\/posts"}],"about":[{"href":"https:\/\/www.ladislavjakl.cz\/index.php?rest_route=\/wp\/v2\/types\/post"}],"author":[{"embeddable":true,"href":"https:\/\/www.ladislavjakl.cz\/index.php?rest_route=\/wp\/v2\/users\/1"}],"replies":[{"embeddable":true,"href":"https:\/\/www.ladislavjakl.cz\/index.php?rest_route=%2Fwp%2Fv2%2Fcomments&post=3653"}],"version-history":[{"count":1,"href":"https:\/\/www.ladislavjakl.cz\/index.php?rest_route=\/wp\/v2\/posts\/3653\/revisions"}],"predecessor-version":[{"id":3654,"href":"https:\/\/www.ladislavjakl.cz\/index.php?rest_route=\/wp\/v2\/posts\/3653\/revisions\/3654"}],"wp:attachment":[{"href":"https:\/\/www.ladislavjakl.cz\/index.php?rest_route=%2Fwp%2Fv2%2Fmedia&parent=3653"}],"wp:term":[{"taxonomy":"category","embeddable":true,"href":"https:\/\/www.ladislavjakl.cz\/index.php?rest_route=%2Fwp%2Fv2%2Fcategories&post=3653"},{"taxonomy":"post_tag","embeddable":true,"href":"https:\/\/www.ladislavjakl.cz\/index.php?rest_route=%2Fwp%2Fv2%2Ftags&post=3653"}],"curies":[{"name":"wp","href":"https:\/\/api.w.org\/{rel}","templated":true}]}}