{"id":3671,"date":"2013-03-07T10:25:10","date_gmt":"2013-03-07T09:25:10","guid":{"rendered":"http:\/\/www.ladislavjakl.cz\/?p=3671"},"modified":"2013-03-07T10:25:10","modified_gmt":"2013-03-07T09:25:10","slug":"zalobou-zacala-doba-soudnich-postihu-za-politicke-nazory","status":"publish","type":"post","link":"https:\/\/www.ladislavjakl.cz\/?p=3671","title":{"rendered":"\u017dalobou za\u010dala doba soudn\u00edch postih\u016f za politick\u00e9 n\u00e1zory"},"content":{"rendered":"<p>Podle \u0161\u00e9fa politick\u00e9ho odboru prezidentsk\u00e9 kancel\u00e1\u0159e Ladislava Jakla  za\u010dala dne\u0161n\u00edm rozhodnut\u00edm Sen\u00e1tu o \u00fastavn\u00ed \u017ealob\u011b na prezidenta V\u00e1clava  Klause nov\u00e1 doba, kdy se budou soudn\u011b postihovat politick\u00e9 postoje.  Jakl to napsal v textov\u00e9 zpr\u00e1v\u011b \u010cTK v reakci na rozhodnut\u00ed Sen\u00e1tu poslat  \u00dastavn\u00edmu soudu \u017ealobu na Klause pro velezradu, p\u0159edev\u0161\u00edm kv\u016fli jeho  novoro\u010dn\u00ed amnestii.<\/p>\n<p><!--more--><\/p>\n<p>&#8222;Odli\u0161n\u00fd politick\u00fd postoj u\u017e se nebude jen kritizovat, bude se rovnou  soudn\u011b postihovat, dokud nezbude ten jedin\u00fd dovolen\u00fd,&#8220; poznamenal Jakl.  Reakci Klausova mluv\u010d\u00edho Radima Ochvata se zat\u00edm \u010cTK nepoda\u0159ilo z\u00edskat.<\/p>\n<p>Horn\u00ed  parlamentn\u00ed komora dnes rozhodnut\u00ed \u017ealobu podat potvrdila 38 hlasy  proti 30. \u00dastavn\u00ed soud se j\u00ed bude zab\u00fdvat p\u0159ednostn\u011b, rozhodnut\u00ed by  mohlo padnout nejd\u0159\u00edve koncem b\u0159ezna. Klausovi kon\u010d\u00ed jeho druh\u00e9 funk\u010dn\u00ed  obdob\u00ed tento \u010dtvrtek.<\/p>\n<p><a href=\"http:\/\/www.ceskenoviny.cz\/domov\/zpravy\/jakl-zalobou-zacala-doba-soudnich-postihu-za-politicke-nazory\/909379?utm_source=rss&amp;utm_medium=feed\" target=\"_blank\">Odkaz<\/a><\/p>\n","protected":false},"excerpt":{"rendered":"<p>Podle \u0161\u00e9fa politick\u00e9ho odboru prezidentsk\u00e9 kancel\u00e1\u0159e Ladislava Jakla za\u010dala dne\u0161n\u00edm rozhodnut\u00edm Sen\u00e1tu o \u00fastavn\u00ed \u017ealob\u011b na prezidenta V\u00e1clava Klause nov\u00e1 doba, kdy se budou soudn\u011b postihovat politick\u00e9 postoje. Jakl to napsal v textov\u00e9 zpr\u00e1v\u011b \u010cTK v reakci na rozhodnut\u00ed Sen\u00e1tu poslat \u00dastavn\u00edmu soudu \u017ealobu na Klause pro velezradu, p\u0159edev\u0161\u00edm kv\u016fli jeho novoro\u010dn\u00ed amnestii.<\/p>\n","protected":false},"author":1,"featured_media":0,"comment_status":"open","ping_status":"open","sticky":false,"template":"","format":"standard","meta":{"ngg_post_thumbnail":0,"footnotes":""},"categories":[11],"tags":[],"class_list":["post-3671","post","type-post","status-publish","format-standard","hentry","category-ozvena"],"_links":{"self":[{"href":"https:\/\/www.ladislavjakl.cz\/index.php?rest_route=\/wp\/v2\/posts\/3671","targetHints":{"allow":["GET"]}}],"collection":[{"href":"https:\/\/www.ladislavjakl.cz\/index.php?rest_route=\/wp\/v2\/posts"}],"about":[{"href":"https:\/\/www.ladislavjakl.cz\/index.php?rest_route=\/wp\/v2\/types\/post"}],"author":[{"embeddable":true,"href":"https:\/\/www.ladislavjakl.cz\/index.php?rest_route=\/wp\/v2\/users\/1"}],"replies":[{"embeddable":true,"href":"https:\/\/www.ladislavjakl.cz\/index.php?rest_route=%2Fwp%2Fv2%2Fcomments&post=3671"}],"version-history":[{"count":1,"href":"https:\/\/www.ladislavjakl.cz\/index.php?rest_route=\/wp\/v2\/posts\/3671\/revisions"}],"predecessor-version":[{"id":3672,"href":"https:\/\/www.ladislavjakl.cz\/index.php?rest_route=\/wp\/v2\/posts\/3671\/revisions\/3672"}],"wp:attachment":[{"href":"https:\/\/www.ladislavjakl.cz\/index.php?rest_route=%2Fwp%2Fv2%2Fmedia&parent=3671"}],"wp:term":[{"taxonomy":"category","embeddable":true,"href":"https:\/\/www.ladislavjakl.cz\/index.php?rest_route=%2Fwp%2Fv2%2Fcategories&post=3671"},{"taxonomy":"post_tag","embeddable":true,"href":"https:\/\/www.ladislavjakl.cz\/index.php?rest_route=%2Fwp%2Fv2%2Ftags&post=3671"}],"curies":[{"name":"wp","href":"https:\/\/api.w.org\/{rel}","templated":true}]}}