{"id":3673,"date":"2013-03-07T10:27:10","date_gmt":"2013-03-07T09:27:10","guid":{"rendered":"http:\/\/www.ladislavjakl.cz\/?p=3673"},"modified":"2013-03-07T10:27:59","modified_gmt":"2013-03-07T09:27:59","slug":"ceska-televize-o-jaklove-finale-na-hrade","status":"publish","type":"post","link":"https:\/\/www.ladislavjakl.cz\/?p=3673","title":{"rendered":"\u010cesk\u00e1 televize o Jaklov\u011b fin\u00e1le na Hrad\u011b"},"content":{"rendered":"<p>\u010clov\u011bk s jasn\u00fdmi n\u00e1zory, kter\u00fd v\u0161ak dok\u00e1zal naslouchat, nechat si  poradit\u00a0a v ka\u017edodenn\u00edm shonu\u00a0poznat mali\u010dkosti, zazn\u00edv\u00e1 z nejbli\u017e\u0161\u00edho  okol\u00ed prezidenta.\u00a0N\u011bkolik des\u00edtek hodin p\u0159ed koncem sv\u00e9 prezidentsk\u00e9  dek\u00e1dy u\u017e m\u00e1 V\u00e1clav Klaus podle sv\u00fdch slov osobn\u00ed v\u011bci sbaleny. Drtiv\u00e1  v\u011bt\u0161ina v\u011bc\u00ed, kter\u00e9 z Hradu pl\u00e1noval odst\u011bhovat, je u\u017e podle Klause v  s\u00eddle jeho nov\u00e9ho institutu v z\u00e1me\u010dku na pra\u017esk\u00e9 Hanspaulce. Spolu s\u00a0n\u00edm  se s\u00a0prostorami Pra\u017esk\u00e9ho hradu pomalu lou\u010d\u00ed i v\u011bt\u0161ina jeho t\u00fdmu.  Prezident jim u\u017e stihl tak\u00e9 p\u0159edat pam\u011btn\u00ed plaketu.<\/p>\n<p><!--more--><\/p>\n<p>Odch\u00e1zej\u00edc\u00ed hlava st\u00e1tu si v\u00a0jednom z\u00a0posledn\u00edch pracovn\u00edch dn\u016f  ud\u011blala \u010das, aby tak ocenila vedouc\u00edho sv\u00e9 kancel\u00e1\u0159e Ji\u0159\u00edho Weigla,  z\u00e1stupce kancl\u00e9\u0159e Petra H\u00e1jka, \u0159editele sv\u00e9ho sekretari\u00e1tu Zuzanu  R\u00fdcovou a Martina Slan\u00e9ho. Plaketu dostali tak\u00e9 \u0161\u00e9f protokolu Jind\u0159ich  Forejt, tiskov\u00fd mluv\u010d\u00ed Radim Ochvat, z\u00e1stupce \u0159editele zahrani\u010dn\u00edho  odboru Ji\u0159\u00ed Brodsk\u00fd a \u0159editel spr\u00e1vy Hradu Ivo Vel\u00ed\u0161ek.<\/p>\n<p>Kon\u010d\u00edc\u00ed prezident uvedl, \u017ee &#8222;za deset let se mnoho poda\u0159ilo&#8220;. V\u00fd\u010det  \u00fasp\u011bch\u016f, ale tak\u00e9 nejv\u011bt\u0161\u00edch probl\u00e9m\u016f si v\u0161ak pr\u00fd nech\u00e1 na \u010dtvrte\u010dn\u00ed  televizn\u00ed projev na rozlou\u010denou. Za nejv\u011bt\u0161\u00ed probl\u00e9m ozna\u010dil  &#8222;nar\u016fstaj\u00edc\u00ed rozkl\u00ed\u017eenost zem\u011b a spole\u010dnosti&#8220;. Podle n\u011bho je pr\u00fd nap\u011bt\u00ed  ve spole\u010dnosti stokr\u00e1t hor\u0161\u00ed ne\u017e &#8222;hospod\u00e1\u0159sk\u00e1 krize, glob\u00e1ln\u00ed oteplov\u00e1n\u00ed  a cel\u00e1 ta Evropsk\u00e1 unie&#8220;.<\/p>\n<div id=\"contentPart_314596\">\n<div>\n<div><img loading=\"lazy\" decoding=\"async\" style=\"margin-top: 0px;\" src=\"http:\/\/img2.ct24.cz\/cache\/616x347\/article\/45\/4444\/444344.jpg\" alt=\"V\u00e1clav Klaus\" width=\"421\" height=\"241\" \/><\/p>\n<div>\n<div>V\u00e1clav Klaus<\/div>\n<\/div>\n<\/div>\n<\/div>\n<\/div>\n<p>Zat\u00edmco Jind\u0159ich Forejt na Hrad\u011b z\u016fstane a pouze vym\u011bn\u00ed nad\u0159\u00edzen\u00e9ho,  spolu s\u00a0Klausem odejde nap\u0159\u00edklad jako dlouholet\u00fd spolupracovn\u00edk Ladislav  Jakl. Pr\u00e1v\u011b on v\u00a0m\u00e9di\u00edch nej\u010dast\u011bji vystupoval k\u00a0ot\u00e1zk\u00e1m prezidentsk\u00e9ho  \u00fa\u0159adu. Klause zn\u00e1 z\u00a0pracovn\u00edho hlediska jako m\u00e1lokdo \u2013 spolupracuje  s\u00a0n\u00edm u\u017e t\u00e9m\u011b\u0159 16 let. Na za\u010d\u00e1tku byl p\u0159itom pouze telefon\u00e1t ve  vyhrocen\u00e9 dob\u011b po p\u00e1du vl\u00e1dy v roce 1997. Tehdy Jakl pracoval jako  novin\u00e1\u0159 a nab\u00eddl Klausovi pomocnou ruku. &#8222;Zavolal jsem mu a vzk\u00e1zal, \u017ee  jestli bude cht\u00edt pomoc, a\u0165 se ozve,&#8220; popsal Jakl. Do zp\u011btn\u00e9ho  telefon\u00e1tu pr\u00fd uplynula sotva hodina.<\/p>\n<p>Jako \u0161\u00e9f politick\u00e9ho odboru m\u011bl pod sebou poradce, tedy t\u00fdm lid\u00ed,  kte\u0159\u00ed pro hlavu st\u00e1tu prov\u011b\u0159uj\u00ed a analyzuj\u00ed z\u00e1kony. Od prezidenta tak  konkr\u00e9tn\u00ed \u00fakoly sm\u011b\u0159uj\u00ed pr\u00e1v\u011b p\u0159es n\u011bj. \u00a0&#8222;Tak\u00e9 mi j\u00ed pot\u00e9 odevzd\u00e1vaj\u00ed a z  t\u00e9 pr\u00e1ce vyvozuji doporu\u010den\u00ed pro prezidenta,&#8220; dod\u00e1v\u00e1 Jakl. Prezident  s\u00e1m se o zpr\u00e1vy, kter\u00e9 dost\u00e1v\u00e1, zaj\u00edm\u00e1. Jako \u0161\u00e9f se pr\u00fd na rozd\u00edl od  sv\u00e9ho tajemn\u00edka \u010dasto rad\u00ed a dok\u00e1\u017ee zm\u011bnit n\u00e1zor. Od siln\u00fdch n\u00e1zor\u016f se  ale odv\u00edjej\u00ed tak\u00e9 siln\u00e9 diskuze. &#8222;N\u011bkter\u00e9 ty diskuse b\u00fdvaj\u00ed hodn\u011b ostr\u00e9 &#8211;  bouch\u00e1 se a odch\u00e1z\u00ed se od nich od stolu,&#8220; zm\u00ednil Klaus\u016fv tajemn\u00edk.<\/p>\n<div id=\"contentPart_314594\">\n<div>\n<div><img loading=\"lazy\" decoding=\"async\" style=\"margin-top: 0px;\" src=\"http:\/\/img2.ct24.cz\/cache\/616x347\/article\/45\/4446\/444530.jpg\" alt=\"Ladislav Jakl s t\u00fdmem prezidentsk\u00fdch poradc\u016f\" width=\"423\" height=\"238\" \/><\/p>\n<div>\n<div>Ladislav Jakl s t\u00fdmem prezidentsk\u00fdch poradc\u016f<\/div>\n<\/div>\n<\/div>\n<\/div>\n<\/div>\n<p>Prezident ale v\u00a0ka\u017edodenn\u00edm pracovn\u00edm kontaktu pr\u00fd ukazoval hlavn\u011b  p\u0159\u00edv\u011btivou tv\u00e1\u0159. Podle tajemn\u00edka dok\u00e1zal b\u00fdt i p\u0159es pracovn\u00ed vyt\u00ed\u017eenost  ke sv\u00e9mu t\u00fdmu pozorn\u00fd a v\u0161\u00edmal si b\u011b\u017en\u00fdch probl\u00e9m\u016f. &#8222;Je to \u010dlov\u011bk, kter\u00fd  p\u0159ijde do kancel\u00e1\u0159e a pozn\u00e1, \u017ee sekret\u00e1\u0159ka m\u00e1 r\u00fdmu, jin\u00fd \u00fa\u010des nebo \u017ee  n\u011bkdo ztratil br\u00fdle,&#8220; prozradil Jakl.<\/p>\n<p>Se sv\u00fdm t\u00fdmem pr\u00fd r\u00e1d pravideln\u011b chodil na ob\u011bd do jedn\u00e9 z restaurac\u00ed  na Pra\u017esk\u00e9m hrad\u011b. Nyn\u00ed vym\u011bn\u00ed rozlehl\u00fd hradn\u00ed komplex a tak\u00e9 Lumbeho  vilu jako sv\u00e9 osobn\u00ed s\u00eddlo za z\u00e1me\u010dek na Hanspaulce. Pr\u00e1v\u011b tam bude  trvale s\u00eddlit jeho institut. P\u016fjde pr\u00fd o mal\u00fd t\u00fdm kolem 5 a\u017e 6 lid\u00ed,  cel\u00e1 instituce ale m\u00e1 ambici b\u00fdt sly\u0161et doma i v\u00a0zahrani\u010d\u00ed. &#8222;M\u016fj \u00famysl  je de facto\u00a0jednozna\u010dn\u00fd, \u010dili pr\u00e1ce, \u010dinnost, aktivita,&#8220; \u0159ekl Klaus loni  v\u00a0b\u0159eznu.<\/p>\n<div id=\"contentPart_314595\">\n<div>\n<div><img loading=\"lazy\" decoding=\"async\" style=\"margin-top: 0px;\" src=\"http:\/\/img2.ct24.cz\/cache\/616x347\/article\/45\/4446\/444526.jpg\" alt=\"S\u00eddlo Klausova institutu na Hanspaulce \" width=\"421\" height=\"237\" \/><\/p>\n<div>\n<div>S\u00eddlo Klausova institutu na Hanspaulce<\/div>\n<\/div>\n<\/div>\n<\/div>\n<\/div>\n<p>Institut, kter\u00fd V\u00e1clav Klaus zalo\u017eil se sv\u00fdmi syny a hradn\u00edm  kancl\u00e9\u0159em, dotuje miliard\u00e1\u0159 Petr Kellner. Nejbohat\u0161\u00ed \u010cech plat\u00ed na  Hanspaulce n\u00e1jem a des\u00edtky milion\u016f korun dal tak\u00e9 na provoz. Klaus\u016fv  institut vznikl ofici\u00e1ln\u011b u\u017e minul\u00fd rok a stihl dosud vydat dv\u011b knihy. V  sou\u010dasnosti chyst\u00e1 vydat dal\u0161\u00ed publikaci s Klausov\u00fdmi projevy. Ani na  Hanspaulce se ale nebr\u00e1n\u00ed tomu, \u017ee v\u00e1\u017en\u00e1 politick\u00e1 t\u00e9mata ob\u010das odleh\u010d\u00ed \u2013  nap\u0159\u00edklad letn\u00edm jazzov\u00fdm koncertem p\u0159\u00edmo na zahrad\u011b.<\/p>\n<p><a href=\"http:\/\/www.ceskatelevize.cz\/ct24\/domaci\/217683-klaus-predal-tymu-pametni-plakety-jaky-byl-sef\/\" target=\"_blank\">Video, zdroj a v\u00edce fotografi\u00ed<\/a><\/p>\n","protected":false},"excerpt":{"rendered":"<p>\u010clov\u011bk s jasn\u00fdmi n\u00e1zory, kter\u00fd v\u0161ak dok\u00e1zal naslouchat, nechat si poradit\u00a0a v ka\u017edodenn\u00edm shonu\u00a0poznat mali\u010dkosti, zazn\u00edv\u00e1 z nejbli\u017e\u0161\u00edho okol\u00ed prezidenta.\u00a0N\u011bkolik des\u00edtek hodin p\u0159ed koncem sv\u00e9 prezidentsk\u00e9 dek\u00e1dy u\u017e m\u00e1 V\u00e1clav Klaus podle sv\u00fdch slov osobn\u00ed v\u011bci sbaleny. Drtiv\u00e1 v\u011bt\u0161ina v\u011bc\u00ed, kter\u00e9 z Hradu pl\u00e1noval odst\u011bhovat, je u\u017e podle Klause v s\u00eddle jeho nov\u00e9ho institutu v [&hellip;]<\/p>\n","protected":false},"author":1,"featured_media":0,"comment_status":"open","ping_status":"open","sticky":false,"template":"","format":"standard","meta":{"ngg_post_thumbnail":0,"footnotes":""},"categories":[11,12],"tags":[],"class_list":["post-3673","post","type-post","status-publish","format-standard","hentry","category-ozvena","category-video"],"_links":{"self":[{"href":"https:\/\/www.ladislavjakl.cz\/index.php?rest_route=\/wp\/v2\/posts\/3673","targetHints":{"allow":["GET"]}}],"collection":[{"href":"https:\/\/www.ladislavjakl.cz\/index.php?rest_route=\/wp\/v2\/posts"}],"about":[{"href":"https:\/\/www.ladislavjakl.cz\/index.php?rest_route=\/wp\/v2\/types\/post"}],"author":[{"embeddable":true,"href":"https:\/\/www.ladislavjakl.cz\/index.php?rest_route=\/wp\/v2\/users\/1"}],"replies":[{"embeddable":true,"href":"https:\/\/www.ladislavjakl.cz\/index.php?rest_route=%2Fwp%2Fv2%2Fcomments&post=3673"}],"version-history":[{"count":3,"href":"https:\/\/www.ladislavjakl.cz\/index.php?rest_route=\/wp\/v2\/posts\/3673\/revisions"}],"predecessor-version":[{"id":3676,"href":"https:\/\/www.ladislavjakl.cz\/index.php?rest_route=\/wp\/v2\/posts\/3673\/revisions\/3676"}],"wp:attachment":[{"href":"https:\/\/www.ladislavjakl.cz\/index.php?rest_route=%2Fwp%2Fv2%2Fmedia&parent=3673"}],"wp:term":[{"taxonomy":"category","embeddable":true,"href":"https:\/\/www.ladislavjakl.cz\/index.php?rest_route=%2Fwp%2Fv2%2Fcategories&post=3673"},{"taxonomy":"post_tag","embeddable":true,"href":"https:\/\/www.ladislavjakl.cz\/index.php?rest_route=%2Fwp%2Fv2%2Ftags&post=3673"}],"curies":[{"name":"wp","href":"https:\/\/api.w.org\/{rel}","templated":true}]}}