{"id":3677,"date":"2013-03-07T10:31:11","date_gmt":"2013-03-07T09:31:11","guid":{"rendered":"http:\/\/www.ladislavjakl.cz\/?p=3677"},"modified":"2013-03-07T10:31:11","modified_gmt":"2013-03-07T09:31:11","slug":"jakl-v-ceske-televizi-to-co-predvadi-ted-senat-je-vzkaz-ze-jine-postoje-politicke-nez-ktere-tito-senatori-uznavaji-nebudou-kritizovat-ale-rovnou-u-soudu-zakazovat","status":"publish","type":"post","link":"https:\/\/www.ladislavjakl.cz\/?p=3677","title":{"rendered":"Jakl v \u010cesk\u00e9 televizi: to, co p\u0159edv\u00e1d\u00ed te\u010f Sen\u00e1t, je vzkaz, \u017ee jin\u00e9 postoje politick\u00e9, ne\u017e kter\u00e9 tito sen\u00e1to\u0159i uzn\u00e1vaj\u00ed, nebudou kritizovat, ale rovnou u soudu zakazovat"},"content":{"rendered":"<p><strong>Daniela DRTINOV\u00c1, moder\u00e1torka:<\/strong><\/p>\n<p>Po telefonu zdrav\u00edm \u0159editele politick\u00e9ho odboru prezidentsk\u00e9 kancel\u00e1\u0159e Ladislava Jakla, dobr\u00fd ve\u010der.<\/p>\n<p><strong>Ladislav JAKL, \u0159editel politick\u00e9ho odboru prezidentsk\u00e9 kancel\u00e1\u0159e:<\/strong><\/p>\n<p>J\u00e1 v\u00e1s tak\u00e9 zdrav\u00edm. Dobr\u00fd ve\u010der.<\/p>\n<p><!--more--><\/p>\n<p><strong>Daniela DRTINOV\u00c1, moder\u00e1torka:<\/strong><\/p>\n<p>Pane Jakle, prezident nen\u00ed z v\u00fdkonu sv\u00e9 funkce odpov\u011bdn\u00fd. Nen\u00ed pak logick\u00e9, \u017ee Sen\u00e1t jako pojistka \u00fastavnosti zvol\u00ed takov\u00fd postup, kter\u00fd jako jedin\u00fd m\u00e1 k dispozici, pokud s politick\u00fdmi kroky prezidenta nesouhlas\u00ed?<\/p>\n<p><strong>Ladislav JAKL, \u0159editel politick\u00e9ho odboru prezidentsk\u00e9 kancel\u00e1\u0159e:<\/strong><\/p>\n<p>Vy jste ale te\u010f p\u0159esn\u011b sly\u0161ela v\u00fdklad, \u017ee to nen\u00ed jedin\u00fd postup.<\/p>\n<p><strong>Daniela DRTINOV\u00c1, moder\u00e1torka:<\/strong><\/p>\n<p>No, pokud se sen\u00e1to\u0159i domn\u00edvaj\u00ed, \u017ee se dopustil velezrady, tak je to jedin\u00fd mo\u017en\u00fd postup. \u00dastavn\u00ed st\u00ed\u017enost je v\u011bc jin\u00e1 a ta b\u011b\u017e\u00ed vedle toho.<\/p>\n<p><strong>Ladislav JAKL, \u0159editel politick\u00e9ho odboru prezidentsk\u00e9 kancel\u00e1\u0159e:<\/strong><\/p>\n<p>J\u00e1 jsem hluboce p\u0159esv\u011bd\u010den, \u017ee sen\u00e1to\u0159i se nedomn\u00edvaj\u00ed, \u017ee byla sp\u00e1ch\u00e1na velezrada, proto\u017ee p\u0159esn\u011b tak, jak \u0159\u00edkal pan Vysko\u010dil, pak by iniciovali takov\u00fd krok d\u00e1vno p\u0159edt\u00edm. J\u00e1 mysl\u00edm, \u017ee cht\u011bli vyvolat toto \u0159\u00edzen\u00ed o velezrad\u011b a jenom sb\u00edrali jak\u00fdkoli materi\u00e1l. Mo\u017en\u00e1 bych se r\u00e1d pana sen\u00e1tora Bublana zeptal, jestli prozrad\u00ed autora t\u00e9to \u017ealoby?<\/p>\n<p><strong>Daniela DRTINOV\u00c1, moder\u00e1torka:<\/strong><\/p>\n<p>Pane Jakle, zept\u00e1m se v\u00e1s j\u00e1 d\u00e1l. Nen\u00ed \u00fastavn\u00ed \u017ealoba Sen\u00e1tu naopak logickou reakc\u00ed na politiku prezidenta Klause z doby jeho \u00fa\u0159adov\u00e1n\u00ed, jestli neplat\u00ed, kdo s \u010d\u00edm zach\u00e1z\u00ed, s t\u00edm se taky sch\u00e1z\u00ed.<\/p>\n<p><strong>Ladislav JAKL, \u0159editel politick\u00e9ho odboru prezidentsk\u00e9 kancel\u00e1\u0159e:<\/strong><\/p>\n<p>Ne\u0159ekl bych, \u017ee pan prezident republiky zach\u00e1zel se \u017ealobami jako prost\u0159edkem politick\u00e9ho boje. V\u00edte, on v\u00fdkon jak\u00e9koli politick\u00e9 funkce se d\u00e1 prov\u00e1d\u011bt r\u016fzn\u00fdmi zp\u016fsoby. Jeden \u010dlov\u011bk by ud\u011blal tyto kroky, jin\u00fd \u010dlov\u011bk, kdyby byl zvolen\u00fd m\u00edsto n\u011bj, by ud\u011blal jin\u00e9 kroky. Koneckonc\u016f proto tak\u00e9 existuj\u00ed svobodn\u00e9 volby. Jinak bychom nemuseli chodit k volb\u00e1m, kdyby m\u011bli v\u0161ichni p\u0159edeps\u00e1no p\u0159esn\u011b, co maj\u00ed d\u011blat. Tak\u017ee r\u016fzn\u00ed politici v r\u016fzn\u00fdch situac\u00edch vol\u00ed r\u016fzn\u00e9 kroky a ty je mo\u017eno kritizovat, politicky s nimi v\u00e9st n\u011bjakou polemiku, je mo\u017en\u00e9 na nich n\u011bco odsuzovat, je mo\u017en\u00e9 p\u0159edkl\u00e1dat vlastn\u00ed alternativy. Ale to, co p\u0159edv\u00e1d\u00ed te\u010f Sen\u00e1t, je vzkaz, \u017ee jin\u00e9 postoje politick\u00e9, ne\u017e kter\u00e9 tito sen\u00e1to\u0159i uzn\u00e1vaj\u00ed, nebudou kritizovat, ale rovnou u soudu zakazovat. A je\u0161t\u011b&#8230;<\/p>\n<p><strong>Daniela DRTINOV\u00c1, moder\u00e1torka:<\/strong><\/p>\n<p>Pane Jakle, ano.<\/p>\n<p><strong>Ladislav JAKL, \u0159editel politick\u00e9ho odboru prezidentsk\u00e9 kancel\u00e1\u0159e:<\/strong><\/p>\n<p>Ano. A je\u0161t\u011b pro m\u011b daleko d\u016fle\u017eit\u011bj\u0161\u00ed motivace, pro kterou sen\u00e1to\u0159i tuto v\u011bc d\u011blaj\u00ed pr\u00e1v\u011b te\u010f t\u0159i dny p\u0159ed koncem funk\u010dn\u00edho obdob\u00ed V\u00e1clava Klause, ukazuje je\u0161t\u011b na jednu v\u011bc, \u017ee to toti\u017e ani tak moc nesouvis\u00ed s V\u00e1clavem Klausem, jako sp\u00ed\u0161 s Milo\u0161em Zemanem a s budouc\u00edmi prezidenty. Sen\u00e1to\u0159i nyn\u00ed voli\u010d\u016fm \u0159\u00edkaj\u00ed, \u017ee je oklamali a obelhali, kdy\u017e jim \u0159\u00edkali, \u017ee prosad\u00ed p\u0159\u00edmou volbu prezidenta tak, aby si ob\u010dan\u00e9 zvolili prezidenta nez\u00e1visl\u00e9ho na parlamentu. Nyn\u00ed, kdy\u017e si ob\u010dan\u00e9 zvolili p\u0159\u00edmo prezidenta, tak se sen\u00e1to\u0159i lekli, \u017ee ten nov\u00fd prezident u\u017e by na nich nebyl tak z\u00e1visl\u00fd. A cht\u011bj\u00ed pou\u017e\u00edt n\u00e1stroj, kter\u00fdm jednou prov\u017edy vzk\u00e1\u017eou nov\u00e9mu prezidentovi i v\u0161em dal\u0161\u00edm p\u0159\u00edmo volen\u00fdm, \u017ee bu\u010f bude poslouchat jako hodinky to, co si oni \u0159eknou, ne voli\u010de&#8230;<\/p>\n<p><strong>Daniela DRTINOV\u00c1, moder\u00e1torka:<\/strong><\/p>\n<p>Na to se zept\u00e1me pana Bublana.<\/p>\n<p><strong>Ladislav JAKL, \u0159editel politick\u00e9ho odboru prezidentsk\u00e9 kancel\u00e1\u0159e:<\/strong><\/p>\n<p>&#8230;anebo na n\u011bj bude vyta\u017eena tato metoda a on prost\u011b p\u016fjde druh\u00fd den z funkce, k \u010demu\u017e m\u00e1 napomoci i \u00fastavn\u00ed zm\u011bna, kter\u00e1 m\u00e1 platit pr\u00e1v\u011b od p\u00e1tku.<\/p>\n<p><strong>Daniela DRTINOV\u00c1, moder\u00e1torka:<\/strong><\/p>\n<p>Ano, dejme, pros\u00edm, te\u010f prostor panu Bublanovi, proto\u017ee pan Bublan to u\u017e vlastn\u011b p\u0159edt\u00edm, ne\u017e jsem oslovila v\u00e1s, nazna\u010dil, \u017ee to, ten krok Sen\u00e1tu je m\u00ed\u0159en hodn\u011b do budoucna, aby n\u011bjak\u00fdm zp\u016fsobem vymezil postup a mantinely budouc\u00edmu prezidentovi. Tak\u017ee to mo\u017en\u00e1 nesouvis\u00ed ani s V\u00e1clavem Klausem, ale sp\u00ed\u0161 s Milo\u0161em Zemanem.<\/p>\n<p><strong>Franti\u0161ek BUBLAN, sen\u00e1tor \/\u010cSSD\/:<\/strong><\/p>\n<p>To j\u00e1 se nedomn\u00edv\u00e1m, \u017ee by to bylo pouze takto zam\u011b\u0159eno. J\u00e1 osobn\u011b bych si nev\u00e1\u017eil prezidenta&#8230;<\/p>\n<p><strong>Daniela DRTINOV\u00c1, moder\u00e1torka:<\/strong><\/p>\n<p>V\u017edycky je to ot\u00e1zka priorit.<\/p>\n<p><strong>Franti\u0161ek BUBLAN, sen\u00e1tor \/\u010cSSD\/:<\/strong><\/p>\n<p>Jist\u011b. J\u00e1 bych si osobn\u011b nev\u00e1\u017eil prezidenta, kter\u00fd by nem\u011bl sv\u016fj vlastn\u00ed n\u00e1zor. Naopak, to je dob\u0159e, \u017ee prezident je t\u0159eba tro\u0161ku odli\u0161n\u00fd, m\u00e1 jin\u00e9 n\u00e1zory. Ale jde o to&#8230;<\/p>\n<p><strong>Daniela DRTINOV\u00c1, moder\u00e1torka:<\/strong><\/p>\n<p>Pak je ot\u00e1zka, jestli je nutn\u00e9 ho \u017ealovat z velezrady?<\/p>\n<p><strong>Franti\u0161ek BUBLAN, sen\u00e1tor \/\u010cSSD\/:<\/strong><\/p>\n<p>Tady jde o to, aby se choval \u00fastavn\u011b. On pan prezident Klaus m\u011bl mo\u017enost v p\u0159\u00edpad\u011b, \u017ee nesouhlasil s n\u011bjakou mezin\u00e1rodn\u00ed smlouvou, kterou nepodepsal, m\u011bl mo\u017enost se obr\u00e1tit na \u00dastavn\u00ed soud a zeptat se, zda tato mezin\u00e1rodn\u00ed smlouva nen\u00ed v rozporu s na\u0161\u00edm \u00fastavn\u00edm po\u0159\u00e1dkem. Kdyby to u\u010dinil a \u00dastavn\u00ed soud \u0159ekl n\u011bjak\u00fd verdikt, tak potom bych nem\u011bl d\u016fvod se zam\u00fd\u0161let nad t\u00edm, jestli tady se choval \u00fastavn\u011b, nebo se nechoval \u00fastavn\u011b. Ale on to neu\u010dinil. On \u0159ekl rovnou, \u017ee je to zr\u016fdnost a \u017ee to nikdy nepodep\u00ed\u0161e.<\/p>\n<p><strong>Daniela DRTINOV\u00c1, moder\u00e1torka:<\/strong><\/p>\n<p>Pane Vystr\u010dile, ani toto pro v\u00e1s nen\u00ed argument, \u017ee V\u00e1clav Klaus po celou dobu sv\u00e9ho \u00fa\u0159adu, \u017ee byly okam\u017eiky po celou dobu jeho \u00fa\u0159adu, kdy poru\u0161oval z\u00e1kony, kdy poru\u0161oval \u00fastavn\u00ed po\u0159\u00e1dek, \u00fastavn\u00ed zvyklosti?<\/p>\n<p><strong>Milo\u0161 VYSTR\u010cIL, 1. m\u00edstop\u0159edseda sen\u00e1torsk\u00e9ho klubu ODS: <\/strong><\/p>\n<p>V\u00e1clav Klaus jako prezident se m\u00e1 chovat tak, aby se choval v z\u00e1jmu v\u0161eho lidu a podle sv\u00e9ho nejlep\u0161\u00edho v\u011bdom\u00ed a sv\u011bdom\u00ed. A v tom okam\u017eiku, pokud on m\u011bl pochybnosti o tom, \u017ee pro \u010desk\u00fd lid je nap\u0159\u00edklad podepsat n\u011bjakou smlouvu \u0161patn\u00e9, tak to neu\u010dinil. O tom, zda to ud\u011blat dob\u0159e, nebo \u0161patn\u011b, o tom rozhodne z\u0159ejm\u011b \u00fastavn\u00ed&#8230;<\/p>\n<p><strong>Daniela DRTINOV\u00c1, moder\u00e1torka:<\/strong><\/p>\n<p>Ale pokud ignoroval doporu\u010den\u00ed a rozhodnut\u00ed parlamentu, na to se v\u00e1s pt\u00e1m, jestli podle v\u00e1s podle va\u0161eho pohledu a n\u00e1zoru sen\u00e1tora V\u00e1clav Klaus n\u011bkdy poru\u0161oval z\u00e1kony, doporu\u010den\u00ed a rozhodnut\u00ed parlamentu, kde je vlastn\u011b vyj\u00e1d\u0159eno p\u0159\u00e1n\u00ed lidu, kdy\u017e to \u0159eknu t\u00edmto nadnesen\u00fdm zp\u016fsobem, jako ve volen\u00e9m org\u00e1nu.<\/p>\n<p><strong>Milo\u0161 VYSTR\u010cIL, 1. m\u00edstop\u0159edseda sen\u00e1torsk\u00e9ho klubu ODS: <\/strong><\/p>\n<p>Pokud se na to pod\u00edv\u00e1me z t\u00e9to optiky, tak ur\u010dit\u011b v n\u011bkter\u00fdch p\u0159\u00edpadech pan prezident V\u00e1clav Klaus \u010dekal s t\u00edm podpisem t\u0159eba del\u0161\u00ed dobu, ne\u017e bych j\u00e1 si p\u0159edstavoval, \u017ee se stane. Ale to neznamen\u00e1, \u017ee se choval proti\u00fastavn\u011b, a to neznamen\u00e1, \u017ee se nechoval podle sv\u00e9ho nejlep\u0161\u00edho v\u011bdom\u00ed a sv\u011bdom\u00ed. To tak prost\u011b nen\u00ed. A j\u00e1 hlavn\u011b \u0159\u00edk\u00e1m tu v\u011bc, kterou te\u010f se opakuji, \u017ee pokud n\u011bkdo m\u011bl pocit, \u017ee t\u00edm p\u00e1ch\u00e1 velezradu, tak ho m\u011bl \u017ealovat, respektive aspo\u0148 iniciovat pod\u00e1n\u00ed t\u00e9 \u017ealoby a ned\u011blat to t\u0159i dny p\u0159ed skon\u010den\u00edm jeho mand\u00e1tu, kdy to nem\u00e1 v\u016fbec \u017e\u00e1dn\u00fd smysl, proto\u017ee pokud bude uzn\u00e1n vinn\u00fdm a bude uzn\u00e1n velezr\u00e1dcem, tak jedin\u00e9, co se stane, tak p\u0159ijde o mand\u00e1t, kter\u00fd stejn\u011b u\u017e m\u00edt nebude, nebude moci znovu kandidovat, co\u017e stejn\u011b taky u\u017e \u0159\u00edkal, \u017ee nebude. A jedin\u00e9, o co p\u0159ijde, a to je zase dal\u0161\u00ed \u00fatok na n\u00edzk\u00e9 pudy a dal\u0161\u00ed prost\u011b n\u00edzk\u00e9 uva\u017eov\u00e1n\u00ed, je, \u017ee p\u0159ijde o rentu a p\u0159\u00edpadn\u011b n\u011bjakou mo\u017enost d\u00e1l pracovat politicky. Tak\u017ee to se mi velmi nel\u00edb\u00ed.<\/p>\n<p><strong>Daniela DRTINOV\u00c1, moder\u00e1torka:<\/strong><\/p>\n<p>Tak stru\u010dn\u011b k tomu, jestli je to \u00fatok na po\u017eitky?<\/p>\n<p><strong>Franti\u0161ek BUBLAN, sen\u00e1tor \/\u010cSSD\/:<\/strong><\/p>\n<p>Ne, \u00fatok na po\u017eitky to ur\u010dit\u011b nen\u00ed. J\u00e1 se nedomn\u00edv\u00e1m, \u017ee pan V\u00e1clav Klaus bude z\u00e1visl\u00fd na n\u011bjak\u00e9 rent\u011b. To ur\u010dit\u011b tak nebude. Ale je to tak\u00e9 tro\u0161ku vzkaz do ve\u0159ejnosti, \u017ee chceme, aby se v\u0161ichni \u00fastavn\u00ed \u010dinitel\u00e9 chovali tak, jak se chovat maj\u00ed, \u017ee nen\u00ed mo\u017en\u00e9, aby si n\u011bkdo postavil hlavu a vzep\u0159el se parlamentu jenom proto, \u017ee maj\u00ed jin\u00fd n\u00e1zor. Tady skute\u010dn\u011b ka\u017ed\u00fd m\u00e1 svou odpov\u011bdnost. A j\u00e1 dokonce tvrd\u00edm, \u017ee kdo je v\u00fd\u0161 nebo nejv\u00fd\u0161, tak m\u00e1 tu povinnost je\u0161t\u011b v\u011bt\u0161\u00ed a mus\u00ed v\u00edc naslouchat tomu, co sly\u0161\u00ed zespodu.<\/p>\n<p><strong>Daniela DRTINOV\u00c1, moder\u00e1torka:<\/strong><\/p>\n<p>Dob\u0159e, ale je to velezrada, pane Bublane, nebo napl\u0148uje to znaky skutkov\u00e9 podstaty takov\u00e9ho zlo\u010dinu, jako je velezrada? I sen\u00e1tor Dienstbier vlastn\u011b s t\u00edm pojmem velezrada m\u00e1 trochu probl\u00e9m. Ano, \u00fastava jinou mo\u017enost v tuto chv\u00edli neumo\u017e\u0148uje. Ale i s\u00e1m sen\u00e1tor jako jeden z navrhovatel\u016f, sen\u00e1tor Dienstbier s t\u00edm pojmem velezrada m\u00e1 probl\u00e9m. M\u00e1te vy s t\u00edm probl\u00e9m?<\/p>\n<p><strong>Franti\u0161ek BUBLAN, sen\u00e1tor \/\u010cSSD\/:<\/strong><\/p>\n<p>S t\u00edm jsme m\u011bli probl\u00e9m mo\u017en\u00e1 v\u0161ichni. To dneska zazn\u011blo i v t\u00e9 rozprav\u011b. Kdyby se to jmenovalo \u00fastavn\u00ed delikt nebo poru\u0161en\u00ed \u00fastavy nebo n\u011bjak\u00fdm zp\u016fsobem se to vyj\u00e1d\u0159ilo, tak by to bylo daleko snaz\u0161\u00ed.<\/p>\n<p><strong>Daniela DRTINOV\u00c1, moder\u00e1torka:<\/strong><\/p>\n<p>Tak\u017ee i vy s t\u00edm vnit\u0159n\u00ed probl\u00e9m jist\u00fd m\u00e1te, s t\u00edm pojmem?<\/p>\n<p><strong>Franti\u0161ek BUBLAN, sen\u00e1tor \/\u010cSSD\/:<\/strong><\/p>\n<p>S t\u00edm term\u00ednem, ale nikoli s tou n\u00e1pln\u00ed toho term\u00ednu.<\/p>\n<p><strong>Daniela DRTINOV\u00c1, moder\u00e1torka:<\/strong><\/p>\n<p>Pane Jakle, sen\u00e1to\u0159i i ti, kte\u0159\u00ed nepodepsali n\u00e1vrh \u017ealoby, tak se mnoz\u00ed shodovali v tom, \u017ee prezident Klaus poru\u0161oval z\u00e1kony t\u00e9to zem\u011b, nerespektoval \u00fastavn\u00ed zvyklosti a konal podle sv\u00e9 v\u016fle, viz t\u0159eba jeden z t\u011bch bod\u016f nepodeps\u00e1n\u00ed dopl\u0148ku Lisabonsk\u00e9 smlouvy, i kdy\u017e jej tedy schv\u00e1lily ob\u011b komory parlamentu t\u0159\u00edp\u011btinovou v\u011bt\u0161inou.<\/p>\n<p><strong>Ladislav JAKL, \u0159editel politick\u00e9ho odboru prezidentsk\u00e9 kancel\u00e1\u0159e:<\/strong><\/p>\n<p>V\u00edte, na\u0161e \u00fastava je postavena tak, aby chr\u00e1nila ob\u010dany \u010cesk\u00e9 republiky p\u0159ed nap\u0159\u00edklad nezodpov\u011bdn\u00fdm zavl\u00e9k\u00e1n\u00edm \u010desk\u00fdch ob\u010dan\u016f a \u010cesk\u00e9 republiky do nev\u00fdhodn\u00fdch smluv, a proto \u00fastava stanovuje, \u017ee s takovou smlouvou mus\u00ed vyslovit souhlas v\u00edce \u00fastavn\u00edch instituc\u00ed. Parlament nen\u00ed jedin\u00fdm nositelem v\u016fle ve\u0159ejnosti. Je to ur\u010dit\u011b i prezident, o to v\u00edce nyn\u00ed p\u0159\u00edmo volen\u00fd prezident. A nepochybn\u011b by prezident poru\u0161il \u00fastavu, kdyby ratifikoval smlouvu, ke kter\u00e9 nedostal souhlas. Ale pokud ten souhlas je vysloven, pak to pro prezidenta v \u017e\u00e1dn\u00e9m p\u0159\u00edpad\u011b neznamen\u00e1 povinnost, proto\u017ee jestli\u017ee z t\u00e9 smlouvy vypl\u00fdv\u00e1, \u017ee \u010de\u0161t\u00ed ob\u010dan\u00e9 budou platit des\u00edtky, mo\u017en\u00e1 stovky miliard korun na nesmysln\u00e9 projekty Evropsk\u00e9 unie, pak se mus\u00ed naj\u00edt n\u011bkdo, kdo v r\u00e1mci pr\u00e1v\u011b \u00fastavy to zaraz\u00ed a \u0159ekne ne. Ale v\u0161echny ty body ob\u017ealoby ve skute\u010dnosti jsou z\u00e1stupn\u00e9 a pan Bublan to dob\u0159e v\u00ed.<\/p>\n<p><strong>Daniela DRTINOV\u00c1, moder\u00e1torka:<\/strong><\/p>\n<p>Pane Jakle, tak\u017ee ale podle toho, co \u0159\u00edk\u00e1te vy, tak je pravda, z t\u00e9 logiky vypl\u00fdv\u00e1, \u017ee prezident jednal ze sv\u00e9 v\u016fle a postavil se nad parlament, nad v\u016fli parlamentu t\u00edm, \u017ee nerespektoval jeho rozhodnut\u00ed.<\/p>\n<p><strong>Ladislav JAKL, \u0159editel politick\u00e9ho odboru prezidentsk\u00e9 kancel\u00e1\u0159e:<\/strong><\/p>\n<p>V \u017e\u00e1dn\u00e9m p\u0159\u00edpad\u011b se nepostavil nad parlament. Sna\u017eil jsem se v\u00e1m vysv\u011btlit, \u017ee k ratifikaci smlouvy je nutn\u00fd spole\u010dn\u00fd souhlas n\u011bkolika instituc\u00ed a \u017e\u00e1dn\u00fd ten souhlas nesm\u00ed chyb\u011bt. Ka\u017ed\u00e1 ta instituce m\u00e1 svoji mechaniku pro definov\u00e1n\u00ed sv\u00e9ho postoje. Pokud je pravdou to, co se ke mn\u011b z dob\u0159e informovan\u00fdch zdroj\u016f doneslo, \u017ee autorem t\u00e9 \u017ealoby je pan Uhl mlad\u0161\u00ed, tak je to z\u00e1rove\u0148 ten, kter\u00fd obes\u00edlal mnoho pr\u00e1vn\u00edk\u016f v t\u00e9to zemi se \u017e\u00e1dost\u00ed, aby se pokusili naj\u00edt cokoliv, co by bylo mo\u017eno je\u0161t\u011b u\u0161\u00edt na prezidenta V\u00e1clava Klause a do t\u00e9 \u017ealoby d\u00e1t. \u010cili je vid\u011bt, \u017ee jsou to&#8230;<\/p>\n<p><strong>Daniela DRTINOV\u00c1, moder\u00e1torka:<\/strong><\/p>\n<p>Na toto se zept\u00e1me, pane Jakle, je\u0161t\u011b pana Bublana.<\/p>\n<p><strong>Ladislav JAKL, \u0159editel politick\u00e9ho odboru prezidentsk\u00e9 kancel\u00e1\u0159e:<\/strong><\/p>\n<p>\u010cili je vid\u011bt, \u017ee jsou to z\u00e1stupn\u00e9 momenty.<\/p>\n<p><strong>Daniela DRTINOV\u00c1, moder\u00e1torka:<\/strong><\/p>\n<p>Pane Bublane, stru\u010dn\u011b. Ano. Stru\u010dn\u011b k tomuto, jestli tedy autorem je pan Uhl mlad\u0161\u00ed a jestli va\u0161\u00edm motivem bylo z\u00edskat cokoliv, aby mohlo b\u00fdt tato \u017ealoba pod\u00e1na.<\/p>\n<p><strong>Franti\u0161ek BUBLAN, sen\u00e1tor \/\u010cSSD\/:<\/strong><\/p>\n<p>J\u00e1 p\u0159esn\u011b nev\u00edm. J\u00e1 m\u00e1m pocit, \u017ee se na tom, na t\u00e9 \u00fastavn\u00ed, na tom n\u00e1vrhu pod\u00edlelo n\u011bkolik pr\u00e1vn\u00edk\u016f. A my jsme tam m\u011bli takovou pracovn\u00ed skupinu, kter\u00e1 to konzultovala. J\u00e1 skute\u010dn\u011b nev\u00edm, kdo je autorem, p\u0159esn\u00fdm autorem tohoto n\u00e1vrhu, ale&#8230;<\/p>\n<p><strong>Daniela DRTINOV\u00c1, moder\u00e1torka:<\/strong><\/p>\n<p>A lovili jste ve vod\u00e1ch, aby mohla b\u00fdt za ka\u017edou cenu pod\u00e1na \u017ealoba, n\u00e1vrh na \u00fastavn\u00ed \u017ealobu.<\/p>\n<p><strong>Franti\u0161ek BUBLAN, sen\u00e1tor \/\u010cSSD\/:<\/strong><\/p>\n<p>Ale to zcela, to zcela ur\u010dit\u011b ne, to ur\u010dit\u011b ne. My jsme to zva\u017eovali a zva\u017eovali jsme to dlouho, proto tak\u00e9 s t\u00edm p\u0159ich\u00e1z\u00edme mo\u017en\u00e1 i tro\u0161ku pozd\u011b, proto\u017ee se o tom mluvilo dost dlouhou dobu a nen\u00ed to v\u00fdsledek jednoho \u010dlov\u011bka nebo n\u011bjak\u00e9 snahy za ka\u017edou cenu na pana prezidenta Klause n\u011bco uvrhnout.<\/p>\n<p><strong>Daniela DRTINOV\u00c1, moder\u00e1torka:<\/strong><\/p>\n<p>Co \u0159\u00edk\u00e1 premi\u00e9r Petr Ne\u010das na dne\u0161n\u00ed rozhodnut\u00ed Sen\u00e1tu?<\/p>\n<p><strong>Petr NE\u010cAS, premi\u00e9r; p\u0159edseda strany \/ODS\/ (z\u00e1znam): <\/strong><\/p>\n<p>Je to v\u00fdraz docela oby\u010dejn\u00e9 lidsk\u00e9 pomstychtivosti, je to v\u011bc, kter\u00e1 po\u0161kozuje na\u0161i zemi. Kdyby to byl \u00fatok pouze na prezidenta republiky, ale je to \u00fatok na celou pov\u011bst na\u0161\u00ed zem\u011b v zahrani\u010d\u00ed a je motivov\u00e1n p\u0159edev\u0161\u00edm osobn\u00ed nesn\u00e1\u0161enlivost\u00ed.<\/p>\n<p><strong>Daniela DRTINOV\u00c1, moder\u00e1torka:<\/strong><\/p>\n<p>Pane Bublane, co \u0159\u00edk\u00e1te tomuto postoji premi\u00e9ra?<\/p>\n<p><strong>Franti\u0161ek BUBLAN, sen\u00e1tor \/\u010cSSD\/:<\/strong><\/p>\n<p>No, tyto v\u00fdrazy, \u017ee je to n\u011bjak\u00e1 osobn\u00ed nesn\u00e1\u0161enlivost, vn\u00edm\u00e1m velmi negativn\u011b, proto\u017ee nic takov\u00e9ho tam nen\u00ed, nic takov\u00e9ho tam nezazn\u011blo. Dneska to jedn\u00e1n\u00ed bylo velmi korektn\u00ed. To m\u016f\u017ee pan kolega Vystr\u010dil potvrdit, \u017ee jsme si tam \u0159ekli sv\u00e9 n\u00e1zory, ale nikdo nikoho nenapadal a nikdo nikoho neoso\u010doval z n\u011bjak\u00e9ho, z n\u011bjak\u00e9 \u0161patnosti. A \u017ee by n\u00e1s to m\u011blo n\u011bjak po\u0161kodit v zahrani\u010d\u00ed, to se nedomn\u00edv\u00e1m. Naopak si mysl\u00edm, \u017ee je to pro zahrani\u010d\u00ed dobr\u00fd sign\u00e1l, \u017ee tady u n\u00e1s funguje demokracie, \u017ee funguje Sen\u00e1t, kter\u00fd se ozval, proto\u017ee m\u00e1 ur\u010ditou pochybnost a m\u00e1 tu mo\u017enost a to pr\u00e1vo tento n\u00e1zor vyj\u00e1d\u0159it a nejsme tady n\u011bjak\u00e1 monarchie, kde rozhoduje jeden \u010dlov\u011bk a v\u0161ichni ostatn\u00ed poslouchaj\u00ed. Tak\u017ee ur\u010dit\u011b zahrani\u010d\u00ed to nebude vn\u00edmat n\u011bjak, n\u011bjak \u0161patn\u011b. A nehled\u011b na to, \u017ee pan prezident Klaus je v zahrani\u010d\u00ed zn\u00e1m sv\u00fdmi kontroverzn\u00edmi n\u00e1zory na Evropskou unii. A j\u00e1 mysl\u00edm, \u017ee to nebude, \u017ee to nebude slavn\u011bj\u0161\u00ed ne\u017e chilsk\u00e9 pero, ur\u010dit\u011b ne.<\/p>\n<p><strong>Daniela DRTINOV\u00c1, moder\u00e1torka:<\/strong><\/p>\n<p>Podle v\u00e1s to po\u0161kod\u00ed pov\u011bst \u010cesk\u00e9 republiky v zahrani\u010d\u00ed?<\/p>\n<p><strong>Milo\u0161 VYSTR\u010cIL, 1. m\u00edstop\u0159edseda sen\u00e1torsk\u00e9ho klubu ODS: <\/strong><\/p>\n<p>J\u00e1 si mysl\u00edm, \u017ee to po\u0161kod\u00ed pov\u011bst \u010cesk\u00e9 republiky v zahrani\u010d\u00ed. A mysl\u00edm si, \u017ee si to uv\u011bdomovali nap\u0159\u00edklad i p\u0159edseda Sen\u00e1tu Milan \u0160t\u011bch a p\u0159edseda sen\u00e1torsk\u00e9ho klubu \u010cSSD Petr V\u00edcha, kdy\u017e taky nehlasovali pro pod\u00e1n\u00ed t\u00e9 \u017ealoby. Tak\u017ee j\u00e1 si mysl\u00edm, \u017ee tady nen\u00ed o \u010dem diskutovat. Nebyl to dobr\u00fd krok, byl to nef\u00e9rov\u00fd krok. Je \u0161koda, \u017ee si nedok\u00e1\u017eeme ty v\u011bci \u0159\u00edkat tam, kde se maj\u00ed \u0159\u00edkat, pod\u00e1v\u00e1n\u00edm \u00fastavn\u00ed st\u00ed\u017enosti, p\u0159\u00edpadn\u011b komentov\u00e1n\u00edm jin\u00fdmi osobnostmi politick\u00fdmi. A \u017ee to d\u011bl\u00e1me tak, \u017ee pod\u00e1v\u00e1me \u00fastavn\u00ed \u017ealoby v okam\u017eiku, kdy se to nehod\u00ed. A po\u0161kozuje to \u010ceskou republiku.<\/p>\n<p><strong>Daniela DRTINOV\u00c1, moder\u00e1torka:<\/strong><\/p>\n<p>P\u00e1nov\u00e9, j\u00e1 v\u00e1m d\u011bkuji. D\u011bkuji v\u00e1m v\u0161em, na shledanou.<\/p>\n","protected":false},"excerpt":{"rendered":"<p>Daniela DRTINOV\u00c1, moder\u00e1torka: Po telefonu zdrav\u00edm \u0159editele politick\u00e9ho odboru prezidentsk\u00e9 kancel\u00e1\u0159e Ladislava Jakla, dobr\u00fd ve\u010der. Ladislav JAKL, \u0159editel politick\u00e9ho odboru prezidentsk\u00e9 kancel\u00e1\u0159e: J\u00e1 v\u00e1s tak\u00e9 zdrav\u00edm. Dobr\u00fd ve\u010der.<\/p>\n","protected":false},"author":1,"featured_media":0,"comment_status":"open","ping_status":"open","sticky":false,"template":"","format":"standard","meta":{"ngg_post_thumbnail":0,"footnotes":""},"categories":[13],"tags":[],"class_list":["post-3677","post","type-post","status-publish","format-standard","hentry","category-rozhovory"],"_links":{"self":[{"href":"https:\/\/www.ladislavjakl.cz\/index.php?rest_route=\/wp\/v2\/posts\/3677","targetHints":{"allow":["GET"]}}],"collection":[{"href":"https:\/\/www.ladislavjakl.cz\/index.php?rest_route=\/wp\/v2\/posts"}],"about":[{"href":"https:\/\/www.ladislavjakl.cz\/index.php?rest_route=\/wp\/v2\/types\/post"}],"author":[{"embeddable":true,"href":"https:\/\/www.ladislavjakl.cz\/index.php?rest_route=\/wp\/v2\/users\/1"}],"replies":[{"embeddable":true,"href":"https:\/\/www.ladislavjakl.cz\/index.php?rest_route=%2Fwp%2Fv2%2Fcomments&post=3677"}],"version-history":[{"count":2,"href":"https:\/\/www.ladislavjakl.cz\/index.php?rest_route=\/wp\/v2\/posts\/3677\/revisions"}],"predecessor-version":[{"id":3679,"href":"https:\/\/www.ladislavjakl.cz\/index.php?rest_route=\/wp\/v2\/posts\/3677\/revisions\/3679"}],"wp:attachment":[{"href":"https:\/\/www.ladislavjakl.cz\/index.php?rest_route=%2Fwp%2Fv2%2Fmedia&parent=3677"}],"wp:term":[{"taxonomy":"category","embeddable":true,"href":"https:\/\/www.ladislavjakl.cz\/index.php?rest_route=%2Fwp%2Fv2%2Fcategories&post=3677"},{"taxonomy":"post_tag","embeddable":true,"href":"https:\/\/www.ladislavjakl.cz\/index.php?rest_route=%2Fwp%2Fv2%2Ftags&post=3677"}],"curies":[{"name":"wp","href":"https:\/\/api.w.org\/{rel}","templated":true}]}}