{"id":3684,"date":"2013-03-07T10:41:18","date_gmt":"2013-03-07T09:41:18","guid":{"rendered":"http:\/\/www.ladislavjakl.cz\/?p=3684"},"modified":"2013-03-07T10:41:18","modified_gmt":"2013-03-07T09:41:18","slug":"jakl-by-mel-radost-objevil-se-napad-zdanit-cyklisty","status":"publish","type":"post","link":"https:\/\/www.ladislavjakl.cz\/?p=3684","title":{"rendered":"Jakl by m\u011bl radost: Objevil se n\u00e1pad zdanit cyklisty"},"content":{"rendered":"<p>Kdy\u017e tajemn\u00edk odstupuj\u00edc\u00edho prezidenta V\u00e1clava Klause Ladislav Jakl na konci minul\u00e9ho roku vyl\u00ed\u010dil na sv\u00e9m blogu cyklisty  ve smradlav\u00fdch dresech coby parazity po\u0161kozuj\u00edc\u00ed \u017eivotn\u00ed prost\u0159ed\u00ed,  pova\u017eovala to v\u011bt\u0161ina \u010dten\u00e1\u0159\u016f za nads\u00e1zku. Podobn\u011b sm\u00fd\u0161lej\u00edc\u00ed jedinci se  v\u0161ak najdou i ve Spojen\u00fdch st\u00e1tech americk\u00fdch. A ti to v\u00e1\u017en\u011b mysl\u00ed.  \u010clen z\u00e1konod\u00e1rn\u00e9ho sboru st\u00e1tu Washington, republik\u00e1n Ed Orcutt, chce  cyklistiku kv\u016fli po\u0161kozov\u00e1n\u00ed \u017eivotn\u00edho prost\u0159ed\u00ed zdanit. P\u00ed\u0161e o tom server Huffington Post.<\/p>\n<p><!--more-->Na rozd\u00edl od Jakla, kter\u00fd argumentoval t\u00edm, \u017ee cyklisti sn\u011bd\u00ed v\u00edce  j\u00eddla a zbyte\u010dn\u011b\u00a0um\u00edraj\u00ed nevinn\u00e1 zv\u00ed\u0159\u00e1tka, Orcutt si na cyklistiku chce  do\u0161l\u00e1pnout kv\u016fli produkci oxidu uhli\u010dit\u00e9ho. Podle z\u00e1konod\u00e1rce ho  cyklisti produkuj\u00ed v\u00edce ne\u017e \u0159idi\u010di automobil\u016f. Orcutt to napsal  v\u00a0e-mailu jednomu lok\u00e1ln\u00edmu cyklistick\u00e9mu klubu, kter\u00fd se dom\u00e1hal  vysv\u011btlen\u00ed, pro\u010d chce zdanit ekologicky p\u0159\u00ednosnou cyklistiku.<\/p>\n<p>\u201eVzhledem k tomu, \u017ee oxid uhli\u010dit\u00fd se pova\u017euje za sklen\u00edkov\u00fd plyn a  zne\u010di\u0161\u0165uj\u00edc\u00ed l\u00e1tku, cyklist\u00e9 p\u0159i j\u00edzd\u011b ovzdu\u0161\u00ed skute\u010dn\u011b zne\u010di\u0161\u0165uj\u00ed. Se  zv\u00fd\u0161enou srde\u010dn\u00ed \u010dinnost\u00ed a zrychlen\u00fdm d\u00fdch\u00e1n\u00edm rostou tak\u00e9 emise CO2,\u201c  odv\u011btil Orcutt. Navrhl p\u011btiprocentn\u00ed zdan\u011bn\u00ed formou jednor\u00e1zov\u00e9ho  poplatku p\u0159i zakoupen\u00ed kola. Pen\u00edze maj\u00ed j\u00edt na \u00fadr\u017ebu silnic, proto\u017ee  cyklist\u00e9 po nich podle Orcutta jezd\u00ed, ani\u017e by platili spot\u0159ebn\u00ed da\u0148  z\u00a0benz\u00ednu \u010di silni\u010dn\u00ed da\u0148.<\/p>\n<p>Pomi\u0148me, \u017ee \u2013 vzato do d\u016fsledk\u016f \u2013 cyklista m\u00edsto benz\u00ednu \u201ejezd\u00ed\u201c na  j\u00eddlo, ze kter\u00e9ho da\u0148 plat\u00ed. Pomi\u0148me i fakt, \u017ee Orcutt po\u010d\u00edtal jen s\u00a0CO2  vyprodukovan\u00fdm pl\u00edcemi cyklisty, kter\u00e9ho je mo\u017en\u00e1 v\u00edce ne\u017e u \u0159idi\u010de  vozu, jen\u017ee u\u017e nezapo\u010d\u00edtal provoz automobilu, nemluv\u011b o dal\u0161\u00edch  jedovat\u00fdch l\u00e1tk\u00e1ch vypou\u0161t\u011bn\u00fdch z\u00a0motoru, kv\u016fli kter\u00fdm se vyplat\u00ed  cyklistiku oproti automobilov\u00e9 doprav\u011b podporovat. Snad jemu\u00a0podobn\u00ed  dopravn\u00ed odborn\u00edci u n\u00e1s nep\u0159ijdou s\u00a0n\u011b\u010d\u00edm podobn\u00fdm.<\/p>\n<p>Edu Orcuttovi nicm\u00e9n\u011b budi\u017e ke cti, \u017ee se pozd\u011bji za necitliv\u00e9  vyj\u00e1d\u0159en\u00ed v\u016f\u010di cyklist\u016fm omluvil. Na mysli pr\u00fd m\u011bl to, \u017ee ani cyklistika  nen\u00ed druhem dopravy, kter\u00e1 by po sob\u011b nech\u00e1vala nulovou stopu CO2<\/p>\n<p><a href=\"http:\/\/www.ceskapozice.cz\/zahranici\/svetove-udalosti\/jakl-mel-radost-objevil-se-napad-zdanit-cyklisty\" target=\"_blank\">Zdroj<\/a><\/p>\n","protected":false},"excerpt":{"rendered":"<p>Kdy\u017e tajemn\u00edk odstupuj\u00edc\u00edho prezidenta V\u00e1clava Klause Ladislav Jakl na konci minul\u00e9ho roku vyl\u00ed\u010dil na sv\u00e9m blogu cyklisty ve smradlav\u00fdch dresech coby parazity po\u0161kozuj\u00edc\u00ed \u017eivotn\u00ed prost\u0159ed\u00ed, pova\u017eovala to v\u011bt\u0161ina \u010dten\u00e1\u0159\u016f za nads\u00e1zku. Podobn\u011b sm\u00fd\u0161lej\u00edc\u00ed jedinci se v\u0161ak najdou i ve Spojen\u00fdch st\u00e1tech americk\u00fdch. A ti to v\u00e1\u017en\u011b mysl\u00ed. \u010clen z\u00e1konod\u00e1rn\u00e9ho sboru st\u00e1tu Washington, republik\u00e1n Ed Orcutt, [&hellip;]<\/p>\n","protected":false},"author":1,"featured_media":0,"comment_status":"open","ping_status":"open","sticky":false,"template":"","format":"standard","meta":{"ngg_post_thumbnail":0,"footnotes":""},"categories":[11],"tags":[],"class_list":["post-3684","post","type-post","status-publish","format-standard","hentry","category-ozvena"],"_links":{"self":[{"href":"https:\/\/www.ladislavjakl.cz\/index.php?rest_route=\/wp\/v2\/posts\/3684","targetHints":{"allow":["GET"]}}],"collection":[{"href":"https:\/\/www.ladislavjakl.cz\/index.php?rest_route=\/wp\/v2\/posts"}],"about":[{"href":"https:\/\/www.ladislavjakl.cz\/index.php?rest_route=\/wp\/v2\/types\/post"}],"author":[{"embeddable":true,"href":"https:\/\/www.ladislavjakl.cz\/index.php?rest_route=\/wp\/v2\/users\/1"}],"replies":[{"embeddable":true,"href":"https:\/\/www.ladislavjakl.cz\/index.php?rest_route=%2Fwp%2Fv2%2Fcomments&post=3684"}],"version-history":[{"count":1,"href":"https:\/\/www.ladislavjakl.cz\/index.php?rest_route=\/wp\/v2\/posts\/3684\/revisions"}],"predecessor-version":[{"id":3685,"href":"https:\/\/www.ladislavjakl.cz\/index.php?rest_route=\/wp\/v2\/posts\/3684\/revisions\/3685"}],"wp:attachment":[{"href":"https:\/\/www.ladislavjakl.cz\/index.php?rest_route=%2Fwp%2Fv2%2Fmedia&parent=3684"}],"wp:term":[{"taxonomy":"category","embeddable":true,"href":"https:\/\/www.ladislavjakl.cz\/index.php?rest_route=%2Fwp%2Fv2%2Fcategories&post=3684"},{"taxonomy":"post_tag","embeddable":true,"href":"https:\/\/www.ladislavjakl.cz\/index.php?rest_route=%2Fwp%2Fv2%2Ftags&post=3684"}],"curies":[{"name":"wp","href":"https:\/\/api.w.org\/{rel}","templated":true}]}}