{"id":3686,"date":"2013-03-07T10:43:12","date_gmt":"2013-03-07T09:43:12","guid":{"rendered":"http:\/\/www.ladislavjakl.cz\/?p=3686"},"modified":"2013-03-07T10:43:26","modified_gmt":"2013-03-07T09:43:26","slug":"senat-schvalil-ustavni-zalobu-na-klause-pro-velezradu-hlavne-kvuli-amnestii","status":"publish","type":"post","link":"https:\/\/www.ladislavjakl.cz\/?p=3686","title":{"rendered":"Sen\u00e1t schv\u00e1lil \u00fastavn\u00ed \u017ealobu na Klause pro velezradu. Hlavn\u011b kv\u016fli amnestii."},"content":{"rendered":"<p>Sen\u00e1to\u0159i poslali k \u00dastavn\u00edmu soudu \u017ealobu na prezidenta  V\u00e1clava Klause pro velezradu. N\u00e1vrh schv\u00e1lili po \u010dty\u0159hodinov\u00e9 diskuzi  na neve\u0159ejn\u00e9 sch\u016fzi. D\u016fvodem je Klausova novoro\u010dn\u00ed amnestie a tak\u00e9  zdr\u017eov\u00e1n\u00ed podpis\u016f n\u011bkter\u00fdch mezin\u00e1rodn\u00edch smluv a jmenov\u00e1n\u00ed soudc\u016f.<\/p>\n<p><!--more-->Pro n\u00e1vrh hlasovalo 38 p\u0159\u00edtomn\u00fdch sen\u00e1tor\u016f, proti jich bylo 30. Celkem se tak na mimo\u0159\u00e1dn\u00e9 jedn\u00e1n\u00ed dostavilo 68 sen\u00e1tor\u016f z 81.<\/p>\n<p>\u201eNejde o hon na V\u00e1clava Klause. Jde o to, aby \u00dastavn\u00ed soud  specifikoval, co je velezrada a rozhran\u00ed prezidentsk\u00fdch pr\u00e1v a  povinnost\u00ed. Chceme sly\u0161et, kam a\u017e m\u016f\u017ee prezident zaj\u00edt v odm\u00edt\u00e1n\u00ed  doporu\u010den\u00ed parlamentu \u010di p\u0159\u00e1n\u00ed \u010desk\u00e9ho lidu,\u201c shrnul rozhodnut\u00ed Sen\u00e1tu  jeden z p\u0159edkladatel\u016f n\u00e1vrhu, p\u0159edseda sen\u00e1tn\u00edho \u00fastavn\u011b-pr\u00e1vn\u00edho v\u00fdboru  za \u010cSSD Miroslav Antl.<\/p>\n<p>Velezradou je podle z\u00e1kona o \u00dastavn\u00edm soudu \u201ejedn\u00e1n\u00ed prezidenta  republiky sm\u011b\u0159uj\u00edc\u00ed proti svrchovanosti a celistvosti republiky, jako\u017e i  proti jej\u00edmu demokratick\u00e9mu \u0159\u00e1du\u201c. Podle sen\u00e1tora za \u010cSSD Franti\u0161ka  Bublana se p\u011bt bod\u016f \u017ealoby zam\u011b\u0159uje na Klausovo provin\u011bn\u00ed proti  demokracii t\u00edm, \u017ee neplnil v\u016fli parlamentu nap\u0159\u00edklad v p\u0159\u00edpad\u011b  mezin\u00e1rodn\u00edch smluv.<\/p>\n<p>P\u0159edseda Sen\u00e1tu Milan \u0160t\u011bch p\u016fvodn\u011b navrhoval, aby se obsah  \u017ealoby pro velezradu zm\u011bnil v usnesen\u00ed horn\u00ed komory, \u017ee Klaus opakovan\u011b  poru\u0161il \u00fastavu. Usnesen\u00edm by se pak \u00dastavn\u00ed soud zab\u00fdvat nemusel. O tom  ale nakonec sen\u00e1to\u0159i nehlasovali a pro\u0161el p\u016fvodn\u00ed n\u00e1vrh.<\/p>\n<p>Proti tomu hlasovali p\u0159edev\u0161\u00edm sen\u00e1to\u0159i z ODS. Podle nich si horn\u00ed  komora u\u0159\u00edzla mezin\u00e1rodn\u00ed ostudu, proto\u017ee \u010cesko te\u010f bude vn\u00edm\u00e1no jako  zem\u011b, kter\u00e1 \u017ealuje sv\u00e9ho prezidenta. Jde toti\u017e o prvn\u00ed \u017ealobu na hlavu  st\u00e1tu v historii \u010cesk\u00e9 republiky.<\/p>\n<p>\u0160\u00e9f sen\u00e1tn\u00edho klubu ODS Jaroslav Kubera parafr\u00e1zoval v\u00fdrok p\u0159edsedy  Sen\u00e1tu Milana \u0160t\u011bcha, \u017ee Sen\u00e1t dnes vypustil d\u017eina z l\u00e1hve a jak to  dopadne, to teprve uvid\u00edme. Pr\u00fd nepom\u016f\u017ee ani to, \u017ee Ji\u0159\u00ed Dienstbier za  \u010cSSD a navrhovatele \u017ealoby m\u00edrn\u00ed slovo velezrada na \u201ajemn\u00fd p\u0159estupek&#8216;.  Dienstbier \u0159ekl, \u017ee Sen\u00e1t m\u00e1 funkci \u00fastavn\u00ed pojistky a \u017ee ji dnes  splnil.<\/p>\n<p>Hrad na \u017ealobu zat\u00edm nereagoval. \u0158editel politick\u00e9ho odboru  Kancel\u00e1\u0159e prezidenta republiky Ladislav Jakl si v\u0161ak mysl\u00ed, \u017ee  rozhodnut\u00edm Sen\u00e1tu za\u010dala nov\u00e1 doba, kdy jin\u00fd politick\u00fd postoj u\u017e nebude  jen kritizovan\u00fd, ale soudn\u011b postihovan\u00fd.<\/p>\n<p>\u017dalobu na Klause p\u0159edaj\u00ed z\u00e1stupci Sen\u00e1tu \u00dastavn\u00edmu soudu v \u00fater\u00fd  dopoledne. Ten ji bude \u0159e\u0161it prioritn\u011b &#8211; dostane p\u0159ednost p\u0159ed ostatn\u00edmi  kauzami. Rozhodnut\u00ed by mohlo padnout nejd\u0159\u00edv koncem b\u0159ezna, sp\u00ed\u0161e ale  pozd\u011bji.<\/p>\n<p>Pod\u00e1n\u00ed \u017ealoby na Klause v\u0161ak na konec jeho funk\u010dn\u00edho obdob\u00ed m\u00edt vliv  nebude. Klaus toti\u017e tento p\u00e1tek dopoledne jako prezident kon\u010d\u00ed a za  n\u011bkolik dn\u00ed \u00dastavn\u00ed soud \u017ealobu projednat nestihne.<\/p>\n<p>\u201eJedin\u00e1 sankce, kter\u00e1 hroz\u00ed podle \u00fastavy, spo\u010d\u00edv\u00e1 ve ztr\u00e1t\u011b  prezidentsk\u00e9ho \u00fa\u0159adu &#8211; to u\u017e by tady nep\u0159ipadalo v \u00favahu &#8211; a ztr\u00e1t\u011b  zp\u016fsobilosti znovu prezidentsk\u00fd \u00fa\u0159ad nab\u00fdt,\u201c popsal odborn\u00edk na \u00fastavn\u00ed  pr\u00e1vo Jan Wintr, co by odsouzen\u00ed za velezradu pro Klause znamenalo.<\/p>\n<p><strong>Politici krok sen\u00e1tu odsuzuj\u00ed<\/strong><\/p>\n<p>Premi\u00e9r Petr Ne\u010das okomentoval krok Sen\u00e1tu jako \u201ev\u00fdraz oby\u010dejn\u00e9  lidsk\u00e9 pomstychtivosti&#8220;. Podle l\u00eddra ODS je to v\u011bc, kter\u00e1 po\u0161kozuje  pov\u011bst cel\u00e9 zem\u011b.<\/p>\n<p>Ministr zahrani\u010d\u00ed Karel Schwarzenberg nepova\u017euje \u017ealobu na  V\u00e1clava Klause za rozumn\u00fd krok. Podle \u0161\u00e9fa TOP 09  mohla b\u00fdt lednov\u00e1  amnestie nerozumn\u00e1, ale nen\u00ed d\u016fvodem k \u017ealob\u011b za velezradu.<\/p>\n<p>P\u0159edsedkyn\u011b strany LIDEM Karol\u00edna Peake zase pokl\u00e1d\u00e1 rozhodnut\u00ed  opozi\u010dn\u00edho Sen\u00e1tu za \u201ep\u0159ihloupl\u00e9 gesto, kter\u00e9 jen zesm\u011b\u0161\u0148uje \u010ceskou  republiku&#8220;.<\/p>\n<p><a href=\"http:\/\/www.rozhlas.cz\/zpravy\/politika\/_zprava\/senat-schvalil-ustavni-zalobu-na-klause-pro-velezradu-hlavne-kvuli-amnestii--1183153\" target=\"_blank\">Zdroj<\/a><\/p>\n","protected":false},"excerpt":{"rendered":"<p>Sen\u00e1to\u0159i poslali k \u00dastavn\u00edmu soudu \u017ealobu na prezidenta V\u00e1clava Klause pro velezradu. N\u00e1vrh schv\u00e1lili po \u010dty\u0159hodinov\u00e9 diskuzi na neve\u0159ejn\u00e9 sch\u016fzi. D\u016fvodem je Klausova novoro\u010dn\u00ed amnestie a tak\u00e9 zdr\u017eov\u00e1n\u00ed podpis\u016f n\u011bkter\u00fdch mezin\u00e1rodn\u00edch smluv a jmenov\u00e1n\u00ed soudc\u016f.<\/p>\n","protected":false},"author":1,"featured_media":0,"comment_status":"open","ping_status":"open","sticky":false,"template":"","format":"standard","meta":{"ngg_post_thumbnail":0,"footnotes":""},"categories":[11],"tags":[],"class_list":["post-3686","post","type-post","status-publish","format-standard","hentry","category-ozvena"],"_links":{"self":[{"href":"https:\/\/www.ladislavjakl.cz\/index.php?rest_route=\/wp\/v2\/posts\/3686","targetHints":{"allow":["GET"]}}],"collection":[{"href":"https:\/\/www.ladislavjakl.cz\/index.php?rest_route=\/wp\/v2\/posts"}],"about":[{"href":"https:\/\/www.ladislavjakl.cz\/index.php?rest_route=\/wp\/v2\/types\/post"}],"author":[{"embeddable":true,"href":"https:\/\/www.ladislavjakl.cz\/index.php?rest_route=\/wp\/v2\/users\/1"}],"replies":[{"embeddable":true,"href":"https:\/\/www.ladislavjakl.cz\/index.php?rest_route=%2Fwp%2Fv2%2Fcomments&post=3686"}],"version-history":[{"count":2,"href":"https:\/\/www.ladislavjakl.cz\/index.php?rest_route=\/wp\/v2\/posts\/3686\/revisions"}],"predecessor-version":[{"id":3688,"href":"https:\/\/www.ladislavjakl.cz\/index.php?rest_route=\/wp\/v2\/posts\/3686\/revisions\/3688"}],"wp:attachment":[{"href":"https:\/\/www.ladislavjakl.cz\/index.php?rest_route=%2Fwp%2Fv2%2Fmedia&parent=3686"}],"wp:term":[{"taxonomy":"category","embeddable":true,"href":"https:\/\/www.ladislavjakl.cz\/index.php?rest_route=%2Fwp%2Fv2%2Fcategories&post=3686"},{"taxonomy":"post_tag","embeddable":true,"href":"https:\/\/www.ladislavjakl.cz\/index.php?rest_route=%2Fwp%2Fv2%2Ftags&post=3686"}],"curies":[{"name":"wp","href":"https:\/\/api.w.org\/{rel}","templated":true}]}}