{"id":3699,"date":"2013-03-15T13:19:12","date_gmt":"2013-03-15T12:19:12","guid":{"rendered":"http:\/\/www.ladislavjakl.cz\/?p=3699"},"modified":"2013-03-15T13:19:31","modified_gmt":"2013-03-15T12:19:31","slug":"impuls-pro-jakla","status":"publish","type":"post","link":"https:\/\/www.ladislavjakl.cz\/?p=3699","title":{"rendered":"Impuls pro Jakla"},"content":{"rendered":"<p><em>(video uvnit\u0159 \u010dl\u00e1nku)<\/em><\/p>\n<p><strong>Tajemn\u00edk odch\u00e1zej\u00edc\u00edho prezidenta republiky V\u00e1clava  Klause, Ladislav Jakl mluvil v rozhovoru pro R\u00e1dio Impuls o deseti  letech na Pra\u017esk\u00e9m hrad\u011b. <\/strong><\/p>\n<p><strong><!--more-->Moder\u00e1tor (V\u00e1clav Moravec):<br \/>\nNecel\u00fdch \u0161est hodin zb\u00fdv\u00e1 do chv\u00edle, kdy V\u00e1clavu Klausovi vypr\u0161\u00ed druh\u00fd  prezidentsk\u00fd mand\u00e1t. V\u00a0p\u00e1tek se uj\u00edm\u00e1 \u00fa\u0159adu historicky prvn\u00ed p\u0159\u00edmo  zvolen\u00fd prezident Milo\u0161 Zeman. Jak n\u011bkolik n\u00e1mi n\u00e1hodn\u011b osloven\u00fdch  Pra\u017ean\u016f hodnot\u00ed prezidentskou \u00e9ru V\u00e1clava Klause:<\/strong><\/p>\n<p>Anketa:<br \/>\nV\u00a0prvn\u00edch p\u011bti letech to bylo pom\u011brn\u011b v\u00a0po\u0159\u00e1dku z\u00a0m\u00e9ho pohledu a  v\u00a0dal\u0161\u00edch p\u011bti letech byl ur\u010dit\u011b hor\u0161\u00ed, za\u010dal b\u00fdt mnohem v\u00edc  aktivistick\u00fd a za\u010dal do v\u011bc\u00ed zasahovat.<\/p>\n<p>\u0158\u00edk\u00e1m asi to, \u017ee v\u00a0nejlep\u0161\u00edm by se m\u011blo odej\u00edt. A mysl\u00edm si, \u017ee za deset let u\u017e toho tady bylo dost.<\/p>\n<p>To je docela sporn\u00e9. No n\u011bco tam tro\u0161ku pomotal, hlavn\u011b te\u010f ke konci,  ale jinak jsem byl docela spokojen. Byl to, mysl\u00edm, \u010dlov\u011bk na spr\u00e1vn\u00e9m  m\u00edst\u011b.<\/p>\n<p>\u0160patn\u011b, hlavn\u011b v\u00a0posledn\u00edm roce. Ud\u011blal chybu s\u00a0amnesti\u00ed, hodn\u011b lid\u00ed si t\u00edm znep\u0159\u00e1telil, moc se nep\u0159edvedl ani s\u00a0t\u00edm perem.<\/p>\n<p>J\u00e1 V\u00e1clava Klause jako osobu moc teda nemus\u00edm a je\u0161t\u011b jak ukon\u010dil tou  amnestii, tak to si mysl\u00edm, \u017ee byl velk\u00fd boom \u0161patn\u00fd teda, proto\u017ee on  byl v\u017edycky proti amnestii. Nech\u00e1pu, pro\u010d to ud\u011blal.<\/p>\n<p><strong>Moder\u00e1tor (V\u00e1clav Moravec):<br \/>\nNejen o prezidentsk\u00e9 \u00e9\u0159e V\u00e1clava Klause bude \u0159e\u010d v\u00a0n\u00e1sleduj\u00edc\u00edch  minut\u00e1ch. Hostem dne\u0161n\u00edch Impuls\u016f je tajemn\u00edk prezidenta republiky  V\u00e1clava Klause, Ladislav Jakl. D\u011bkuji, \u017ee jste p\u0159ijal m\u00e9 pozv\u00e1n\u00ed  v\u00a0Impulsech, dobr\u00fd ve\u010der.<\/strong><\/p>\n<p>Host (Ladislav Jakl):<br \/>\nDobr\u00fd ve\u010der, d\u011bkuji p\u011bkn\u011b.<\/p>\n<p><strong>Moder\u00e1tor (V\u00e1clav Moravec):<br \/>\nZa\u010dnu cit\u00e1tem va\u0161ich slov z\u00a0t\u00fdden\u00edku Reflex, kter\u00e1 jste pronesl loni 30. \u0159\u00edjna, kdy\u017e jste s\u00e1m kandidoval na prezidentsk\u00fd post.<\/strong><\/p>\n<p>Host (Ladislav Jakl):<br \/>\nJe\u0161t\u011b asi t\u00fdden, ano.<\/p>\n<p><strong>Moder\u00e1tor (V\u00e1clav Moravec):<br \/>\nPivovar budu m\u00edt v\u00a0ka\u017ed\u00e9m p\u0159\u00edpad\u011b. Jen je ot\u00e1zkou, na jak velk\u00fd \u00favazek.  Konec cit\u00e1tu. Kdy\u017e dnes opou\u0161t\u00edte Pra\u017esk\u00fd hrad jako zam\u011bstnanec  Kancel\u00e1\u0159e prezidenta republiky, budete m\u00edt pivovar na jak velk\u00fd \u00favazek?<\/strong><\/p>\n<p>Host (Ladislav Jakl):<br \/>\nTo s\u00e1m je\u0161t\u011b p\u0159esn\u011b nev\u00edm. V\u00a0ka\u017ed\u00e9m p\u0159\u00edpad\u011b pivu se v\u011bnuji u\u017e dlouh\u00e1  l\u00e9ta na t\u00e9m\u011b\u0159, bych \u0159ekl, profesn\u00ed nebo skoro i odborn\u00e9 \u00farovni, to  nechci mluvit n\u011bjak velkohub\u011b. M\u00e1m docela seriozn\u00ed profesion\u00e1ln\u00ed  degusta\u010dn\u00ed skupinu a jezd\u00edm po sv\u011bt\u011b po festivalech, pivovarech, zab\u00fdv\u00e1m  se touto problematikou hodn\u011b. A samoz\u0159ejm\u011b kdy\u017e \u010dlov\u011bk se t\u00edm n\u011bjak  zab\u00fdv\u00e1 v\u00edc, tak dojde jednou k\u00a0pocitu, \u017ee by si m\u011bl taky za\u010d\u00edt s\u00e1m  va\u0159it. Tak\u017ee j\u00e1 k\u00a0tomu ur\u010dit\u011b taky n\u011bjak se dostanu.<\/p>\n<p><strong>Moder\u00e1tor (V\u00e1clav Moravec):<br \/>\nVelikost toho \u00favazku zat\u00edm tedy nem\u00e1te v\u00a0hlav\u011b?<\/strong><\/p>\n<p>Host (Ladislav Jakl):<br \/>\nHlavn\u011b nepo\u010d\u00edt\u00e1m s\u00a0t\u00edm, \u017ee bych si zrovna t\u00edmto vyd\u011bl\u00e1val. To si  mysl\u00edm, \u017ee sp\u00ed\u0161 budu d\u011blat jin\u00e9 aktivity. M\u011b by sta\u010dilo, kdybych na  t\u00e9hle v\u011bci moc neprod\u011bl\u00e1val. Ale ur\u010dit\u011b do n\u011bjak\u00e9ho podnik\u00e1n\u00ed tohoto  typu nesko\u010d\u00edm po hlav\u011b, proto\u017ee to bych si mohl nab\u00edt hubu. J\u00e1 chci  ur\u010dit\u011b d\u011blat v\u011bci zaj\u00edmav\u00e9, velmi v\u00fdst\u0159edn\u00ed, velmi extr\u00e9mn\u00ed typy piv a u  nich \u010dlov\u011bk nikdy dop\u0159edu nev\u00ed, jestli je n\u011bkdo bude p\u00edt, jestli se  ujmou, jestli lidi p\u0159ekousnou n\u011bjak\u00fd sv\u016fj stereotyp a zvyk. Tak\u017ee j\u00e1 si  ur\u010dit\u011b nejd\u0159\u00edv n\u011bkter\u00e9 v\u011bci vyzkou\u0161\u00edm nane\u010disto. Vlastn\u011b mus\u00edm je stejn\u011b  vyzkou\u0161et na lidech, ale i kdy\u017e se pokusy na lidech d\u011blat nemaj\u00ed. Ale  budu si to muset n\u011bjak vyzkou\u0161et, ne\u017e do toho p\u016fjdu v\u00e1\u017en\u011bji.<\/p>\n<p><strong>Moder\u00e1tor (V\u00e1clav Moravec):<br \/>\nVy jste v\u00a0tom toti\u017e citovan\u00e9m rozhovoru pro t\u00fdden\u00edk Reflex p\u0159ed necel\u00fdm  p\u016flrokem mluvil o mikropivovaru, kter\u00fd je ekonomicky sob\u011bsta\u010dn\u00fd. Jak se  zakl\u00e1d\u00e1 takov\u00fd mikropivovar?<\/strong><\/p>\n<p>Host (Ladislav Jakl):<br \/>\nTak zakl\u00e1d\u00e1n\u00edm mikropivovar\u016f se u n\u00e1s \u017eiv\u00ed n\u011bkolik spole\u010dnost\u00ed. J\u00e1 zn\u00e1m  nejv\u011bt\u0161\u00ed specialisty v\u00a0tomto oboru velmi dob\u0159e a velmi osobn\u011b.  V\u00a0podstat\u011b mikropivovar nepot\u0159ebuje dneska moc m\u00edsta. Jestli chcete m\u00edt  dva nebo t\u0159i tis\u00edce hektolitr\u016f ro\u010dn\u011b v\u00fdstav, co\u017e mo\u017en\u00e1 by tak u\u017eivilo  sl\u00e1dka na polovi\u010dn\u00ed \u00favazek, mo\u017en\u00e1 i na celkov\u00fd, kdyby to bylo za slu\u0161nou  cenu\u2026<\/p>\n<p><strong>Moder\u00e1tor (V\u00e1clav Moravec):<br \/>\nAle t\u00edm byste nebyl vy?<\/strong><\/p>\n<p>Host (Ladislav Jakl):<br \/>\nNe, ne, to asi bych d\u011blat nemohl. J\u00e1 bych ur\u010dit\u011b d\u00e1val dohromady  receptury a o cel\u00e9 bych se n\u011bjak staral i marketingov\u011b. Jednu v\u011bc  dop\u0159edu \u0159\u00edk\u00e1m, s\u00a0jednou v\u011bc\u00ed nechci m\u00edt spole\u010dn\u00e9ho nic nikdy, nechci m\u00edt  hospodu. Proto\u017ee p\u0159\u00edli\u0161 o tomto podnik\u00e1n\u00ed v\u00edm, \u017ee bych si n\u011bco takov\u00e9ho  uv\u00e1zal na krk, tak\u017ee j\u00e1 chci m\u00edt pouze produk\u010dn\u00ed pivovar a dod\u00e1vat do  specializovan\u00fdch hospod svoje pivo.<\/p>\n<p><strong>Moder\u00e1tor (V\u00e1clav Moravec):<br \/>\nS\u00a0t\u00edm, \u017ee vy byste byl vlastn\u00edkem toho mikropivovaru? Jak velk\u00e9 to jsou investi\u010dn\u00ed n\u00e1klady?<\/strong><\/p>\n<p>Host (Ladislav Jakl):<br \/>\nNo v\u00edte, to je jako se v\u0161\u00edm. M\u016f\u017eete to pojmout velmi skromn\u011b, st\u0159edn\u011b,  v\u00edce, od \u00farovn\u011b statis\u00edc\u016f a\u017e po miliony a v\u00edc. J\u00e1 rozhodn\u011b tuhle v\u011bci  beru jako z\u00e1bavu. J\u00e1 bych se t\u00edm cht\u011bl bavit, necht\u011bl bych na tom  prod\u011bl\u00e1vat, ale \u017e\u00e1dnou d\u00edru do sv\u011bta s\u00a0t\u00edm d\u011blat nechci. Up\u0159\u00edmn\u011b \u0159e\u010deno,  m\u00e1m k\u00a0tomu podobn\u00fd vztah jako k\u00a0muzice, taky si neum\u00edm p\u0159edstavit, \u017ee  bych se se svoj\u00ed muzikou s\u00a0kapelou \u017eivil. To bych musel opravdu d\u011blat  \u00fapln\u011b jin\u00fd typ hudby. A s\u00a0t\u00edm pivem je to stejn\u00e9, asi bych musel d\u011blat  \u00fapln\u011b jin\u00fd typ piva, abych si cht\u011bl vyd\u011bl\u00e1vat, ne\u017e jak\u00e9 by mi samotn\u00e9mu  jako konzumentovi d\u011blalo radost.<\/p>\n<p><strong>Moder\u00e1tor (V\u00e1clav Moravec):<br \/>\nZmi\u0148oval jsem v\u00a0\u00favodu, \u017ee za necel\u00fdch \u0161est hodin vypr\u0161\u00ed prezidentsk\u00fd  mand\u00e1t prezidentu V\u00e1clavu Klausovi, jeho druh\u00fd mand\u00e1t. Jak je to s\u00a0v\u00e1mi?  Vy jste dal v\u00fdpov\u011b\u010f a kon\u010d\u00edte s\u00a0V\u00e1clavem Klausem nebo jste byl odvol\u00e1n?<\/strong><\/p>\n<p>Host (Ladislav Jakl):<br \/>\nJ\u00e1 jsem byl odvol\u00e1n, ano, k\u00a0dne\u0161n\u00edmu dni. Ten odvolac\u00ed dekret jsem  dostal u\u017e p\u0159edev\u010d\u00edrem do ruky, tak\u017ee dne\u0161n\u00ed p\u016flnoc\u00ed s\u00a0odchodem V\u00e1clava  Klause z\u00a0postu prezidenta j\u00e1 p\u0159est\u00e1v\u00e1m b\u00fdt tajemn\u00edkem prezidenta  republiky i \u0159editelem politick\u00e9ho odboru.<\/p>\n<p><strong>Moder\u00e1tor (V\u00e1clav Moravec):<br \/>\nCo budete d\u011blat?<\/strong><\/p>\n<p>Host (Ladislav Jakl):<br \/>\nNo tak zaprv\u00e9 ur\u010dit\u011b budu m\u00edt n\u011bjakou pr\u00e1ci, kter\u00e1 souvis\u00ed se  zakl\u00e1d\u00e1n\u00edm Institutu V\u00e1clava Klause. C\u00edt\u00edm i skoro jako svoji povinnost  mor\u00e1ln\u00ed s\u00a0rozjezdem toho institutu pomoci, n\u011bjak se v\u00a0tom anga\u017eovat. M\u00e1m  i ur\u010dit\u00e9 sv\u00e9 p\u0159edstavy, co bych pro tuto instituci mohl d\u011blat. S\u00e1m ale  nev\u00edm, jak velk\u00fd prostor v\u00a0m\u00e9m \u017eivot\u011b to v\u00a0budoucnu zaujme. V\u00a0ka\u017ed\u00e9m  p\u0159\u00edpad\u011b plat\u00ed, \u017ee v\u00a0t\u011bch dal\u0161\u00edch sv\u00fdch \u017eivotech chci d\u011blat i jin\u00e9 v\u011bci.<\/p>\n<p><strong>Moder\u00e1tor (V\u00e1clav Moravec):<br \/>\nD\u00e1 se tedy \u0159\u00edci, \u017ee jste\u2026<\/strong><\/p>\n<p>Host (Ladislav Jakl):<br \/>\nProto\u017ee douf\u00e1m, \u017ee dne\u0161ek je jedn\u00edm z\u00a0posledn\u00edch, kdy mus\u00edm m\u00edt na sob\u011b  kravatu jako b\u011b\u017en\u00e9 mont\u00e9rky a tohoto bych se cht\u011bl docela u\u017e zbavit, za  ta l\u00e9ta u\u017e toho bylo docela dost. A nen\u00ed to v\u011bc, pro kterou j\u00e1 jsem se  kdysi n\u011bjak pl\u00e1novit\u011b rozhodl, pro takovouto kari\u00e9ru. Byla to shoda  mnoha okolnost\u00ed, s\u00e1m jsem si sebe tak neum\u011bl p\u0159edstavit, co\u017e neznamen\u00e1,  \u017ee bych to d\u011blal s\u00a0n\u011bjakou nechut\u00ed nebo odporem. Ale \u0159\u00edk\u00e1m, pro ka\u017edou  \u017eivotn\u00ed etapu asi slu\u0161\u00ed se m\u00edt n\u011bjakou roli a j\u00e1 opravdu chci zkusit \u017e\u00edt  trochu jinak.<\/p>\n<p><strong>Moder\u00e1tor (V\u00e1clav Moravec):<br \/>\nD\u00e1 se tedy \u0159\u00edci, \u017ee 8. b\u0159ezna, tedy z\u00edtra, bych v\u00e1s m\u011bl oslovovat d\u00e1l  jako tajemn\u00edka V\u00e1clava Klause, proto\u017ee automaticky vstupujete jako  tajemn\u00edk do Institutu V\u00e1clava Klause?<\/strong><\/p>\n<p>Host (Ladislav Jakl):<br \/>\nNe, j\u00e1 tam, mysl\u00edm, \u017ee nic, co by se dalo naz\u00fdvat tajemn\u00edkem, nic  takov\u00e9ho tam nebude. Ten institut bude velmi skromn\u00fd. Ale bude m\u00edt asi  n\u011bkolik specializovan\u00fdch sekc\u00ed a j\u00e1 bych m\u011bl m\u00edt na starosti sekci  spole\u010densk\u00fdch v\u011bd, abych tak \u0159ekl, prost\u011b v\u011bci souvisej\u00edc\u00ed s\u00a0politikou,  \u010dili ne nap\u0159\u00edklad, ur\u010dit\u011b ne v\u011bci souvisej\u00edc\u00ed s\u00a0ekonomi\u00ed nebo zahrani\u010dn\u00ed  politikou nebo s\u00a0jin\u00fdmi v\u011bdami, ale sp\u00ed\u0161 s\u00a0pohyby, kter\u00e9 se d\u011bj\u00ed ve  spole\u010dnosti. A n\u011bco o tom studovat, b\u00e1dat, vyd\u00e1vat, ps\u00e1t, organizovat,  tak asi n\u011bco takov\u00e9ho. Jak se ta moje role bude jmenovat, to p\u0159esn\u011b  nev\u00edm, ale tajemn\u00edk, to bych skoro rad\u0161i kdyby ne. Proto\u017ee j\u00e1 m\u00e1m pocit,  \u017ee zm\u011bna si zasluhuje zm\u011bnu po\u0159\u00e1dnou, i ve jm\u00e9nu.<\/p>\n<p><strong>Moder\u00e1tor (V\u00e1clav Moravec):<br \/>\nKon\u010d\u00edc\u00ed prezident V\u00e1clav Klaus v\u00a0\u00fater\u00fd prozradil, \u017ee se z\u00a0Pra\u017esk\u00e9ho  hradu st\u011bhuje postupn\u011b a tak\u00e9 z\u00a0domu v\u00a0are\u00e1lu Hradu, kde bydlel,  putovaly v\u011bci do vily v\u00a0pra\u017esk\u00fdch Kobylis\u00edch a do nov\u00e9ho institutu na  Hanspaulce. V\u00e1clav Klaus ke st\u011bhov\u00e1n\u00ed v\u00a0\u00fater\u00fd je\u0161t\u011b poznamenal:<\/strong><\/p>\n<p>Z\u00e1znam V\u00e1clava Klause:<br \/>\nJ\u00e1 nejsem ten \u010dlov\u011bk, kter\u00fd by pozval st\u011bhov\u00e1ky a za dv\u011b hodiny  vy\u010distil byt do nuly. J\u00e1 jsem sp\u00ed\u0161 takov\u00fd, kter\u00fd si v\u017edycky sbal\u00ed dva  kufry, dv\u011b ta\u0161ky a str\u010d\u00ed to do auta a postupn\u011b to odv\u00e1\u017e\u00ed.<\/p>\n<p><strong>Moder\u00e1tor (V\u00e1clav Moravec):<br \/>\nProzradil v\u00a0\u00fater\u00fd ke sv\u00e9mu st\u011bhov\u00e1n\u00ed z\u00a0Pra\u017esk\u00e9ho hradu dosluhuj\u00edc\u00ed  prezident V\u00e1clav Klaus. Tajemn\u00edk prezidenta V\u00e1clava Klause Ladislav  Jakl, host dne\u0161n\u00edch Impuls\u016f, komu vlastn\u011b p\u0159edal agendu, kdy\u017e dodnes  nezn\u00e1me nejbli\u017e\u0161\u00ed okruh spolupracovn\u00edk\u016f zvolen\u00e9ho prezidenta Milo\u0161e  Zemana, kter\u00fd se ujme\u2026<\/strong><\/p>\n<p>Host (Ladislav Jakl):<br \/>\nTak n\u011bjak\u00e9 kontakty na t\u00e9 \u00fa\u0159edn\u00ed \u00farovni tam u\u017e n\u011bkolik dn\u016f prob\u00edhaj\u00ed.  Pan kancl\u00e9\u0159 je v\u00a0kontaktu se Zemanov\u00fdmi lidmi. \u0158editel sekretari\u00e1tu pana  prezidenta tak\u00e9 je v\u00a0n\u011bjak\u00e9m kontaktu. \u010cili takov\u00e1 ta b\u011b\u017en\u00e1 agenda, ta  se nepochybn\u011b n\u011bjak\u00fdm zp\u016fsobem p\u0159ed\u00e1vat bude.<\/p>\n<p><strong>Moder\u00e1tor (V\u00e1clav Moravec):<br \/>\nAle vy jste Jaroslavu Hlinovsk\u00e9mu, kter\u00fd je ozna\u010dov\u00e1n za tajemn\u00edka Milo\u0161e Zemana, tak jste mu agendu nep\u0159edal?<\/strong><\/p>\n<p>Host (Ladislav Jakl):<br \/>\nNe, j\u00e1 jsem se dokonce s\u00a0n\u00edm ani nevid\u011bl n\u011bjak, m\u011b o to nepo\u017e\u00e1dal,  neoslovil a je to dost mo\u017en\u00e1 i proto, \u017ee nov\u00fd prezident Milo\u0161 Zeman ani  jeho lid\u00e9 mo\u017en\u00e1 nemaj\u00ed \u00fapln\u011b je\u0161t\u011b p\u0159edstavu, co se vlastn\u011b na Hrad\u011b  d\u011bl\u00e1, v\u00a0jak\u00e9 struktu\u0159e a kdo tam co m\u00e1 na starosti. Mo\u017en\u00e1 si n\u011bkdo  mysl\u00ed, \u017ee j\u00e1 jako tajemn\u00edk prezidenta m\u00e1m na starost p\u00e9\u010di o jeho de\u0161tn\u00edk  a kuf\u0159\u00edk a j\u00e1 nev\u00edm n\u011bco podobn\u00e9ho, a klobouk, a \u017ee jsem n\u011bco jako  osobn\u00ed d\u016fv\u011brn\u00edk nebo n\u011bco podobn\u00e9ho. To tak nen\u00ed. J\u00e1 m\u00e1m na starosti  politick\u00fd odbor, kter\u00fd m\u00e1 svoji norm\u00e1ln\u00ed b\u011b\u017enou denn\u00ed \u00fa\u0159ednickou agendu.<\/p>\n<p><strong>Moder\u00e1tor (V\u00e1clav Moravec):<br \/>\nPod n\u011bj spadaj\u00ed i milosti a\u2026<\/strong><\/p>\n<p>Host (Ladislav Jakl):<br \/>\nMilosti ne, ale nap\u0159\u00edklad pom\u011brn\u011b pro m\u011b sice m\u00e1lo v\u00a0m\u00e9di\u00edch zmi\u0148ovan\u00e9,  ale podle m\u011b d\u016fle\u017eit\u00e9 odd\u011blen\u00ed styku s\u00a0ve\u0159ejnost\u00ed. Co\u017e je n\u011bco jako  velik\u00e1 pr\u00e1vn\u00ed poradna. Proto\u017ee je v\u00a0tradici \u010desk\u00e9 u\u017e po minim\u00e1ln\u011b mnoho  desetilet\u00ed, ale kdov\u00ed, jestli ne d\u00e9le, \u017ee lid\u00e9 p\u00ed\u0161ou na Hrad. P\u00ed\u0161ou,  kdy\u017e maj\u00ed tr\u00e1pen\u00ed, probl\u00e9m, konflikt s\u00a0\u00fa\u0159adem, konflikt mezi sebou a  jsou zvykl\u00ed \u017e\u00e1dat o pomoc, radu. Tak na to m\u00e1me takov\u00e9 odd\u011blen\u00ed, kde  pracuj\u00ed zku\u0161en\u00e9 pr\u00e1vni\u010dky a toto odd\u011blen\u00ed spad\u00e1 pode m\u011b. Tam po mn\u011b  bohu\u017eel zbude i dost nevy\u0159\u00edzen\u00fdch spis\u016f, kter\u00e9 jsem prost\u011b nestihl  ud\u011blat, mimo jin\u00e9 i v\u00a0souvislosti se zavalen\u00edm \u017e\u00e1dost\u00ed souvisej\u00edc\u00edch  nap\u0159\u00edklad s\u00a0amnesti\u00ed a podobn\u011b. Tak\u017ee t\u011bchto v\u011bc\u00ed jsem sice d\u011blal mnohem  v\u00edc ne\u017e b\u011b\u017en\u011b, ale \u00fapln\u011b v\u0161echny jsem nestihl. Co se t\u00fd\u010de ostatn\u00ed  agendy, kter\u00e1 souvis\u00ed se z\u00e1kony a s\u00a0agendou poradc\u016f, kte\u0159\u00ed tak\u00e9 pode m\u011b  spadali a\u017e do dne\u0161n\u00edho dne, tak tam po m\u011b nez\u016fstane v\u00a0podstat\u011b nic.  Z\u016fstane teda po m\u011b jeden d\u00e1re\u010dek, kter\u00fd n\u00e1stupci nech\u00e1m a to je jedna  mezin\u00e1rodn\u00ed smlouva, o t\u00e9 nebudu te\u010f ze\u0161iroka mluvit. A jinak posledn\u00ed  dva z\u00e1kony pan prezident podepsal v\u010dera zrovna a z\u00a0t\u00e9to agendy tud\u00ed\u017e u\u017e  nen\u00ed nic, co by bylo p\u0159ed\u00e1vat.<\/p>\n<p><strong>Moder\u00e1tor (V\u00e1clav Moravec):<br \/>\nTak\u017ee je to jedna jedin\u00e1 mezin\u00e1rodn\u00ed smlouva, kterou mus\u00ed podepsat\u2026<\/strong><\/p>\n<p>Host (Ladislav Jakl):<br \/>\nNemus\u00ed.<\/p>\n<p><strong>Moder\u00e1tor (V\u00e1clav Moravec):<br \/>\nTo je ona smlouva o eurovalu, kde Milo\u0161 Zeman \u0159\u00edkal, \u017ee ji s\u00a0nejv\u011bt\u0161\u00ed pravd\u011bpodobnost\u00ed podep\u00ed\u0161e?<\/strong><\/p>\n<p>Host (Ladislav Jakl):<br \/>\nAno, ano, je, ale\u2026<\/p>\n<p><strong>Moder\u00e1tor (V\u00e1clav Moravec):<br \/>\nTo je jedin\u00fd dluh, kter\u00fd \u2026<\/strong><\/p>\n<p>Host (Ladislav Jakl):<br \/>\nJ\u00e1 jsem to necht\u011bl zmi\u0148ovat, proto\u017ee jsem si \u0159\u00edkal, \u017ee by bylo lep\u0161\u00ed, kdyby\u2026<\/p>\n<p><strong>Moder\u00e1tor (V\u00e1clav Moravec):<br \/>\nKdybych to zm\u00ednil j\u00e1?<\/strong><\/p>\n<p>Host (Ladislav Jakl):<br \/>\nNe. Kdyby se o tom zase moc nepov\u00eddalo. A \u0159\u00edkal jsem si, t\u0159eba ji tam  n\u011bkdo ztrat\u00ed a nebo na ni polo\u017e\u00ed kv\u011btin\u00e1\u010d, to by se mi l\u00edbilo v\u016fbec  nejl\u00e9pe teda.<\/p>\n<p><strong>Moder\u00e1tor (V\u00e1clav Moravec):<br \/>\nTo kv\u016fli va\u0161emu euroskepticismu?<\/strong><\/p>\n<p>Host (Ladislav Jakl):<br \/>\nAno, p\u0159esn\u011b tak. J\u00e1 bych byl r\u00e1d, kdyby se ta smlouva nepodepsala, neratifikovala nikdy.<\/p>\n<p><strong>Moder\u00e1tor (V\u00e1clav Moravec):<br \/>\nA zva\u017eovali jste s\u00a0V\u00e1clavem Klausem, zda nakonec tuto smlouvu opravdu  nepodepsat, proto\u017ee ob\u011b komory \u010desk\u00e9ho parlamentu t\u00e9 smlouv\u011b \u0159ekly ano a  v\u00a0t\u00e9to rozjit\u0159en\u00e9 atmosf\u00e9\u0159e\u2026<\/strong><\/p>\n<p>Host (Ladislav Jakl):<br \/>\nNa toto t\u00e9ma bylo debat stra\u0161n\u011b mnoho. M\u016fj n\u00e1zor na to je jednozna\u010dn\u00fd.  V\u00edte, kdy\u017e \u017e\u00e1dn\u00e1 smlouva nov\u00e1 nen\u00ed uzav\u0159ena, tak vlastn\u011b z\u016fst\u00e1v\u00e1 status  quo, z\u016fst\u00e1v\u00e1 stav nezm\u011bn\u011bn a nikomu nem\u016f\u017ee b\u00fdt zp\u016fsobena \u017e\u00e1dn\u00e1 \u00fajma.  Zato novou smlouvou, kter\u00e1 zavl\u00e9k\u00e1 \u010ceskou republiku do n\u011bjak\u00fdch z\u00e1vazk\u016f a  tedy i jej\u00ed ob\u010dany a da\u0148ov\u00e9 poplatn\u00edky, tak tam n\u011bjak\u00e9 riziko z\u00a0toho  plyne. A pr\u00e1v\u011b proto na\u0161e \u00dastava stanovuje n\u011bkolik podm\u00ednek, bez jejich\u017e  spln\u011bn\u00ed do toho z\u00e1vazku se nem\u016f\u017eeme dostat jako st\u00e1t. \u010cili nejd\u0159\u00edv mus\u00ed  d\u00e1t prezident pokyn ke sjedn\u00e1n\u00ed takov\u00e9 smlouvy, ale nem\u016f\u017ee v\u011bd\u011bt,  v\u00a0jak\u00e9 podob\u011b bude vyjedn\u00e1na, proto\u017ee to tak\u00e9 z\u00e1vis\u00ed na tom, s\u00a0k\u00fdm  vyjedn\u00e1v\u00e1te. Potom mus\u00ed, nem\u016f\u017ee se jen tak rozmyslet a ratifikovat  smlouvu bez souhlasu obou komor Parlamentu. To by bylo jasn\u00fdm poru\u0161en\u00edm  \u00dastavy a za to by si zaslou\u017eil prezident p\u0159\u00edpadn\u00e9 n\u011bjak\u00e9 sankce a  v\u00fd\u010ditky, t\u0159eba i sen\u00e1tor\u016f. Ale t\u00edm, \u017ee ob\u011b komory vyslov\u00ed n\u011bjak\u00fd  souhlas, tak to jenom se objev\u00ed dva obr\u00e1zky v\u00a0t\u011bch ok\u00e9nk\u00e1ch v\u00a0n\u011bjak\u00e9m  hrac\u00edm automatu, ale po\u0159\u00e1d je je\u0161t\u011b ten t\u0159et\u00ed obr\u00e1zek, kter\u00fd kdy\u017e se tam  neobjev\u00ed stejn\u00fd, tak se pen\u00edzky nesypou. A proto je nutn\u00fd souhlas t\u0159\u00ed  instituc\u00ed, aby byla jistota, \u017ee doch\u00e1z\u00ed k\u00a0t\u00e9to shod\u011b hlavn\u00edch \u00fastavn\u00edch  instituc\u00ed, ne\u017e se \u010desk\u00fd da\u0148ov\u00fd poplatn\u00edk dostane v\u00a0tomto zrovna p\u0159\u00edpad\u011b  do z\u00e1vazk\u016f v\u00a0p\u0159\u00edpad\u011b nutnosti sypat pen\u00edzky na z\u00e1chranu stability  euroz\u00f3ny.<\/p>\n<p><strong>Moder\u00e1tor (V\u00e1clav Moravec):<br \/>\nJinak \u0159e\u010deno, v\u0161echny z\u00e1kony jste podepsali, vy\u0159\u00eddili, jedin\u00e9, co zb\u00fdv\u00e1, je tedy mezin\u00e1rodn\u00ed smlouva o eurovalu?<\/strong><\/p>\n<p>Host (Ladislav Jakl):<br \/>\nCo se t\u00fd\u010de toho, co se v\u00e1l\u00ed na m\u00e9m stole, abych tak \u0159ekl, tak je to  pravda, krom\u011b t\u00e9 agendy styku s\u00a0ve\u0159ejnost\u00ed. A pak je\u0161t\u011b jedna v\u011bc,  prezident V\u00e1clav Klaus celkem korektn\u011b si \u0159\u00edkal, \u017ee tuto smlouvu nech\u00e1  sv\u00e9mu n\u00e1stupci, a\u0165 o n\u00ed rozhodne on s\u00a0nov\u00fdm mand\u00e1tem a bude to na jeho  triko.<\/p>\n<p><strong>Moder\u00e1tor (V\u00e1clav Moravec):<br \/>\nNov\u011b zvolen\u00fd prezident Milo\u0161 Zeman str\u00e1vil p\u0159es dv\u011b hodiny na za\u010d\u00e1tku  \u00fanora pr\u00e1v\u011b na Pra\u017esk\u00e9m hrad\u011b, kdy\u017e ho p\u0159ijal dosluhuj\u00edc\u00ed prezident  V\u00e1clav Klaus. Oba politici mluvili mimo jin\u00e9 o p\u0159ed\u00e1v\u00e1n\u00ed \u00fa\u0159adu a V\u00e1clav  Klaus tehdy prohl\u00e1sil, \u017ee z\u016fst\u00e1v\u00e1 ostr\u00fdm Zemanov\u00fdm n\u00e1zorov\u00fdm oponentem.<\/strong><\/p>\n<p>Z\u00e1znam V\u00e1clava Klause:<br \/>\nMilo\u0161 Zeman ur\u010dit\u011b v\u00ed, \u017ee jakkoliv jsem mu v\u00a0t\u00e9 volb\u011b, kter\u00e1 byla,  fandil, tak\u017ee i nad\u00e1le z\u016fstanu jeho odv\u011bk\u00fdm a nesmrteln\u00fdm nep\u0159\u00edtelem,  kter\u00fd nesouhlas\u00ed t\u00e9m\u011b\u0159 s\u00a0ka\u017ed\u00fdm v\u00fdrokem, kter\u00fd kdy v\u00a0\u017eivot\u011b ud\u011blal. Ale  to on o\u010dek\u00e1v\u00e1, tak\u017ee j\u00e1 mysl\u00edm, \u017ee to pro n\u011bj nebude \u017e\u00e1dn\u00e9 p\u0159ekvapen\u00ed.<\/p>\n<p><strong>Moder\u00e1tor (V\u00e1clav Moravec):<br \/>\nKonstatoval na za\u010d\u00e1tku \u00fanora na adresu Milo\u0161e Zemana V\u00e1clav Klaus,  prezident, kter\u00e9mu pr\u00e1v\u011b dnes kon\u010d\u00ed mand\u00e1t. Pokud by m\u011bl tajemn\u00edk  prezidenta V\u00e1clava Klause Ladislav Jakl, host dne\u0161n\u00edch Impuls\u016f, \u0159\u00edci,  zda a pro\u010d se vlastn\u011b m\u00fdlil 31. \u0159\u00edjna lo\u0148sk\u00e9ho roku, kdy\u017e v\u00a0citovan\u00e9m  rozhovoru pro Reflex je\u0161t\u011b na adresu Milo\u0161e Zemana \u0159\u00edkal: On je politik  b\u00fdval\u00fd, j\u00e1 budouc\u00ed. To jste\u2026<\/strong><\/p>\n<p>Host (Ladislav Jakl):<br \/>\nTo jsem se m\u00fdlil j\u00e1. No tak v\u00a0tu dobu jsem kandidoval na prezidenta a  je logick\u00e9, \u017ee jsem n\u011bjak musel reagovat na dotazy novin\u00e1\u0159\u016f, kte\u0159\u00ed se m\u011b  ptali, no, po\u010dkejte, sice v\u00e1m podepsal petici prezident Klaus v\u00e1m a ne  Zemanovi, ale o n\u011bm zase \u0159ekl, \u017ee z\u00a0t\u00e9 plej\u00e1dy kandid\u00e1t\u016f je v\u00a0podstat\u011b  jedin\u00fd re\u00e1ln\u00fd politik. A j\u00e1 na to odpov\u00edd\u00e1m, v\u00edte, j\u00e1 bych to \u0159ekl  vlastn\u011b tak\u00e9, proto\u017ee on je opravdu jedin\u00fd, kter\u00fd pro\u0161el vysok\u00fdmi  st\u00e1tn\u00edmi funkcemi, ale pak jsem si musel r\u00fdpnout a \u0159\u00edkal jsem si, no ale  on je ten b\u00fdval\u00fd a j\u00e1 jsem ten budouc\u00ed. Co\u017e by tak bylo, kdyby ty  prezidentsk\u00e9 volby dopadly jinak a kdybych j\u00e1 nasb\u00edral t\u011bch 50 tis\u00edc  podpis\u016f a ne jenom p\u016flku, jak jsem ze sv\u00e9 lenosti a neschopnosti  nasb\u00edral.<\/p>\n<p><strong>Moder\u00e1tor (V\u00e1clav Moravec):<br \/>\nChcete b\u00fdt budouc\u00edm politikem?<\/strong><\/p>\n<p>Host (Ladislav Jakl):<br \/>\n\u017de bych se do toho hrnul, to mus\u00edm \u0159\u00edct, \u017ee moc ne. Rozhodn\u011b v\u00a0ka\u017ed\u00e9m  p\u0159\u00edpad\u011b co budu d\u00fdchat a \u017e\u00edt, tak budu m\u00edt z\u00e1jem ovliv\u0148ovat sv\u011bt kolem  sebe a to hlavn\u011b ve prosp\u011bch svobody \u010dlov\u011bka. J\u00e1 mus\u00edm \u0159\u00edct, \u017ee j\u00e1 si  nemysl\u00edm, \u017ee lidi kolem n\u00e1s jsou mal\u00e9 d\u011bti, kter\u00fdm mus\u00ed \u010dlov\u011bk n\u00e1sil\u00edm  proti v\u016fli strkat dobro a\u017e pod nos. J\u00e1 si opravdu mysl\u00edm a mysl\u00edm, \u017ee to  d\u011bl\u00e1m i v\u00a0\u017eivot\u011b kolem sebe, nesoud\u00edm lidi, nep\u0159i\u0159azuji n\u011bjak\u00e9 hodnoty,  jednomu men\u0161\u00ed, jednomu v\u011bt\u0161\u00ed, mysl\u00edm si, \u017ee ka\u017ed\u00fd \u010dlov\u011bk m\u00e1 n\u00e1rok na  to, aby si s\u00e1m zvolil svoji cestu za svobodou. A pokud budeme \u017e\u00edt ve  sv\u011bt\u011b p\u0159ehu\u0161t\u011bn\u00e9m n\u011bjak\u00fdm regulacemi, tak ten \u010dlov\u011bk moc t\u00e9 svobody m\u00edt  nebude. K\u00a0tomu v\u017edycky mluvit budu. Jestli v\u00a0politice, do toho se n\u011bjak  zvl\u00e1\u0161\u0165 nehrnu. Pokud by takov\u00e1 v\u00fdzva byla, tak klidn\u011b ano, ale ur\u010dit\u011b i  kdyby takov\u00e1 p\u0159\u00edle\u017eitost nebyla, tak do toho budu r\u00e1d zasahovat a mluvit  a ps\u00e1t a sly\u0161et m\u011b bude ur\u010dit\u011b.<\/p>\n<p><strong>Moder\u00e1tor (V\u00e1clav Moravec):<br \/>\nKonec mand\u00e1tu prezidenta V\u00e1clava Klause je poznamen\u00e1n v\u00a0tomto t\u00fddnu  schv\u00e1lenou \u00fastavn\u00ed \u017ealobou pro velezradu, kterou podala skupiny 38  sen\u00e1tor\u016f, kter\u00e1 ji respektive odhlasovala v\u00a0horn\u00ed parlamentn\u00ed komo\u0159e.  V\u00a0t\u00e9 st\u00ed\u017enosti, respektive \u017ealob\u011b na prezidenta V\u00e1clava Klause, je p\u011bt  vyjmenovan\u00fdch bod\u016f. N\u011bkter\u00e9 z\u00a0nich se t\u00fdkaj\u00ed i minul\u00fdch krok\u016f V\u00e1clava  Klause, kdy se rozhodl, \u017ee se nepod\u0159\u00edd\u00ed verdiktu nap\u0159\u00edklad Nejvy\u0161\u0161\u00edho  spr\u00e1vn\u00edho soudu, aby rozhodl o osudu justi\u010dn\u00edho \u010dekatele pana doktora  Langra. Kdy\u017e se pod\u00edv\u00e1te na t\u011bch p\u011bt bod\u016f, radil byste prezidentovi  v\u00a0tom \u010dase u n\u011bkter\u00fdch bod\u016f, aby vystupoval jinak, aby nap\u0159\u00edklad se  podvolil rozhodnut\u00ed Nejvy\u0161\u0161\u00edho spr\u00e1vn\u00edho soudu a jmenoval pana Langra  soudcem?<\/strong><\/p>\n<p>Host (Ladislav Jakl):<br \/>\nNejmenoval, aby rozhodl o jmenov\u00e1n\u00ed nebo nejmenov\u00e1n\u00ed. Jmenov\u00e1n\u00ed mu  nikdo nep\u0159ik\u00e1zal. V\u00edte, neradil. Na tuto kauzu t\u0159eba, kdy\u017e u\u017e jste ji  zm\u00ednil, v\u0161ichni d\u00e1vno zapomn\u011bli, jak vlastn\u011b byla. Ne prezident V\u00e1clav  Klaus, to Parlament \u010cesk\u00e9 republiky ur\u010dil z\u00e1konem zm\u011bnu v\u011bkov\u00e9 hranice  pro to, aby n\u011bkdo mohl b\u00fdt jmenov\u00e1n soudcem na 30 let. Ale ur\u010dil n\u011bjak\u00e9  p\u0159echodn\u00e9 obdob\u00ed, kdy umo\u017enil, aby je\u0161t\u011b ti lid\u00e9, kte\u0159\u00ed ji\u017e v\u00a0tu dobu  byli \u010dekatel\u00e9, mohli b\u00fdt t\u011bmi soudci d\u0159\u00edv. A prezident V\u00e1clav Klaus na  z\u00e1klad\u011b sv\u00e9 letit\u00e9 zku\u0161enosti, kdy si \u0159\u00edkal, \u017ee ti soudci, t\u011bm nejv\u00edc  chyb\u00ed pr\u00e1v\u011b n\u011bjak\u00fd pro\u017eitek, \u017eivotn\u00ed zku\u0161enost, n\u011bjak\u00e1 lidsk\u00e1  odpov\u011bdnost, tak si \u0159ekl, \u017ee se u\u017e bude rovnou chovat podle t\u00e9 budouc\u00ed  \u00fapravy. To zaprv\u00e9. Zadruh\u00e9 to, \u017ee nevydal rozhodnut\u00ed kladn\u00e9 nebo  z\u00e1porn\u00e9, jak po n\u011bm cht\u011bla jedna soudn\u00ed instituce, tak to ud\u011blal proto,  \u017ee kdyby tak ud\u011blal, tak zcela nepochybn\u011b podle m\u00e9ho hlubok\u00e9ho  p\u0159esv\u011bd\u010den\u00ed poru\u0161uje \u00dastavu.<\/p>\n<p><strong>Moder\u00e1tor (V\u00e1clav Moravec):<br \/>\nPodle v\u00e1s by se nem\u011bl prezident \u0159\u00eddit prost\u011b judik\u00e1tem Nejvy\u0161\u0161\u00edho spr\u00e1vn\u00edho soudu?<\/strong><\/p>\n<p>Host (Ladislav Jakl):<br \/>\nAle ono to m\u00e1 toti\u017e \u0161ir\u0161\u00ed konsekvence. Nejde toti\u017e o tento jeden  p\u0159\u00edpad, ale o ur\u010dit\u00fd precedens a vlastn\u011b ur\u010dit\u00fd judik\u00e1t, kter\u00fd by t\u00edm  vzniknul. Proto\u017ee pak by prezident republiky musel vyd\u00e1vat rozhodnut\u00ed,  jestli jmenuje, nejmenuje a pro\u010d o ka\u017ed\u00e9m profesorovi, gener\u00e1lovi,  rektorovi. A vlastn\u011b pon\u00ed\u017eil by t\u00edm \u00fa\u0159ad hlavy st\u00e1tu na spr\u00e1vn\u00ed org\u00e1n a  \u017eili bychom ve st\u00e1t\u011b, kdy by se pova\u017eovalo, \u017ee jak\u00fdkoliv n\u00e1vrh u\u017e je  p\u0159edem schv\u00e1len\u00fd a \u017ee prezident republiky bu\u010f ho mus\u00ed schv\u00e1lit a nebo  \u0159\u00e1dn\u011b pr\u00e1vnicky zd\u016fvodnit ne ze sv\u00e9 v\u016fle, \u017ee m\u00e1 n\u011bjakou v\u016fli jako  zvolen\u00fd politik, ale m\u00e1 dokl\u00e1dat n\u011bjak\u00e9 pr\u00e1vn\u00ed d\u016fvody, pro\u010d se tak  nerozhodl. A rozt\u00e1\u010det tak kola soud\u016f, kdy op\u011bt ti kap\u0159i, kte\u0159\u00ed si nikdy  nevypust\u00ed rybn\u00edk, tak p\u0159esn\u011b ti soudci by rozhodovali p\u0159esn\u011b o t\u011bchto  v\u011bcech, kter\u00e9 se jich zbl\u00edzka t\u00fdkaj\u00ed.<\/p>\n<p><strong>Moder\u00e1tor (V\u00e1clav Moravec):<br \/>\nTak\u017ee bylo dob\u0159e, \u017ee V\u00e1clav Klaus se nepodrobil?<\/strong><\/p>\n<p>Host (Ladislav Jakl):<br \/>\nNepochybn\u011b ochrana t\u00e9to \u00fastavn\u00ed instituce proti jej\u00ed zm\u011bn\u011b na automat  na \u0161temply, na spr\u00e1vn\u00ed org\u00e1n. Jinak co se t\u00fd\u010de t\u00e9 jedn\u00e9 mali\u010dkosti, o to  ani ne\u0161lo, \u0161lo o ten precedens. Ale hlavn\u011b v\u00a0t\u00e9 \u00fastavn\u00ed \u017ealob\u011b na pana  prezidenta vlastn\u011b o ty jednotliv\u00e9 body, podle m\u00e9ho hlubok\u00e9ho  p\u0159esv\u011bd\u010den\u00ed, v\u016fbec nejde. Dokl\u00e1daj\u00ed to v\u00fdroky n\u011bkter\u00fdch samotn\u00fdch  sen\u00e1tor\u016f, kte\u0159\u00ed u\u017e dlouho p\u0159edt\u00edm \u0159\u00edkali, pot\u0159ebujeme sehnat je\u0161t\u011b n\u011bco.  Oni hlavn\u011b dop\u0159edu v\u011bd\u011bli, \u017ee pot\u0159ebuj\u00ed podat tu \u00fastavn\u00ed \u017ealobu a pak  teprve p\u0159em\u00fd\u0161leli, co tam je\u0161t\u011b str\u010dit.<\/p>\n<p><strong>Moder\u00e1tor (V\u00e1clav Moravec):<br \/>\nKdy\u017e z\u016fstaneme u t\u011bch p\u011bti bod\u016f, tam je je\u0161t\u011b jeden, kter\u00fd je kl\u00ed\u010dov\u00fd.  To jste nem\u011bli lidi na m\u00edsta \u00fastavn\u00edch soudc\u016f, abyste po odm\u00edtnut\u00ed dvou  kandid\u00e1t\u016f v\u00a0roce lo\u0148sk\u00e9m, tedy Jana Sv\u00e1\u010dka a Zde\u0148ka Koudelky, p\u0159i\u0161li  s\u00a0dal\u0161\u00edmi jm\u00e9ny.<\/strong><\/p>\n<p>Host (Ladislav Jakl):<br \/>\nV\u00edte, ono ne\u0161lo o tato dv\u011b jm\u00e9na. Jde o to, \u017ee Sen\u00e1t nevyslovil souhlas  s\u00a0n\u00e1vrhem prezidenta na \u00fastavn\u00edho soudce cel\u00fdch \u0161est posledn\u00edch let. To  je stra\u0161n\u011b dlouh\u00e1 doba, z\u00a0kter\u00e9 plynulo a ta ochota Sen\u00e1tu se takto  chovat byla \u010d\u00edm d\u00e1l men\u0161\u00ed. A pan prezident Klaus si vyzkou\u0161el, kam a\u017e  jde daleko ta negace Sen\u00e1tu, kdy\u017e navrhl soci\u00e1ln\u011b demokratick\u00e9mu Sen\u00e1tu  jejich vlastn\u00edho n\u011bkdej\u0161\u00edho poslance a i toho zabili. A z\u00a0toho zjistil\u2026<\/p>\n<p><strong>Moder\u00e1tor (V\u00e1clav Moravec):<br \/>\nOni si mysleli, \u017ee by k\u00a0\u00dastavn\u00edmu soudu asi nem\u011bl j\u00edt jejich b\u00fdval\u00fd poslanec.<\/strong><\/p>\n<p>Host (Ladislav Jakl):<br \/>\nTo j\u00e1 si v\u016fbec nemysl\u00edm, j\u00e1 mysl\u00edm, \u017ee si mysleli, \u017ee by tam nem\u011bl j\u00edt  nikdo, koho navrhne V\u00e1clav Klaus a tak si \u0159ekl dob\u0159e, nech\u00e1m to na sv\u00e9  n\u00e1stupce. V\u00edte, kdy\u017e ti lid\u00e9, kte\u0159\u00ed zab\u00edjeli jeden po druh\u00e9m v\u0161echny  n\u00e1vrhy, te\u010f najednou \u017ealuj\u00ed prezidenta, \u017ee m\u016f\u017ee za nenapln\u011bnost  \u00dastavn\u00edho soudu, to mi p\u0159ijde jako \u010dlov\u011bk vrah rodi\u010d\u016f, kter\u00fd u soudu  \u0159\u00edk\u00e1, pros\u00edm v\u00e1s, m\u011bli byste m\u011b pustit, v\u017edy\u0165 j\u00e1 jsem sirotek.<\/p>\n<p><strong>Moder\u00e1tor (V\u00e1clav Moravec):<br \/>\nNep\u0159ipou\u0161t\u00edte, \u017ee ty n\u00e1vrhy nebyly dobr\u00e9, \u017ee Zden\u011bk Koudelka nebyl dobr\u00fdm kandid\u00e1tem?<\/strong><\/p>\n<p>Host (Ladislav Jakl):<br \/>\nSamoz\u0159ejm\u011b, \u017ee tam bylo mnoho kvalitn\u00edch kandid\u00e1t\u016f a ten postoj byl i  ty argumenty byly \u010dist\u011b politick\u00e9. Prost\u011b byla v\u016fle a z\u00a0t\u011bch postoj\u016f  Sen\u00e1tu to bylo jednozna\u010dn\u00e9, \u017ee dal\u0161\u00ed n\u00e1vrh nebude schv\u00e1len. Ale j\u00e1 chci  \u0159\u00edct, \u017ee v\u00a0t\u00e9 \u00fastavn\u00ed \u017ealob\u011b v\u016fbec nejde o t\u011bch p\u011bt bod\u016f. Ty jsou  vlastn\u011b jenom z\u00e1minkou. A ono vlastn\u011b v\u016fbec nejde o V\u00e1clava Klause. J\u00e1  jsem p\u0159esv\u011bd\u010den, \u017ee sen\u00e1to\u0159i t\u00edm vlastn\u011b vzkazuj\u00ed lidem, \u017ee je podvedli,  kdy\u017e prosadili p\u0159\u00edmou volbu prezidenta. Oni slibovali lidem, \u017ee si  zvol\u00ed sv\u00e9ho prezidenta takov\u00e9ho, kter\u00fd bude nez\u00e1visl\u00fd na Parlamentu.  Kone\u010dn\u011b nez\u00e1visl\u00fd. A v\u00a0tu chv\u00edli najednou si sen\u00e1to\u0159i \u0159ekli, ale,  holenku, ty nebude\u0161 nez\u00e1visl\u00fd, my ti hned na za\u010d\u00e1tku d\u00e1me takovou \u0165afku,  kdy zjist\u00ed\u0161, \u017ee kdy\u017e odbo\u010d\u00ed\u0161 jakkoliv od na\u0161\u00ed linie, tak t\u011b prost\u011b  odvol\u00e1me z\u00a0pomoc\u00ed \u00dastavn\u00edho soudu.<\/p>\n<p><strong>Moder\u00e1tor (V\u00e1clav Moravec):<br \/>\nJinak \u0159e\u010deno, vy berete \u00fastavn\u00ed \u017ealobu, \u017ee to je vzkaz sp\u00ed\u0161 Milo\u0161i Zemanovi?<\/strong><\/p>\n<p>Host (Ladislav Jakl):<br \/>\nJe to vzkaz Milo\u0161i Zemanovi a v\u0161em p\u0159\u00ed\u0161t\u00edm p\u0159\u00edmo volen\u00fdm prezident\u016fm,  \u017ee maj\u00ed p\u011bkn\u011b poslu\u0161n\u011b poslouchat Parlament a ne sv\u00e9 voli\u010de. A Milo\u0161i  Zemanovi zejm\u00e9na, proto\u017ee inici\u00e1torem t\u00e9 \u00fastavn\u00ed \u017ealoby pan Dienstbier, o  kter\u00e9m je zn\u00e1mo, \u017ee trp\u00ed zavilost\u00ed v\u016f\u010di Milo\u0161i Zemanovi a to natolik,  \u017ee byl schopen v\u00a0prezidentsk\u00e9 volb\u011b volit p\u0159edsedu vl\u00e1dn\u00ed strany. On  jako p\u0159edstavitel opozice. A nyn\u00ed kdy\u017e se ta volba vyvedla jinak, ne\u017e  jak on by si p\u0159\u00e1l, tak chce hned od za\u010d\u00e1tku toho Milo\u0161e Zemana  se\u0161n\u011brovat. \u010cili jde o pop\u0159en\u00ed toho, pro\u010d vlastn\u011b ta p\u0159\u00edm\u00e1 volba byla  zavedena a \u0159\u00edkalo se, p\u0159\u00edmou volbu pot\u0159ebujeme tak\u00e9 proto, aby ten  prezident m\u011bl vlastn\u00ed mand\u00e1t a ne odvozen\u00fd od Parlamentu a t\u00edm p\u00e1dem  p\u0159\u00edli\u0161 na tom Parlamentu z\u00e1visl\u00fd. A nyn\u00ed sen\u00e1to\u0159i \u0159\u00edkaj\u00ed ne, ne, ne, on  bude z\u00e1visl\u00fd je\u0161t\u011b v\u00edc ne\u017e p\u0159edt\u00edm a cel\u00e1 p\u0159\u00edm\u00e1 volba, mil\u00fd pane voli\u010di,  byla jenom bouda na v\u00e1s.<\/p>\n<p><strong>Moder\u00e1tor (V\u00e1clav Moravec):<br \/>\nKonstatuje je\u0161t\u011b zhruba 7,5 hodiny tajemn\u00edk prezidenta V\u00e1clava Klause  Ladislav Jakl. D\u011bkuji, \u017ee jste byl hostem R\u00e1dia Impuls a t\u011b\u0161\u00edm se na  dal\u0161\u00ed rozhovor.<\/strong><\/p>\n<p>Host (Ladislav Jakl):<br \/>\nD\u011bkuji za pozv\u00e1n\u00ed. No kdy\u017e m\u011b je\u0161t\u011b nikdy pozvete, kdy\u017e nebudu ten tajemn\u00edk.<\/p>\n<p><strong>Moder\u00e1tor (V\u00e1clav Moravec):<br \/>\nTady nejde jenom o tajemn\u00edky. Ladislav Jakl, host dne\u0161n\u00edch Impuls\u016f.<\/strong><\/p>\n<p><strong><a href=\"http:\/\/www.impuls.cz\/clanek\/video-ladislav-jakl-ustavni-zalobu-na-klause-beru-jako-varovani-zemanovi\/234818\" target=\"_blank\">Zdroj a video<\/a><br \/>\n<\/strong><\/p>\n","protected":false},"excerpt":{"rendered":"<p>(video uvnit\u0159 \u010dl\u00e1nku) Tajemn\u00edk odch\u00e1zej\u00edc\u00edho prezidenta republiky V\u00e1clava Klause, Ladislav Jakl mluvil v rozhovoru pro R\u00e1dio Impuls o deseti letech na Pra\u017esk\u00e9m hrad\u011b.<\/p>\n","protected":false},"author":1,"featured_media":0,"comment_status":"open","ping_status":"open","sticky":false,"template":"","format":"standard","meta":{"ngg_post_thumbnail":0,"footnotes":""},"categories":[13,12],"tags":[],"class_list":["post-3699","post","type-post","status-publish","format-standard","hentry","category-rozhovory","category-video"],"_links":{"self":[{"href":"https:\/\/www.ladislavjakl.cz\/index.php?rest_route=\/wp\/v2\/posts\/3699","targetHints":{"allow":["GET"]}}],"collection":[{"href":"https:\/\/www.ladislavjakl.cz\/index.php?rest_route=\/wp\/v2\/posts"}],"about":[{"href":"https:\/\/www.ladislavjakl.cz\/index.php?rest_route=\/wp\/v2\/types\/post"}],"author":[{"embeddable":true,"href":"https:\/\/www.ladislavjakl.cz\/index.php?rest_route=\/wp\/v2\/users\/1"}],"replies":[{"embeddable":true,"href":"https:\/\/www.ladislavjakl.cz\/index.php?rest_route=%2Fwp%2Fv2%2Fcomments&post=3699"}],"version-history":[{"count":2,"href":"https:\/\/www.ladislavjakl.cz\/index.php?rest_route=\/wp\/v2\/posts\/3699\/revisions"}],"predecessor-version":[{"id":3701,"href":"https:\/\/www.ladislavjakl.cz\/index.php?rest_route=\/wp\/v2\/posts\/3699\/revisions\/3701"}],"wp:attachment":[{"href":"https:\/\/www.ladislavjakl.cz\/index.php?rest_route=%2Fwp%2Fv2%2Fmedia&parent=3699"}],"wp:term":[{"taxonomy":"category","embeddable":true,"href":"https:\/\/www.ladislavjakl.cz\/index.php?rest_route=%2Fwp%2Fv2%2Fcategories&post=3699"},{"taxonomy":"post_tag","embeddable":true,"href":"https:\/\/www.ladislavjakl.cz\/index.php?rest_route=%2Fwp%2Fv2%2Ftags&post=3699"}],"curies":[{"name":"wp","href":"https:\/\/api.w.org\/{rel}","templated":true}]}}