{"id":3702,"date":"2013-03-15T13:24:10","date_gmt":"2013-03-15T12:24:10","guid":{"rendered":"http:\/\/www.ladislavjakl.cz\/?p=3702"},"modified":"2013-03-15T13:24:25","modified_gmt":"2013-03-15T12:24:25","slug":"jakl-v-televizi-naposled-jako-hradni-tajemnik","status":"publish","type":"post","link":"https:\/\/www.ladislavjakl.cz\/?p=3702","title":{"rendered":"Jakl v televizi naposled jako hradn\u00ed tajemn\u00edk"},"content":{"rendered":"<p>Kon\u010d\u00edc\u00ed prezident V\u00e1clav Klaus proslul mnoha ostr\u00fdmi v\u00fdroky. Kontroverze  v\u0161ak \u010dasto vyvol\u00e1vali i Klausovi spolupracovn\u00edci, zejm\u00e9na dvojice Petr  H\u00e1jek a Ladislav Jakl. Prvn\u00ed proslul mimo jin\u00e9 odm\u00edtnut\u00edm darwinismu a  slovy, \u017ee on z opice nepoch\u00e1z\u00ed. Jakl zase p\u0159irovnal Stranu zelen\u00fdch k  extremist\u016fm. S Klausov\u00fdm odchodem tak kon\u010d\u00ed tak\u00e9 n\u011bkolik excentrick\u00fdch  postav na Hrad\u011b, kter\u00e9 sta\u010dily ovlivnit\u00a0i zahrani\u010dn\u00ed renom\u00e9 zem\u011b.<\/p>\n<p><!--more--><\/p>\n<p><strong>Vicekancl\u00e9\u0159 Petr H\u00e1jek<\/strong><\/p>\n<p>B\u00fdval\u00fd novin\u00e1\u0159, mj. spoluzakladatel \u010dasopisu Reflex, na Hrad\u011b p\u016fsobil  jako z\u00e1stupce vedouc\u00edho Kancel\u00e1\u0159e pro oblast komunikace a kultury. A\u017e  do roku 2008 byl\u00a0i mluv\u010d\u00edm prezidenta (v t\u00e9m\u017ee roce obdr\u017eel anticenu  N\u011bm\u00e1 barik\u00e1da pro\u00a0nejm\u00e9n\u011b obl\u00edben\u00e9ho mluv\u010d\u00edho), pak ho vyst\u0159\u00eddal Radim  Ochvat.\u00a0H\u00e1jkov\u00fdm nad\u0159\u00edzen\u00fdm byl kancl\u00e9\u0159 Weigl.<\/p>\n<p>BIN L\u00c1DIN MEDI\u00c1LN\u00cd FIKCE<\/p>\n<p>Nejv\u011bt\u0161\u00ed rozruch vyvolal H\u00e1jk\u016fv v\u00fdrok, v\u00a0n\u011bm\u017e zpochybnil ofici\u00e1ln\u00ed  verzi \u00famrt\u00ed teroristy Us\u00e1my bin L\u00e1dina. &#8222;Bin L\u00e1din je medi\u00e1ln\u00ed fikce.  Tak jak se zrodil, tak tak\u00e9 zem\u0159el, za podivn\u00fdch, t\u00e9m\u011b\u0159 mystick\u00fdch  okolnost\u00ed. Je to modern\u00ed poh\u00e1dka pro dosp\u011bl\u00e9 &#8211; dobro a zlo. Chceme-li,  v\u011b\u0159me,&#8220; \u0159ekl H\u00e1jek serveru Parlamentn\u00ed listy.cz. Vicekancl\u00e9\u0159 ostatn\u011b  dlouhodob\u011b zast\u00e1v\u00e1 n\u00e1zor, \u017ee teroristick\u00e9 \u00fatoky z\u00a011. z\u00e1\u0159\u00ed mohly  zorganizovat americk\u00e9 tajn\u00e9 slu\u017eby.<\/p>\n<p>H\u00e1jkova v\u00fdroku ohledn\u011b bin L\u00e1dina si v\u0161imla i americk\u00e1 m\u00e9dia, psal o  n\u011bm t\u0159eba Wall Street Journal. Server IHNED.cz pak s\u00a0odkazem na  diplomatick\u00e9 zdroje napsal, \u017ee USA \u017e\u00e1daj\u00ed omluvu a H\u00e1jk\u016fv v\u00fdrok vn\u00edmaj\u00ed  jako ur\u00e1\u017eku prezidenta Obamy. Ministr zahrani\u010d\u00ed Karel Schwarzenberg  nejprve H\u00e1jkova prohl\u00e1\u0161en\u00ed v\u00a0\u010cT bagatelizoval s\u00a0t\u00edm, \u017ee je ani  v\u00a0zahrani\u010d\u00ed nikdo nebere v\u00e1\u017en\u011b, o p\u00e1r dn\u00ed pozd\u011bji ale Schwarzenberg  prohl\u00e1sil, \u017ee H\u00e1jkovy v\u00fdroky &#8222;znev\u00e1\u017eily dobr\u00e9 jm\u00e9no \u010cesk\u00e9 republiky&#8220; a  &#8222;ohrozily jej\u00ed z\u00e1jmy&#8220;. Od vicekancl\u00e9\u0159e se distancoval i prezident Klaus \u2013  H\u00e1jkova slova pr\u00fd byla ne\u0161\u0165astn\u00e1 a nevyjad\u0159ovala n\u00e1zor prezidenta.  Klaus p\u0159itom obvykle nech\u00e1val sporn\u00e1 H\u00e1jkova vyj\u00e1d\u0159en\u00ed bez koment\u00e1\u0159e,  p\u0159\u00edpadn\u011b h\u00e1jil jeho pr\u00e1vo vyjad\u0159ovat jin\u00fd ne\u017e mainstreamov\u00fd n\u00e1zor.\u00a0Pr\u00e1v\u011b  H\u00e1jk\u016fv koment\u00e1\u0159 na adresu v\u016fdce al-K\u00e1idy byl take jedn\u00edm z d\u016fvod\u016f, pro\u010d  Klaus nedostal ofici\u00e1ln\u00ed pozv\u00e1nku do B\u00edl\u00e9ho domu.<\/p>\n<p>DARWINISMUS \u2013 J\u00c1 NEPOCH\u00c1Z\u00cdM Z\u00a0OPICE<\/p>\n<p>Podobn\u011b siln\u00e9 reakce vyvolal i H\u00e1jk\u016fv v\u00fdrok, \u017ee je Darwinova evolu\u010dn\u00ed  teorie blud. Na \u0161kol\u00e1ch by se pr\u00fd podle n\u011bj m\u011bla vyu\u010dovat tak\u00e9 teorie  bo\u017e\u00edho stvo\u0159en\u00ed jako alternativa k &#8222;neprov\u011b\u0159en\u00e9&#8220; evoluci. &#8222;Nev\u00edm, jak  vy, ale j\u00e1 z opice nepoch\u00e1z\u00edm. V\u00edm to tak jist\u011b, jako \u017ee je \u017eiv\u00fd B\u016fh  nade mnou,&#8220; zah\u00e1jil H\u00e1jek sv\u016fj proslov na semin\u00e1\u0159i Centra pro ekonomiku a  politiku zalo\u017een\u00e9ho Klausem. Vz\u00e1p\u011bt\u00ed dodal, \u017ee darwinismus m\u00e1 mnoho  spole\u010dn\u00e9ho s marxismem. Ob\u011b ideologie podle n\u011bj p\u0159edstavovaly  my\u0161lenkovou z\u00e1kladnu pro totalitn\u00ed sov\u011btsk\u00fd re\u017eim a &#8222;dne\u0161n\u00ed  evolucionistick\u00e9 revolucion\u00e1\u0159e&#8220;, kte\u0159\u00ed &#8222;ji\u017e obsadili \u0159\u00edd\u00edc\u00ed centra  prakticky v\u0161ech hlavn\u00edch spole\u010densk\u00fdch a p\u0159\u00edrodov\u011bdn\u00fdch obor\u016f&#8220;.  Posledn\u00edm hitem ideolog\u016f tohoto ra\u017een\u00ed byl pak podle H\u00e1jka Obam\u016fv  &#8222;rapov\u00fd pop\u011bvek Yes, we can!&#8220;.<strong> <\/strong><\/p>\n<p>H\u00e1jek za sv\u016fj v\u00fdrok pop\u00edraj\u00edc\u00ed evoluci dostal anticenu Bludn\u00fd balvan,  kterou ud\u011bluje \u010cesk\u00fd klub skeptik\u016f Sisyfos za \u00fadajn\u00fd rozvoj  iracionality, maten\u00ed ve\u0159ejnosti \u010di &#8222;bl\u00e1tiv\u00e9 my\u0161len\u00ed&#8220;.<\/p>\n<p>HAVEL SLOU\u017dIL SATANOVI, KLAUS PRAVD\u011a A L\u00c1SCE<\/p>\n<p>Posledn\u00ed kontroverzi vyvolala\u00a0jeho kniha Smrt v\u00a0sametu, kde\u00a0se H\u00e1jek  ost\u0159e pustil do Klausova p\u0159edch\u016fdce V\u00e1clava Havla. Podle\u00a0H\u00e1jka byl  zesnul\u00fd prezident v satanov\u00fdch slu\u017eb\u00e1ch a byl n\u00e1strojem l\u017ei a nen\u00e1visti.  N\u00e1strojem pravdy a l\u00e1sky se pr\u00fd naopak stala sou\u010dasn\u00e1 hlava st\u00e1tu  V\u00e1clav Klaus. &#8222;V\u00e1clav Havel &#8211; a\u0165 v\u011bdom\u011b, \u010di bezd\u011b\u010dn\u011b, ale v ka\u017ed\u00e9m  p\u0159\u00edpad\u011b aktivn\u011b &#8211; byl n\u00e1strojem sil l\u017ei a nen\u00e1visti. Ve sv\u00e9 misi byl  \u00fasp\u011b\u0161n\u00fd. A p\u0159esto prohr\u00e1l. V\u00e1clav Klaus &#8211; a\u0165 v\u011bdom\u011b \u010di bezd\u011b\u010dn\u011b, ale v  ka\u017ed\u00e9m p\u0159\u00edpad\u011b aktivn\u011b &#8211; byl n\u00e1stroj pravdy a l\u00e1sky. Ve sv\u00e9 misi byl  ne\u00fasp\u011b\u0161n\u00fd. A p\u0159esto zv\u00edt\u011bzil,&#8220; napsal H\u00e1jek podle Parlamentn\u00edch list\u016f.<\/p>\n<p>Havel byl podle H\u00e1jka teoretick\u00fd moralista, co si nepotrp\u011bl na  mor\u00e1ln\u00ed skrupule, a jeho koncepce pr\u00fd &#8222;otev\u0159en\u011b sm\u011b\u0159ovala k fa\u0161istick\u00e9mu  korporativistick\u00e9mu st\u00e1tu&#8220; &#8211; t\u011bmito slovy H\u00e1jek ozna\u010duje ob\u010danskou  spole\u010dnost. V\u00e1clav Klaus knihu sv\u00e9ho\u00a0vicekancl\u00e9\u0159e n\u00e1sledn\u011b ozna\u010dil  za\u00a0knihu,\u00a0kter\u00e1 by\u00a0m\u011bla b\u00fdt\u00a0&#8222;t\u00e9m\u011b\u0159 za povinnou \u010detbu pro ka\u017ed\u00e9ho, koho  zaj\u00edm\u00e1 n\u00e1\u0161 sv\u011bt&#8220;.<\/p>\n<p>H\u00e1jek v\u00a0knize ost\u0159e kritizoval i Lisabonskou smlouvu \u2013 naz\u00fdv\u00e1 ji  &#8222;\u00fastavou nov\u00e9ho v\u011bzen\u00ed n\u00e1rod\u016f&#8220;. Jej\u00edm prost\u0159ednictv\u00edm pr\u00fd promlouv\u00e1  Satan a mnoho \u010dasu do z\u00e1v\u011bre\u010dn\u00e9 bitvy s n\u00edm u\u017e zb\u00fdvat nebude. V prvn\u00ed  linii proti civilizaci svobody jdou &#8222;darwinist\u00e9, marxist\u00e9 a europeist\u00e9&#8220;,  kte\u0159\u00ed jsou spojencem &#8222;antikristovsk\u00e9ho isl\u00e1mu&#8220; a k\u0159\u00eds\u00ed pohanstv\u00ed  star\u00e9ho \u0158\u00edma &#8222;s jeho apote\u00f3zou krve, n\u00e1sil\u00ed, sexu a modl\u00e1\u0159stv\u00ed, s  oslavou homosexuality&#8220;.<\/p>\n<p>SAMETOV\u00c1 REVOLUCE \u2013 ST\u00c1TN\u00cd P\u0158EVRAT<\/p>\n<p>Silnou odezvu vyvolal i H\u00e1jk\u016fv n\u00e1zor, \u017ee byla Sametov\u00e1 revoluce  z\u00a0roku 1989 ve skute\u010dnosti st\u00e1tn\u00edm p\u0159evratem. &#8222;\u0160lo o mezin\u00e1rodn\u011b \u0159\u00edzen\u00fd  st\u00e1tn\u00ed p\u0159evrat, kter\u00fd se spont\u00e1nn\u00ed lidovou protikomunistickou revoluc\u00ed,  nato\u017e sametovou, nem\u011bl nic spole\u010dn\u00e9ho,&#8220; prohl\u00e1sil v\u00a0rozhovoru pro  Parlamentn\u00ed listy. Podle H\u00e1jka byla Sametov\u00e1 revoluce stejn\u011b virtu\u00e1ln\u00ed  jako teroristick\u00e9 \u00fatoky z\u00a011. z\u00e1\u0159\u00ed. &#8222;Pokud n\u011bco p\u0159edst\u00edr\u00e1te, \u017ee to n\u011bjak  je, ale ve skute\u010dnosti je to jinak, tak je to samoz\u0159ejm\u011b podvod,&#8220; dodal  vicekancl\u00e9\u0159.<\/p>\n<p><strong>Tajemn\u00edk\u00a0Ladislav Jakl<\/strong><\/p>\n<p>B\u00fdval\u00fd novin\u00e1\u0159, amat\u00e9rsk\u00fd hudebn\u00edk a rovn\u011b\u017e \u010dlen Prvn\u00ed pivn\u00ed  extraligy byl \u0161\u00e9fem politick\u00e9ho odboru a z\u00e1rove\u0148 tajemn\u00edkem  prezidenta.\u00a0Jakl sice na sv\u00e9m kont\u011b nem\u00e1 tak siln\u00e9 v\u00fdroky jako  vicekancl\u00e9\u0159 H\u00e1jek, p\u0159esto n\u011bkter\u00e1 jeho\u00a0prohl\u00e1\u0161en\u00ed vzbudily pozornost. V  tisku ostatn\u011b b\u00fdval ozna\u010dov\u00e1n za &#8222;vyklada\u010de Klausov\u00fdch my\u0161lenek pro  m\u00e9dia&#8220;.<\/p>\n<p>JAKL A STRANA ZELEN\u00ddCH<\/p>\n<p>Jisk\u0159ilo to t\u0159eba mezi Jaklem a Stranou zelen\u00fdch, kterou Jakl ozna\u010dil  za extremisty, kdy\u017e v\u00a0\u010cT hodnotil v\u00fdsledek voleb do sn\u011bmovny v\u00a0roce  2010. &#8222;Pro m\u011b jedno z t\u011bch sd\u011blen\u00ed voleb je, \u017ee parlament opou\u0161t\u00ed jedna z  extremistick\u00fdch stran, co\u017e je pro m\u011b docela p\u0159\u00edjemn\u00e1 z\u00e1le\u017eitost,&#8220; \u0159ekl  ve vys\u00edl\u00e1n\u00ed. Jakl se dostal do sporu i s\u00a0p\u0159edsedou zelen\u00fdch Ond\u0159ejem  Li\u0161kou, kdy\u017e Li\u0161ka nedostal pozv\u00e1nku na Hrad na recepci po podpisu  rusko-americk\u00e9 odzbrojovac\u00ed smlouvy.<\/p>\n<p>Zelen\u00ed zase kontrovali prohl\u00e1\u0161en\u00edm, \u017ee Jakl ztratil bezpe\u010dnostn\u00ed  zp\u016fsobilost, jeliko\u017e pr\u00fd dal rozhovor do knihy Deset tis\u00edc extremist\u016f,  jej\u00edm\u017e spoluautorem byl mana\u017eer neonacistick\u00e9 hudebn\u00ed skupiny Conflict  88 Robert F\u00fcrych. Podle SZ m\u011bl N\u00e1rodn\u00ed bezpe\u010dnostn\u00ed \u00fa\u0159ad prov\u011b\u0159it  Jaklovu prov\u011brku.<\/p>\n<p>JAKL A B\u00c1TORA<\/p>\n<p>Tajemn\u00edk prezidenta se dostal do sporu tak\u00e9 s\u00a0TOP 09, kdy\u017e se jako  jedin\u00fd p\u0159edstavitel Hradu zastal p\u0159edsedy\u00a0konzervativn\u00ed (podle mnoh\u00fdch  ale xenofobn\u00ed)\u00a0iniciativy D.O.S.T. Ladislava B\u00e1tory. &#8222;Pan B\u00e1tora je u\u017e  p\u016fl roku ter\u010dem sprost\u00fdch \u00fatok\u016f, l\u017e\u00ed, ur\u00e1\u017eek, zesm\u011b\u0161\u0148ov\u00e1n\u00ed, pomluv a  n\u00e1tlaku. S\u00e1m se ale, zd\u00e1 se, br\u00e1nit nesm\u00ed,&#8220; uvedl Jakl. TOP 09  po\u017eadovala odchod Ladislava B\u00e1tory z\u00a0ministerstva \u0161kolstv\u00ed kv\u016fli jeho  ur\u00e1\u017eliv\u00fdm v\u00fdrok\u016fm na adresu p\u0159edsedy strany Karla Schwarzenberga. Toho  B\u00e1tora na Facebooku ozna\u010dil za &#8222;chud\u00e1\u010dka star\u00e9ho&#8220;. Po vln\u011b  kritiky\u00a0nakonec B\u00e1tora s\u00e1m skon\u010dil ve funkci poradce ministra \u0161kolstv\u00ed.<\/p>\n<p>Jakl je sice hudebn\u00edk, kv\u016fli kauze B\u00e1tora ale popustil i sv\u00e9 b\u00e1snick\u00e9  st\u0159evo, kdy\u017e se pustil do m\u00edstop\u0159edsedy TOP 09 Miroslava Kalouska. Na  sv\u00fdch osobn\u00edch str\u00e1nk\u00e1ch <a href=\"https:\/\/www.ladislavjakl.cz\/?p=1165\">vyv\u011bsil b\u00e1se\u0148<\/a> &#8222;Strakovky siln\u011b srpnov\u00e9 sonety&#8220;, kter\u00e1 za\u010d\u00edn\u00e1 ver\u0161i: &#8222;Kdy\u017e od plic  mluv\u00ed Kalousek, m\u011bl by si vz\u00edt ubrousek. Sliny od n\u011bj l\u00e9taj\u00ed, \u017ee jemn\u00fd  typ by sebou sek.&#8220;<\/p>\n<p>P\u0158EST\u0158ELKA S JO LEINENEM<\/p>\n<p>Jakl se vlo\u017eil i do dlouholet\u00e9ho sporu mezi prezidentem Klausem a  jeho vytrval\u00fdm kritikem, n\u011bmeck\u00fdm\u00a0europoslancem a \u00fastavn\u00edm pr\u00e1vn\u00edkem\u00a0Jo  Leinenem. Ten v\u00a0roce 2007 prohl\u00e1sil, \u017ee \u010desk\u00fd prezident kv\u016fli sv\u00fdm  postoj\u016fm k\u00a0evropsk\u00e9 \u00fastav\u011b\u00a0\u017eene svou zemi do izolace. Jakl pak n\u011bkolika  novin\u00e1\u0159\u016fm rozeslal stru\u010dnou SMS: &#8222;Panu poslanci Leinenovi se asi st\u00fdsk\u00e1  po protektor\u00e1tu.&#8220; Druh\u00fd den zpr\u00e1vu vysv\u011btloval t\u00edm, \u017ee ho Leinenovy  v\u00fdroky nadm\u00edru pohor\u0161ily. Dodal tak\u00e9, \u017ee p\u0159\u00edm\u011br s protektor\u00e1tem  nepova\u017euje za problematick\u00fd, v\u00a0souvislosti s\u00a0Leinenem se pr\u00fd naopak  hod\u00ed. Europoslanec na jeho slova reagoval znechucen\u011b: &#8222;Je to docela  ot\u0159esn\u00fd koment\u00e1\u0159. Pan Jakl se chov\u00e1 primitivn\u011b. Ukazuje, \u017ee je  autisticky uzav\u0159en ve star\u00e9 nacionalistick\u00e9 r\u00e9torice a nen\u00ed schopen v\u00e9st  debatu odpov\u00eddaj\u00edc\u00ed roku 2007.&#8220; Spor mezi Klausem a Leinenem je i po  letech st\u00e1le \u017eiv\u00fd, ve v\u010derej\u0161\u00edm prohl\u00e1\u0161en\u00ed europoslanec Klause ozna\u010dil  pohromou \u010desk\u00e9 politiky.<\/p>\n<p>EVROPSK\u00c1 UNIE A LISABONSK\u00c1 SMLOUVA<\/p>\n<p>Jakl je stejn\u011b jako prezident Klaus kritikem Evropsk\u00e9 unie, korunoval  to prohl\u00e1\u0161en\u00edm, \u017ee m\u00e1 Lisabonsk\u00e1 smlouva zru\u0161it \u010cR\u00a0jako samostatn\u00fd  st\u00e1t. Loni\u00a0v\u00a0\u0159\u00edjnu zve\u0159ejnil tajemn\u00edk na serveru YouTube &#8222;novoro\u010dn\u00ed  projev&#8220;, ve kter\u00e9m oznamuje vystoupen\u00ed \u010cesk\u00e9 republiky z\u00a0EU. &#8222;Dnes  dopoledne jsem poslal jm\u00e9nem \u010cesk\u00e9 republiky dopis p\u0159edsedovi Evropsk\u00e9  rady, \u017ee \u010cesk\u00e1 republika dne\u0161n\u00edm dnem vystupuje z Evropsk\u00e9 unie a st\u00e1v\u00e1  se op\u011bt nez\u00e1visl\u00fdm, svobodn\u00fdm st\u00e1tem.&#8220; V\u00a0z\u00e1v\u011bru pak Jakl dod\u00e1v\u00e1, \u017ee \u010das  &#8222;bruselsk\u00e9ho dikt\u00e1tu&#8220; kon\u010d\u00ed. Jakl ostatn\u011b nenechal nikoho na pochyb\u00e1ch,  co si o EU mysl\u00ed, kdy\u017e se p\u0159i lo\u0148sk\u00e9 debat\u011b prezidentsk\u00fdch kandid\u00e1t\u016f  svl\u00e9kl do trika, na kter\u00e9m byl n\u00e1pis &#8222;S Bruselem na v\u011b\u010dn\u00e9 \u010dasy a nikdy  jinak&#8220; paroduj\u00edc\u00ed slavn\u00e9 sov\u011btsk\u00e9 heslo a pod n\u00edm \u017elut\u00e9 hv\u011bzdi\u010dky  seskupen\u00e9 do koso\u010dtverce.<\/p>\n<p><strong>Kancl\u00e9\u0159 Petr Weigl<\/strong><\/p>\n<p>Tak trochu mu\u017eem v\u00a0pozad\u00ed byl dal\u0161\u00ed z\u00a0&#8222;hradn\u00ed party&#8220;, kancl\u00e9\u0159 Ji\u0159\u00ed  Weigl, kter\u00fd s\u00a0Klausem spolupracoval u\u017e od po\u010d\u00e1tku 90. let. Weigl pat\u0159\u00ed  mezi v\u016fbec nejbli\u017e\u0161\u00ed Klausovy spolupracovn\u00edky, d\u011blal mu poradce a pak i  \u0161\u00e9fa poradc\u016f v\u00a0dob\u00e1ch, kdy Klaus vedl ministerstvo financ\u00ed a pozd\u011bji i  vl\u00e1du. Weigl tak\u00e9 stanul v\u00a0\u010dele Centra pro ekonomiku a politiku, kter\u00e9  v\u00a0roce 1998 Klaus zalo\u017eil.\u00a0Kancl\u00e9\u0159 byl z\u00e1rove\u0148 jedin\u00fdm z ve\u0159ejn\u011b zn\u00e1m\u00fdch  tv\u00e1\u0159\u00ed z\u00a0prezidentova okol\u00ed, kter\u00fd\u00a0neopl\u00fdval skand\u00e1ln\u00edmi koment\u00e1\u0159i.<\/p>\n<p>KAUZA SAVOY<\/p>\n<p>Do \u0161ir\u0161\u00edho pov\u011bdom\u00ed se Weigl\u00a0nejv\u00edc zapsal v\u00a0roce 2008 t\u011bsn\u011b p\u0159edt\u00edm,  \u017ee byl Klaus podruh\u00e9 zvolen prezidentem. Kancl\u00e9\u0159 se toti\u017e objevil na  tajn\u00e9 videonahr\u00e1vce z\u00a0pra\u017esk\u00e9ho hotelu Savoy spolu s\u00a0lobbistou  Miroslavem \u0160loufem. Okam\u017eit\u011b se pak objevily spekulace, \u017ee Weigl sh\u00e1n\u011bl  hlasy \u010cSSD, kter\u00e1 ofici\u00e1ln\u011b podporovala Klausova soupe\u0159e Jana \u0160vejnara.  Kv\u016fli sch\u016fzce se pak Strana zelen\u00fdch p\u0159iklonila k\u00a0ve\u0159ejn\u00e9 volb\u011b  prezidenta, kter\u00e1 se ov\u0161em prom\u011bnila sp\u00ed\u0161e ve fra\u0161ku a podle \u0159ady  odborn\u00edk\u016f v\u00fdrazn\u011b p\u0159isp\u011bla k\u00a0tomu, \u017ee pak byl Klaus\u016fv n\u00e1stupce vyb\u00edr\u00e1n  v\u00a0p\u0159\u00edm\u00e9 volb\u011b.<\/p>\n<p><strong>Mluv\u010d\u00ed Radim Ochvat<\/strong><\/p>\n<p>Sestavu Klausov\u00fdch nejbli\u017e\u0161\u00edch spolupracovn\u00edk\u016f dopl\u0148uje \u0161\u00e9f tiskov\u00e9ho  odboru Radim Ochvat, kter\u00fd v roce 2008 nahradil ve funkci mluv\u010d\u00edho  Petra H\u00e1jka. Ochvat byl\u00a0osobn\u00edm p\u0159\u00edtelem b\u00fdval\u00e9ho\u00a0p\u0159edsedy ODS  Mirka\u00a0Topol\u00e1nka,\u00a0v roce 2006 s n\u00edm p\u0159e\u0161el na \u00da\u0159ad vl\u00e1dy. Mezi novin\u00e1\u0159i  si z\u00edskal p\u0159\u00edzvisko &#8222;ten, kter\u00fd nic nev\u00ed a nem\u00e1 n\u00e1zor&#8220;, anticenu N\u011bm\u00e1  barik\u00e1da ale p\u0159ekvapiv\u011b nedostal.<\/p>\n<p><a href=\"http:\/\/www.ceskatelevize.cz\/ct24\/domaci\/217903-hrad-nebyl-jen-klaus-silnymi-vyroky-nesetrili-ani-hajek-s-jaklem-a-u-vseho-byl-forejt-gump\/\" target=\"_blank\">Zdroj a video<\/a><\/p>\n","protected":false},"excerpt":{"rendered":"<p>Kon\u010d\u00edc\u00ed prezident V\u00e1clav Klaus proslul mnoha ostr\u00fdmi v\u00fdroky. Kontroverze v\u0161ak \u010dasto vyvol\u00e1vali i Klausovi spolupracovn\u00edci, zejm\u00e9na dvojice Petr H\u00e1jek a Ladislav Jakl. Prvn\u00ed proslul mimo jin\u00e9 odm\u00edtnut\u00edm darwinismu a slovy, \u017ee on z opice nepoch\u00e1z\u00ed. Jakl zase p\u0159irovnal Stranu zelen\u00fdch k extremist\u016fm. S Klausov\u00fdm odchodem tak kon\u010d\u00ed tak\u00e9 n\u011bkolik excentrick\u00fdch postav na Hrad\u011b, kter\u00e9 sta\u010dily [&hellip;]<\/p>\n","protected":false},"author":1,"featured_media":0,"comment_status":"open","ping_status":"open","sticky":false,"template":"","format":"standard","meta":{"ngg_post_thumbnail":0,"footnotes":""},"categories":[13,12],"tags":[],"class_list":["post-3702","post","type-post","status-publish","format-standard","hentry","category-rozhovory","category-video"],"_links":{"self":[{"href":"https:\/\/www.ladislavjakl.cz\/index.php?rest_route=\/wp\/v2\/posts\/3702","targetHints":{"allow":["GET"]}}],"collection":[{"href":"https:\/\/www.ladislavjakl.cz\/index.php?rest_route=\/wp\/v2\/posts"}],"about":[{"href":"https:\/\/www.ladislavjakl.cz\/index.php?rest_route=\/wp\/v2\/types\/post"}],"author":[{"embeddable":true,"href":"https:\/\/www.ladislavjakl.cz\/index.php?rest_route=\/wp\/v2\/users\/1"}],"replies":[{"embeddable":true,"href":"https:\/\/www.ladislavjakl.cz\/index.php?rest_route=%2Fwp%2Fv2%2Fcomments&post=3702"}],"version-history":[{"count":2,"href":"https:\/\/www.ladislavjakl.cz\/index.php?rest_route=\/wp\/v2\/posts\/3702\/revisions"}],"predecessor-version":[{"id":3704,"href":"https:\/\/www.ladislavjakl.cz\/index.php?rest_route=\/wp\/v2\/posts\/3702\/revisions\/3704"}],"wp:attachment":[{"href":"https:\/\/www.ladislavjakl.cz\/index.php?rest_route=%2Fwp%2Fv2%2Fmedia&parent=3702"}],"wp:term":[{"taxonomy":"category","embeddable":true,"href":"https:\/\/www.ladislavjakl.cz\/index.php?rest_route=%2Fwp%2Fv2%2Fcategories&post=3702"},{"taxonomy":"post_tag","embeddable":true,"href":"https:\/\/www.ladislavjakl.cz\/index.php?rest_route=%2Fwp%2Fv2%2Ftags&post=3702"}],"curies":[{"name":"wp","href":"https:\/\/api.w.org\/{rel}","templated":true}]}}