{"id":3705,"date":"2013-03-15T13:25:51","date_gmt":"2013-03-15T12:25:51","guid":{"rendered":"http:\/\/www.ladislavjakl.cz\/?p=3705"},"modified":"2013-03-15T13:25:51","modified_gmt":"2013-03-15T12:25:51","slug":"klaus-uz-ma-pripravenou-kancelar","status":"publish","type":"post","link":"https:\/\/www.ladislavjakl.cz\/?p=3705","title":{"rendered":"Klaus u\u017e m\u00e1 p\u0159ipravenou kancel\u00e1\u0159"},"content":{"rendered":"<p>Exprezident V\u00e1clav Klaus si ji\u017e prohl\u00e9dl prostory Institutu na  Hanspaulce, kde bude \u00fa\u0159adovat. Jeho nov\u00e1 kancel\u00e1\u0159 v\u0161ak zat\u00edm nen\u00ed pln\u011b v  provozu. Zb\u00fdv\u00e1 vybalit je\u0161t\u011b n\u011bkolik v\u011bc\u00ed a zapojit techniku. O  rozjezdu Institutu V\u00e1clava Klause informuj\u00ed \u010dtvrte\u010dn\u00ed Lidov\u00e9 noviny. Sv\u00e9  s\u00edly Institutu prop\u016fj\u010d\u00ed n\u011bkdej\u0161\u00ed prezidentovi spolupracovn\u00edci, Ji\u0159\u00ed  Weigl, Ladislav Jakl nebo Petr H\u00e1jek.<\/p>\n<p><!--more--><\/p>\n<p>\u201ePan prezident u\u017e chv\u00edli \u00fa\u0159adoval, ve \u010dtvrtek bude norm\u00e1ln\u011b,\u201c uvedl  b\u00fdval\u00fd hradn\u00ed tajemn\u00edk Ladislav Jakl. \u201eV z\u00e1sad\u011b je v\u0161e nast\u011bhovan\u00e9, ale  je\u0161t\u011b ne v\u0161e vybalen\u00e9 a zapojen\u00e9. J\u00e1 budu m\u00edt na starost centrum  spole\u010densk\u00fdch studi\u00ed,\u201c doplnil Jakl.<\/p>\n<h4>CEP bude pohlcen<\/h4>\n<p>Ji\u017e te\u010f je jasn\u00e9, \u017ee se Klaus ve sv\u00e9 nov\u00e9 roli bude v\u011bnovat ot\u00e1zk\u00e1m  ekonomiky politiky a pravd\u011bpodobn\u011b i ekologie. To jsou oblasti, ke  kter\u00fdm se hojn\u011b vyjad\u0159oval ji\u017e v prezidentsk\u00e9 funkci. M\u00e9n\u011b jasn\u00e9 u\u017e je,  kdo v\u0161echno bude v Institutu p\u016fsobit spolu s Klausem. Nap\u0159. vicekancl\u00e9\u0159  Petr H\u00e1jek novin\u00e1\u0159\u016fm \u0159ekl, a\u0165 se nechaj\u00ed p\u0159ekvapit. V Institutu je  p\u0159ipraveno i m\u00edsto pro Klausova kancl\u00e9\u0159e Ji\u0159\u00edho Weigla. Pom\u00e1hat je  p\u0159ipraven tak\u00e9 Jan Lupom\u011bsk\u00fd, n\u011bkdej\u0161\u00ed poradce prezidenta, zat\u00edm ho v\u0161ak  o spolupr\u00e1ci nikdo nepo\u017e\u00e1dal.<\/p>\n<p>Centrum ekonomick\u00fdch studi\u00ed funguj\u00edc\u00ed v r\u00e1mci Institutu povede ex\u0161\u00e9f  Klausova sekretari\u00e1tu Martin Slan\u00fd. Tato sekce p\u0159ebere \u010d\u00e1st \u010dinnosti  dosud existuj\u00edc\u00edho Centra pro ekonomiku a politiku, dal\u0161\u00ed my\u0161lenkov\u00e9  platformy, kterou zalo\u017eil s\u00e1m Klaus v roce 1998.<\/p>\n<p>&#8222;IVK postupn\u011b p\u0159ebere \u010dinnost CEP a roz\u0161\u00ed\u0159\u00ed ji nejen pro dom\u00e1c\u00ed, ale i  zahrani\u010dn\u00ed publikum,\u201c \u0159ekl LN Klaus\u016fv poradce Jan Skope\u010dek. \u201eNen\u00ed d\u016fvod,  pro\u010d by m\u011bly dv\u011b podobn\u00e9 organizace fungovat separ\u00e1tn\u011b vedle sebe,&#8220;  dod\u00e1v\u00e1.<\/p>\n<p><a href=\"http:\/\/www.parlamentnilisty.cz\/zpravy\/Klaus-uz-ma-pripravenou-kancelar-265729http:\/\/\" target=\"_blank\">Zdroj<\/a><\/p>\n","protected":false},"excerpt":{"rendered":"<p>Exprezident V\u00e1clav Klaus si ji\u017e prohl\u00e9dl prostory Institutu na Hanspaulce, kde bude \u00fa\u0159adovat. Jeho nov\u00e1 kancel\u00e1\u0159 v\u0161ak zat\u00edm nen\u00ed pln\u011b v provozu. Zb\u00fdv\u00e1 vybalit je\u0161t\u011b n\u011bkolik v\u011bc\u00ed a zapojit techniku. O rozjezdu Institutu V\u00e1clava Klause informuj\u00ed \u010dtvrte\u010dn\u00ed Lidov\u00e9 noviny. Sv\u00e9 s\u00edly Institutu prop\u016fj\u010d\u00ed n\u011bkdej\u0161\u00ed prezidentovi spolupracovn\u00edci, Ji\u0159\u00ed Weigl, Ladislav Jakl nebo Petr H\u00e1jek.<\/p>\n","protected":false},"author":1,"featured_media":0,"comment_status":"open","ping_status":"open","sticky":false,"template":"","format":"standard","meta":{"ngg_post_thumbnail":0,"footnotes":""},"categories":[11],"tags":[],"class_list":["post-3705","post","type-post","status-publish","format-standard","hentry","category-ozvena"],"_links":{"self":[{"href":"https:\/\/www.ladislavjakl.cz\/index.php?rest_route=\/wp\/v2\/posts\/3705","targetHints":{"allow":["GET"]}}],"collection":[{"href":"https:\/\/www.ladislavjakl.cz\/index.php?rest_route=\/wp\/v2\/posts"}],"about":[{"href":"https:\/\/www.ladislavjakl.cz\/index.php?rest_route=\/wp\/v2\/types\/post"}],"author":[{"embeddable":true,"href":"https:\/\/www.ladislavjakl.cz\/index.php?rest_route=\/wp\/v2\/users\/1"}],"replies":[{"embeddable":true,"href":"https:\/\/www.ladislavjakl.cz\/index.php?rest_route=%2Fwp%2Fv2%2Fcomments&post=3705"}],"version-history":[{"count":1,"href":"https:\/\/www.ladislavjakl.cz\/index.php?rest_route=\/wp\/v2\/posts\/3705\/revisions"}],"predecessor-version":[{"id":3706,"href":"https:\/\/www.ladislavjakl.cz\/index.php?rest_route=\/wp\/v2\/posts\/3705\/revisions\/3706"}],"wp:attachment":[{"href":"https:\/\/www.ladislavjakl.cz\/index.php?rest_route=%2Fwp%2Fv2%2Fmedia&parent=3705"}],"wp:term":[{"taxonomy":"category","embeddable":true,"href":"https:\/\/www.ladislavjakl.cz\/index.php?rest_route=%2Fwp%2Fv2%2Fcategories&post=3705"},{"taxonomy":"post_tag","embeddable":true,"href":"https:\/\/www.ladislavjakl.cz\/index.php?rest_route=%2Fwp%2Fv2%2Ftags&post=3705"}],"curies":[{"name":"wp","href":"https:\/\/api.w.org\/{rel}","templated":true}]}}