{"id":3709,"date":"2013-03-19T10:33:35","date_gmt":"2013-03-19T09:33:35","guid":{"rendered":"http:\/\/www.ladislavjakl.cz\/?p=3709"},"modified":"2013-03-19T10:34:42","modified_gmt":"2013-03-19T09:34:42","slug":"jakl-a-spidla-necekana-shoda-o-duchodech-pryc-s-druhym-pilirem","status":"publish","type":"post","link":"https:\/\/www.ladislavjakl.cz\/?p=3709","title":{"rendered":"Jakl a \u0160pidla &#8211; ne\u010dekan\u00e1 shoda o d\u016fchodech: pry\u010d s druh\u00fdm pil\u00ed\u0159em!"},"content":{"rendered":"<p>Co to je &#8211; d\u016fchod? Jak vznikl, komu byl p\u016fvodn\u011b ur\u010den? Tyto a dal\u0161\u00ed  ot\u00e1zky div\u00e1k\u016fm vytvo\u0159\u00ed historickou i sociologickou exkurzi umo\u017e\u0148uj\u00edc\u00ed  l\u00e9pe p\u0159istoupit k hlavn\u00edmu bodu debaty, kter\u00fdm byla d\u016fchodov\u00e1 reforma,  jej\u00ed smysl a \u00fa\u010del. Pil\u00ed\u0159e, na nich\u017e d\u016fchodov\u00e1 reforma stoj\u00ed, jsou podle  p\u00e1n\u016f \u0160pidli a Jakla postaven\u00e9 na pevn\u00fdch nebo hlin\u011bn\u00fdch noh\u00e1ch? Maj\u00ed  lid\u00e9 do druh\u00e9ho pil\u00ed\u0159e investovat nebo si v\u0161e maj\u00ed rad\u011bji d\u016fkladn\u011b  promyslet s ohledem na skute\u010dnost, \u017ee ze smlouvy nelze nijak odstoupit?<\/p>\n<p><!--more--><br \/>\n<iframe loading=\"lazy\" width=\"420\" height=\"315\" src=\"http:\/\/www.youtube.com\/embed\/EDltgO2HmB8\" frameborder=\"0\" allowfullscreen><\/iframe><\/p>\n<p><a href=\"http:\/\/debatniklub.webnode.cz\/products\/duchodova-reforma\/\">http:\/\/debatniklub.webnode.cz\/products\/duchodova-reforma\/<\/a><\/p>\n<p><a href=\"http:\/\/youtu.be\/EDltgO2HmB8\">http:\/\/youtu.be\/EDltgO2HmB8<\/a><\/p>\n","protected":false},"excerpt":{"rendered":"<p>Co to je &#8211; d\u016fchod? Jak vznikl, komu byl p\u016fvodn\u011b ur\u010den? Tyto a dal\u0161\u00ed ot\u00e1zky div\u00e1k\u016fm vytvo\u0159\u00ed historickou i sociologickou exkurzi umo\u017e\u0148uj\u00edc\u00ed l\u00e9pe p\u0159istoupit k hlavn\u00edmu bodu debaty, kter\u00fdm byla d\u016fchodov\u00e1 reforma, jej\u00ed smysl a \u00fa\u010del. Pil\u00ed\u0159e, na nich\u017e d\u016fchodov\u00e1 reforma stoj\u00ed, jsou podle p\u00e1n\u016f \u0160pidli a Jakla postaven\u00e9 na pevn\u00fdch nebo hlin\u011bn\u00fdch noh\u00e1ch? Maj\u00ed [&hellip;]<\/p>\n","protected":false},"author":1,"featured_media":0,"comment_status":"open","ping_status":"open","sticky":false,"template":"","format":"standard","meta":{"ngg_post_thumbnail":0,"footnotes":""},"categories":[13,12],"tags":[],"class_list":["post-3709","post","type-post","status-publish","format-standard","hentry","category-rozhovory","category-video"],"_links":{"self":[{"href":"https:\/\/www.ladislavjakl.cz\/index.php?rest_route=\/wp\/v2\/posts\/3709","targetHints":{"allow":["GET"]}}],"collection":[{"href":"https:\/\/www.ladislavjakl.cz\/index.php?rest_route=\/wp\/v2\/posts"}],"about":[{"href":"https:\/\/www.ladislavjakl.cz\/index.php?rest_route=\/wp\/v2\/types\/post"}],"author":[{"embeddable":true,"href":"https:\/\/www.ladislavjakl.cz\/index.php?rest_route=\/wp\/v2\/users\/1"}],"replies":[{"embeddable":true,"href":"https:\/\/www.ladislavjakl.cz\/index.php?rest_route=%2Fwp%2Fv2%2Fcomments&post=3709"}],"version-history":[{"count":3,"href":"https:\/\/www.ladislavjakl.cz\/index.php?rest_route=\/wp\/v2\/posts\/3709\/revisions"}],"predecessor-version":[{"id":3712,"href":"https:\/\/www.ladislavjakl.cz\/index.php?rest_route=\/wp\/v2\/posts\/3709\/revisions\/3712"}],"wp:attachment":[{"href":"https:\/\/www.ladislavjakl.cz\/index.php?rest_route=%2Fwp%2Fv2%2Fmedia&parent=3709"}],"wp:term":[{"taxonomy":"category","embeddable":true,"href":"https:\/\/www.ladislavjakl.cz\/index.php?rest_route=%2Fwp%2Fv2%2Fcategories&post=3709"},{"taxonomy":"post_tag","embeddable":true,"href":"https:\/\/www.ladislavjakl.cz\/index.php?rest_route=%2Fwp%2Fv2%2Ftags&post=3709"}],"curies":[{"name":"wp","href":"https:\/\/api.w.org\/{rel}","templated":true}]}}