{"id":371,"date":"2010-05-25T13:33:08","date_gmt":"2010-05-25T12:33:08","guid":{"rendered":"http:\/\/www.ladislavjakl.cz\/?p=371"},"modified":"2010-05-25T13:33:08","modified_gmt":"2010-05-25T12:33:08","slug":"koho-volit","status":"publish","type":"post","link":"https:\/\/www.ladislavjakl.cz\/?p=371","title":{"rendered":"Koho volit?"},"content":{"rendered":"<p>V\u00e1h\u00e1te, koho volit? Porad\u00edm v\u00e1m. A to jsem si v\u017edy  myslel, \u017ee tohle radit nikomu nelze, \u017ee volba je osobn\u00ed v\u011bc\u00ed ka\u017ed\u00e9ho, \u017ee  ka\u017ed\u00fd m\u00e1 sv\u00e9 vlastn\u00ed motivy, sv\u00e9 z\u00e1jmy, sv\u00e9 n\u00e1zory, a z\u00a0nich \u017ee m\u00e1  odvodit svou volbu.<!--more--><\/p>\n<p><a name=\"t2\"><\/a><\/p>\n<div>\n<p>Mysl\u00edm si to i nad\u00e1le a  p\u0159esto je zp\u016fsob, jak druh\u00fdm poradit a p\u0159itom volbu nechat na nich.  Zal\u00edbila se mi toti\u017e anketa na adrese <a href=\"http:\/\/www.kohovolit.eu\/\">www.kohovolit.eu<\/a>.  Tam v\u00e1m nab\u00eddnou sadu typick\u00fdch ot\u00e1zek o v\u011bcech, o jak\u00fdch se  v\u00a0parlamentu b\u011b\u017en\u011b rozhoduje. A pak vyhodnot\u00ed, kter\u00e1 kandiduj\u00edc\u00ed strana  je v\u00e1m nejbl\u00ed\u017e.<\/p>\n<p>Je to dobr\u00e1 metoda. Z\u00e1le\u017e\u00ed u n\u00ed toti\u017e na skute\u010dn\u00e9m obsahu politiky,  ne na sympati\u00edch \u010di antipati\u00edch, ne na h\u0159motu volebn\u00ed kampan\u011b, ne na  medi\u00e1ln\u00edm p\u0159evypr\u00e1v\u011bn\u00ed postoj\u016f kdejak\u00e9ho politick\u00e9ho akt\u00e9ra.<\/p>\n<p>\u010clov\u011bk m\u00e1 volit podle sv\u00e9ho srdce, podle sv\u00e9ho rozumu, podle sv\u00fdch  z\u00e1jm\u016f a podle sv\u00fdch idej\u00ed. Jsem p\u0159esv\u011bd\u010den, \u017ee by nem\u011bl volit takticky  proti sv\u00e9 v\u016fli, proto\u017ee to se mu v\u017edycky vymst\u00ed. Hlasovat jen tak  protestn\u011b nebo ze strachu, to jen p\u0159ekresluje v\u00fdsledek voleb a vzdaluje  ho skute\u010dn\u00e9mu rozlo\u017een\u00ed n\u00e1lad mezi lidmi.<\/p>\n<p>Komunisti po roce 1945 \u0159\u00edkali: no, nejsme dokonal\u00ed, ale jsme zase  nej\u00fa\u010dinn\u011bj\u0161\u00ed hr\u00e1z\u00ed proti revan\u0161ist\u016fm. A lidi je volili, ne z\u00a0pozitivn\u00edch  d\u016fvod\u016f, ale ze strachu. Na to s\u00e1zej\u00ed i dne\u0161n\u00ed lovci hlas\u016f: stra\u0161\u00ed v\u00e1s,  \u017ee jejich soupe\u0159 v\u00e1s zakousne, kdy\u017e nebudete volit zrovna je. A vy m\u00e1te  zapomenout na to, jak se chovali a jakou politiku d\u011blali, proto\u017ee  strach, to je ten nejsiln\u011bj\u0161\u00ed motiv.<\/p>\n<p>\u017d\u00e1dn\u00e1 taktika, \u017e\u00e1dn\u00e9 volen\u00ed nejmen\u0161\u00edho zla, volte podle sebe, volte  ty sob\u011b nejbli\u017e\u0161\u00ed, volte pozitivn\u011b. Jen tak n\u00e1m volby pravdiv\u011b \u0159eknou  to, co my voli\u010di vlastn\u011b chceme.<\/p>\n<p>A je\u0161t\u011b jedna zaj\u00edmavost. Na stejn\u00e9 webov\u00e9 adrese m\u016f\u017eete tak\u00e9  otestovat dosavadn\u00ed poslance. Vyleze v\u00e1m \u017eeb\u0159\u00ed\u010dek poslanc\u016f podle m\u00edry  shody s\u00a0va\u0161imi n\u00e1zory. Ur\u010dit\u011b v\u00e1s ten v\u00fdsledek p\u0159ekvap\u00ed, ne ka\u017ed\u00fd m\u00e1  toti\u017e \u010das a chu\u0165 sledovat v\u0161echna hlasov\u00e1n\u00ed, ne ka\u017ed\u00fd je odoln\u00fd v\u016f\u010di  p\u0159edpojatostem. Je dobr\u00e9 si ten test ud\u011blat, \u010dlov\u011bk mo\u017en\u00e1 zjist\u00ed, \u017ee se  dosud m\u00e1lo znal a \u017ee m\u00e1lo znal i lidi, kter\u00e9 \u010dasto hodnot\u00ed jen podle p\u00e1r  v\u011bt v\u00a0televizi. \u010clov\u011bk mo\u017en\u00e1 zjist\u00ed, \u017ee jeho obl\u00edbenec hlasuje \u00fapln\u011b  proti jeho z\u00e1jm\u016fm a naopak \u017ee ten nemilovan\u00fd nemus\u00ed b\u00fdt \u00fapln\u00fd blbec.<\/p>\n<p>Zkuste si to a t\u0159eba pak do diskuse napi\u0161te, jak jste dopadli a  jestli v\u00e1s v\u00fdsledek p\u0159ekvapil.<\/p>\n<p>A pak volte podle sebe.<\/p><\/div>\n","protected":false},"excerpt":{"rendered":"<p>V\u00e1h\u00e1te, koho volit? Porad\u00edm v\u00e1m. A to jsem si v\u017edy myslel, \u017ee tohle radit nikomu nelze, \u017ee volba je osobn\u00ed v\u011bc\u00ed ka\u017ed\u00e9ho, \u017ee ka\u017ed\u00fd m\u00e1 sv\u00e9 vlastn\u00ed motivy, sv\u00e9 z\u00e1jmy, sv\u00e9 n\u00e1zory, a z\u00a0nich \u017ee m\u00e1 odvodit svou volbu.<\/p>\n","protected":false},"author":1,"featured_media":0,"comment_status":"open","ping_status":"open","sticky":false,"template":"","format":"standard","meta":{"ngg_post_thumbnail":0,"footnotes":""},"categories":[1],"tags":[],"class_list":["post-371","post","type-post","status-publish","format-standard","hentry","category-publikovane-clanky"],"_links":{"self":[{"href":"https:\/\/www.ladislavjakl.cz\/index.php?rest_route=\/wp\/v2\/posts\/371","targetHints":{"allow":["GET"]}}],"collection":[{"href":"https:\/\/www.ladislavjakl.cz\/index.php?rest_route=\/wp\/v2\/posts"}],"about":[{"href":"https:\/\/www.ladislavjakl.cz\/index.php?rest_route=\/wp\/v2\/types\/post"}],"author":[{"embeddable":true,"href":"https:\/\/www.ladislavjakl.cz\/index.php?rest_route=\/wp\/v2\/users\/1"}],"replies":[{"embeddable":true,"href":"https:\/\/www.ladislavjakl.cz\/index.php?rest_route=%2Fwp%2Fv2%2Fcomments&post=371"}],"version-history":[{"count":2,"href":"https:\/\/www.ladislavjakl.cz\/index.php?rest_route=\/wp\/v2\/posts\/371\/revisions"}],"predecessor-version":[{"id":373,"href":"https:\/\/www.ladislavjakl.cz\/index.php?rest_route=\/wp\/v2\/posts\/371\/revisions\/373"}],"wp:attachment":[{"href":"https:\/\/www.ladislavjakl.cz\/index.php?rest_route=%2Fwp%2Fv2%2Fmedia&parent=371"}],"wp:term":[{"taxonomy":"category","embeddable":true,"href":"https:\/\/www.ladislavjakl.cz\/index.php?rest_route=%2Fwp%2Fv2%2Fcategories&post=371"},{"taxonomy":"post_tag","embeddable":true,"href":"https:\/\/www.ladislavjakl.cz\/index.php?rest_route=%2Fwp%2Fv2%2Ftags&post=371"}],"curies":[{"name":"wp","href":"https:\/\/api.w.org\/{rel}","templated":true}]}}