{"id":3716,"date":"2013-03-19T10:39:23","date_gmt":"2013-03-19T09:39:23","guid":{"rendered":"http:\/\/www.ladislavjakl.cz\/?p=3716"},"modified":"2013-03-19T10:39:44","modified_gmt":"2013-03-19T09:39:44","slug":"jakl-pujdu-s-klausem-do-jeho-institutu-politice-se-nebranim","status":"publish","type":"post","link":"https:\/\/www.ladislavjakl.cz\/?p=3716","title":{"rendered":"Jakl: P\u016fjdu s Klausem do jeho institutu, politice se nebr\u00e1n\u00edm"},"content":{"rendered":"<p>Spolu s V\u00e1clavem Klausem kon\u010d\u00ed o \u010dtvrte\u010dn\u00ed p\u016flnoci na Hrad\u011b i  jeho tajemn\u00edk Ladislav Jakl. S odch\u00e1zej\u00edc\u00edm prezidentem bude i nad\u00e1le  spolupracovat, a to v jeho institutu na pra\u017esk\u00e9 Hanspaulce. Do vlastn\u00ed  politick\u00e9 kari\u00e9ry se pr\u00fd nehrne, ale ani se j\u00ed nebr\u00e1n\u00ed. Ubezpe\u010dil, \u017ee  jej bude sly\u0161et.<\/p>\n<p><!--more--><\/p>\n<p>Jakl dostal odvolac\u00ed dekret v \u00fater\u00fd, ve funkci tajemn\u00edka a \u0159editele politick\u00e9ho odboru kon\u010d\u00ed ve \u010dtvrtek. \u0158ekl to R\u00e1diu Impuls.<\/p>\n<p>V budoucnu bude p\u016fsobit v Klausov\u011b institutu v z\u00e1me\u010dku Praze na Hanspaulce, kter\u00fd prezidentovi zajistil finan\u010dn\u00edk Petr Kellner. &#8222;C\u00edt\u00edm mor\u00e1ln\u00ed povinnost s rozjezdem pomoci. M\u00e1m p\u0159edstavu, co bych tam mohl d\u011blat. S\u00e1m ale nev\u00edm, jak velk\u00fd prostor to v m\u00e9m \u017eivot\u011b zaujme,&#8220; uvedl Jakl.<\/p>\n<p>V institutu bude m\u00edt na starosti sekci spole\u010densk\u00fdch v\u011bd. &#8222;Budu studovat, vyd\u00e1vat, b\u00e1dat, ps\u00e1t, organizovat,&#8220; p\u0159ibl\u00ed\u017eil n\u00e1pl\u0148 sv\u00e9 budouc\u00ed pr\u00e1ce. Zopakoval tak\u00e9, \u017ee hodl\u00e1 zalo\u017eit vlastn\u00ed minipivovar.<\/p>\n<p>Jakla loni Strana svobodn\u00fdch ob\u010dan\u016f nominovala jako kandid\u00e1ta na prezidenta, ministerstvu vnitra v\u0161ak nedodal pot\u0159ebn\u00fd po\u010det podpis\u016f. Nyn\u00ed vstup do politiky nevylu\u010duje. &#8222;Pokud by takov\u00e1 p\u0159\u00edle\u017eitost byla, tak klidn\u011b ano. \u017de bych se ale do toho hrnul, to ne. Sly\u0161et m\u011b ur\u010dit\u011b bude,&#8220; uvedl n\u011bkdej\u0161\u00ed poslanec \u010cesk\u00e9 n\u00e1rodn\u00ed rady.<\/p>\n<p>T\u0159iapades\u00e1tilet\u00fd b\u00fdval\u00fd novin\u00e1\u0159 spolupracoval s Klausem na Hrad\u011b po celou dobu jeho prezidentov\u00e1n\u00ed. U\u017e od druh\u00e9 poloviny 90. let p\u016fsobil jako jeho poradce.<\/p>\n<p>\u0158editelem Klausova institutu bude prezident\u016fv kancl\u00e9\u0159 Ji\u0159\u00ed Weigl. Ten je\u0161t\u011b n\u011bkolik m\u011bs\u00edc\u016f bude na Hrad\u011b zau\u010dovat sv\u00e9ho n\u00e1stupce, jeho jm\u00e9no zat\u00edm nastupuj\u00edc\u00ed prezident Milo\u0161 Zeman neprozradil.<\/p>\n<p><a href=\"http:\/\/zpravy.idnes.cz\/jakl-bude-pracovat-v-klausove-institutu-fdo-\/domaci.aspx?c=A130307_185723_domaci_jj\" target=\"_blank\">Zdroj<\/a><\/p>\n","protected":false},"excerpt":{"rendered":"<p>Spolu s V\u00e1clavem Klausem kon\u010d\u00ed o \u010dtvrte\u010dn\u00ed p\u016flnoci na Hrad\u011b i jeho tajemn\u00edk Ladislav Jakl. S odch\u00e1zej\u00edc\u00edm prezidentem bude i nad\u00e1le spolupracovat, a to v jeho institutu na pra\u017esk\u00e9 Hanspaulce. Do vlastn\u00ed politick\u00e9 kari\u00e9ry se pr\u00fd nehrne, ale ani se j\u00ed nebr\u00e1n\u00ed. Ubezpe\u010dil, \u017ee jej bude sly\u0161et.<\/p>\n","protected":false},"author":1,"featured_media":0,"comment_status":"open","ping_status":"open","sticky":false,"template":"","format":"standard","meta":{"ngg_post_thumbnail":0,"footnotes":""},"categories":[11],"tags":[],"class_list":["post-3716","post","type-post","status-publish","format-standard","hentry","category-ozvena"],"_links":{"self":[{"href":"https:\/\/www.ladislavjakl.cz\/index.php?rest_route=\/wp\/v2\/posts\/3716","targetHints":{"allow":["GET"]}}],"collection":[{"href":"https:\/\/www.ladislavjakl.cz\/index.php?rest_route=\/wp\/v2\/posts"}],"about":[{"href":"https:\/\/www.ladislavjakl.cz\/index.php?rest_route=\/wp\/v2\/types\/post"}],"author":[{"embeddable":true,"href":"https:\/\/www.ladislavjakl.cz\/index.php?rest_route=\/wp\/v2\/users\/1"}],"replies":[{"embeddable":true,"href":"https:\/\/www.ladislavjakl.cz\/index.php?rest_route=%2Fwp%2Fv2%2Fcomments&post=3716"}],"version-history":[{"count":2,"href":"https:\/\/www.ladislavjakl.cz\/index.php?rest_route=\/wp\/v2\/posts\/3716\/revisions"}],"predecessor-version":[{"id":3718,"href":"https:\/\/www.ladislavjakl.cz\/index.php?rest_route=\/wp\/v2\/posts\/3716\/revisions\/3718"}],"wp:attachment":[{"href":"https:\/\/www.ladislavjakl.cz\/index.php?rest_route=%2Fwp%2Fv2%2Fmedia&parent=3716"}],"wp:term":[{"taxonomy":"category","embeddable":true,"href":"https:\/\/www.ladislavjakl.cz\/index.php?rest_route=%2Fwp%2Fv2%2Fcategories&post=3716"},{"taxonomy":"post_tag","embeddable":true,"href":"https:\/\/www.ladislavjakl.cz\/index.php?rest_route=%2Fwp%2Fv2%2Ftags&post=3716"}],"curies":[{"name":"wp","href":"https:\/\/api.w.org\/{rel}","templated":true}]}}