{"id":3726,"date":"2013-03-20T16:57:38","date_gmt":"2013-03-20T15:57:38","guid":{"rendered":"http:\/\/www.ladislavjakl.cz\/?p=3726"},"modified":"2013-03-20T16:57:38","modified_gmt":"2013-03-20T15:57:38","slug":"vyvijet-plnohodnotnou-politickou-cinnost-lze-jen-v-suverenni-zemi-a-suverenni-zeme-nemuze-byt-v-evropske-unii","status":"publish","type":"post","link":"https:\/\/www.ladislavjakl.cz\/?p=3726","title":{"rendered":"Vyv\u00edjet plnohodnotnou politickou \u010dinnost lze jen v suver\u00e9nn\u00ed zemi. A suver\u00e9nn\u00ed zem\u011b nem\u016f\u017ee b\u00fdt v Evropsk\u00e9 unii."},"content":{"rendered":"<p><em><\/em>Po  chvilkov\u00e9m smutku a jak\u00e9msi  ochromen\u00ed, kdy se zd\u00e1lo, \u017ee pravice v \u010cR  odchodem pana presidenta jako jej\u00ed  posledn\u00ed ba\u0161ty z\u00a0Hradu u\u017e  definitivn\u011b zanikla, zvedla tato op\u011bt hlavu a  pustila se do boje za  svobodu v na\u0161\u00ed zemi. Institut V\u00e1clava Klause (IVK) sice  je\u0161t\u011b nem\u00e1 ani  lustry v m\u00edstnostech, ale za\u010dal po n\u00e1vratu \u0161\u00e9fa z USA\u00a0 pracovat naplno.  D\u016fkazem toho je, \u017ee jeho  osobn\u00ed tajemn\u00edk <strong>Ladislav Jakl<\/strong> <strong>vyzval ba\u0161tu konzervativc\u016f,\u00a0 kte\u0159\u00ed se se\u0161li na ji\u017e dev\u00e1t\u00fdch <em>&#8222;Hovorech  na pravici&#8220;<\/em> po\u0159\u00e1dan\u00fdch <em>Akc\u00ed DOST<\/em> Michala Sem\u00edna na Novotn\u00e9ho  l\u00e1vce v Praze, k zorganizov\u00e1n\u00ed referenda o vystoupen\u00ed z EU.<\/strong> A \u017ee 2. dubna 2013 bude na des\u00e1t\u00fdch Hovorech na pravici <em>nesouc\u00edch n\u00e1zev &#8222;Na prahu kontrarevoluce&#8220; <\/em>vyz\u00fdvat dal\u0161\u00ed p\u0159\u00edtel profesora Klause pan Petr H\u00e1jek tamt\u00e9\u017e v 18 hodin  p\u0159\u00edtomn\u00e9 ke kontrarevoluci.<\/p>\n<p><!--more--><strong><img loading=\"lazy\" decoding=\"async\" src=\"http:\/\/www.fragmenty.cz\/Obrazky\/IMG_3508.jpg\" alt=\"\" width=\"400\" height=\"301\" \/><\/strong><\/p>\n<h4>&#8222;<strong><em>Na mo\u017enosti vyhl\u00e1\u0161en\u00ed referenda o vystoupen\u00ed z EU jsem<\/em><\/strong> <strong><em>p\u0159ipraven  spoplupracovat s\u00a0k\u00fdmkoliv!&#8220; <\/em><\/strong>bur\u00e1cel Jakl. Je to podle  n\u011bho prvn\u00ed krok ke svobod\u011b a boj za n\u011bj se bude  stup\u0148ovat v\u00a0dal\u0161\u00edch kroc\u00edch.<\/h4>\n<p><em>&#8222;<strong>Mus\u00edme  postupovat syst\u00e9mem graduj\u00edc\u00edho pokra\u010dov\u00e1n\u00ed.<\/strong> Nebude to ale \u017e\u00e1dn\u00e9  p\u0159e\u0161lapov\u00e1n\u00ed na m\u00edst\u011b, budeme trp\u011bliv\u011b, systematicky a st\u00e1le\u00a0 pracovat na sv\u00e9m c\u00edli.<\/em> <em>Nen\u00ed  nutno  tady p\u0159em\u00fd\u0161let nahlas. Pi\u0161me a p\u0159ipravujme se. Je nutn\u00e9 v\u00a0prvn\u00ed  \u0159ad\u011b  vytvo\u0159it kroky pro graduj\u00edc\u00ed pokra\u010dov\u00e1n\u00ed a j\u00edt st\u00e1le nahoru.  Nesna\u017eme se b\u00fdt  okam\u017eit\u011b horou, kter\u00e1 porod\u00ed my\u0161, abe bu\u010fme my\u0161\u00ed, kter\u00e1  porod\u00ed horu. EU je mezin\u00e1rodn\u00ed organizac\u00ed,  kter\u00e1 m\u00e1 konkr\u00e9tn\u00ed podobu.  Nen\u00ed to posv\u00e1tn\u00e1 kr\u00e1va, ale \u017eiv\u00e9 t\u00e9ma  k\u00a0neust\u00e1l\u00e9 debat\u011b, kter\u00e1 se t\u00fdk\u00e1  ka\u017ed\u00e9ho z\u00a0n\u00e1s, na\u0161\u00ed svobody a toho,  jak\u00fdm zp\u016fsobem pro\u017e\u00edv\u00e1me vztah ke  sv\u011btu. Prob\u011bhlo jedno referendum v neprosp\u011bch  n\u00e1s 26 %, kte\u0159\u00ed jsme byli  proti vstupu do n\u00ed. Debata o EU nem\u016f\u017ee kon\u010dit deset  let star\u00fdm  referendem. EU se st\u00e1le vyv\u00edj\u00ed a jej\u00ed tv\u00e1\u0159 se st\u00e1le jasn\u011bji  vyjevuje.  N\u011bkter\u00e1 o\u010dek\u00e1v\u00e1n\u00ed se naplnila, ale mnoh\u00e1 ne. Chceme se vyj\u00e1d\u0159it dnes   k\u00a0nov\u00e9 realit\u011b. Jsou pro to v\u011bcn\u00e9 d\u016fvody. <strong>Nem\u016f\u017ee n\u00e1m nikdo zacp\u00e1vat  \u00fasta<\/strong>,&#8220;<\/em> ujistil Jakl netrp\u011bliv\u00e9 f\u00f3rum p\u0159\u00edtomn\u00fdch.<\/p>\n<p><img loading=\"lazy\" decoding=\"async\" src=\"http:\/\/www.fragmenty.cz\/Obrazky\/IMG_3502.jpg\" alt=\"\" width=\"315\" height=\"400\" \/><\/p>\n<p><span>Je  tedy ji\u017e jasn\u00e9 kam napne s\u00edly IVK a \u017ee se  p\u00e1ni Dientsbie\u0159i se svou  skvadrou nen\u00e1vid\u011bn\u00e9ho Klause a jeho p\u0159\u00e1tel hned tak nezbav\u00ed i kdyby ho  \u017ealovali pro je\u0161t\u011b v\u011bt\u0161\u00ed nesmysly ne\u017e pro vlastizradu. \u017de spole\u010dn\u011b se  sv\u00fdmi v\u011brn\u00fdmi je\u0161t\u011b uk\u00e1\u017ee svoji s\u00edlu. Man\u011b mne napadla pov\u011bst o t\u0159ech  prutech Svatoplukov\u00fdch. <\/span><\/p>\n<h4>Na dotazy z pl\u00e9na, zda se p\u0159ipoj\u00ed do  jeho boje za na\u0161i n\u00e1rodn\u00ed  svobodu i jeho \u0161\u00e9f, se pan Jakl jen z\u00e1hadn\u011b pousm\u00e1l a  odpov\u011bd\u011bl s  ironi\u00ed jemu vlastn\u00ed: <em>\u201eD\u00e1my a p\u00e1nov\u00e9, mil\u00ed Evropan\u00e9, Australan\u00e9 a  zbytkosv\u011bt\u00e1ci!  Nebudeme p\u0159eci nep\u0159\u00e1tel\u016fm odkr\u00fdvat v\u0161echny karty nar\u00e1z.  M\u011bjte na pam\u011bti, \u017ee na  v\u0161echna tato setk\u00e1n\u00ed chod\u00ed p\u0159evle\u010den\u00fd Barroso.  K\u00a0tomu p\u0159ece tady nebudu  mluvit. Poj\u010fme mu tento ve\u010der znechutit.  P\u0159em\u00fd\u0161lejme, kter\u00fdm v\u00fdrokem a \u010d\u00edm mu  ud\u011bl\u00e1me radost v\u011bt\u0161\u00ed a men\u0161\u00ed.  Bu\u010fme trp\u011bliv\u00ed, pokra\u010dujme v t\u00e9to sestav\u011b a\u00a0 nenechme\u00a0  se od nikoho\u00a0  odstra\u0161it!<\/em> <em>&#8222;<\/em><\/h4>\n<p><strong>A sv\u00e1 tvrzen\u00ed o tom, \u017ee \u010d\u00edm v\u00edce pozn\u00e1vaj\u00ed lid\u00e9 EU, t\u00edm  v\u011bt\u0161\u00ed u nich nast\u00e1v\u00e1  deziluze, dolo\u017eil Ladislav Jakl n\u011bkolika  v\u00fdmluvn\u00fdmi daty <\/strong>o v\u00fdvoji n\u00e1lad ob\u010dan\u016f ve  vztahu k EU a jej\u00edm  organizac\u00edm, kter\u00e9 mu poskytl p\u0159edseda CEPu ekonom Jan Skope\u010dek.  P\u0159ed  deseti lety hlasovali lid\u00e9 o n\u00e1le\u017eitosti k\u00a0civiliza\u010dn\u00edmu okruhu, ne o   konkr\u00e9tn\u00edch z\u00e1jmech. Od t\u00e9 doby bylo mnoho ob\u010dan\u016f oklam\u00e1no. Tehdy EU  dalo  d\u016fv\u011bru\u00a0 64 % ob\u010dan\u016f, nyn\u00ed jen 40 %.  Sv\u011bd\u010d\u00ed to o tom, \u017ee \u010d\u00edm v\u00edce  ob\u010dan\u00e9 o EU v\u011bd\u00ed, t\u00edm je jejich deziluze v\u011bt\u0161\u00ed.  Evropsk\u00e9mu parlamentu  v\u011b\u0159ilo 49 % ob\u010dan\u016f, nyn\u00ed jen 30 %, Evropsk\u00e9 komisi 46 %,  nyn\u00ed 28 %.  Prezident EU m\u011bl v roce 2010, kdy byl poprv\u00e9 zvolen, sice mizivou   podporu 27 %, ta ale nad\u00e1le klesala na sou\u010dasn\u00fdch 22 %, podpora  ministryn\u011b  zahrani\u010d\u00ed klesla z 25 % na\u00a021%. <strong><\/strong><\/p>\n<p><em><img loading=\"lazy\" decoding=\"async\" src=\"http:\/\/www.fragmenty.cz\/Obrazky\/IMG_3477.jpg\" alt=\"\" width=\"400\" height=\"369\" \/><\/em><\/p>\n<p><em>&#8222;<strong>Tato  \u010d\u00edsla oprav\u0148uj\u00ed  vl\u00e1dy \u010dlensk\u00fdch st\u00e1t\u016f EU zeptat se ob\u010dan\u016f, zda je\u0161t\u011b  ch\u011bj\u00ed b\u00fdt \u010dleny EU, neboli, zda cht\u011bj\u00ed b\u00fdt  nad\u00e1le stahov\u00e1ni za nohu do  hloubky dluh\u016f EU<\/strong>. A i kdyby nakonec  parlament EU referendum nepovolil, j<strong>i\u017e sama debata o tom mnoho vyjasn\u00ed a  zv\u00fd\u0161\u00ed cenu na\u0161eho ANO \u010di NE v\u00a0Bruselu.<\/strong> Politik \u010cR m\u016f\u017ee \u0159\u00edci, \u017ee  nepodep\u00ed\u0161e ten \u010di onen p\u0159\u00edkaz EU, proto\u017ee by  se nemohl vr\u00e1tit domu  s\u00a0odkazem na referendum. Ani m\u00e9dia by nemohla j\u00edt  st\u00e1le proti ve\u0159ejn\u00e9mu  m\u00edn\u011bn\u00ed. Musej\u00ed nechat lidi projevit sv\u00e9  aktivity. Lid\u00ed se st\u00e1le dot\u00fdk\u00e1 to, co  EU p\u0159in\u00e1\u0161\u00ed zl\u00e9ho. Proto bychom se  m\u011bli v\u0161ichni spojit a radit se o tom.  Kdybychom\u00a0 od kritiky a anal\u00fdz  ud\u011blali  jak\u00fdkoliv krok, pak v\u00edme, jak postupovat d\u00e1l podle skv\u011bl\u00e9 knihy  Petra Macha.  \u201eJak vystoupit z\u00a0EU\u201c. Nen\u00ed to proto \u017e\u00e1dn\u00fd krok do  nezn\u00e1ma. Ne\u010dekejme, a\u017e  n\u00e1m vyasfaltuj\u00ed legislativci d\u00e1lnici.  Frustrovan\u00e9 lidi nen\u00ed mo\u017en\u00e9 nechat na  pospas EU. Nesm\u011bj\u00ed b\u00fdt ob\u011btn\u00edmi  ber\u00e1nky ani pa\u0159ezy na \u0161t\u00edp\u00e1n\u00ed d\u0159eva,&#8220;<\/em> uzav\u0159el \u010dlen spr\u00e1vn\u00ed ardy IVK Ladislav Jakl.<\/p>\n<p><span><em>&#8222;<strong>EU  mi dlu\u017e\u00ed deset let \u017eivota v suver\u00e9nn\u00edm st\u00e1t\u011b<\/strong><\/em><strong>.<\/strong><em> Chci vr\u00e1tit politiku zp\u011bt k n\u00e1m. Politika se d\u00e1 d\u011blat jenom  v  suver\u00e9nn\u00ed zemi a suver\u00e9nn\u00ed zem\u011b nem\u016f\u017ee b\u00fdt \u010dlenem Evropsk\u00e9 unie.\u201c<\/em><\/span> <strong>Podle  Jakla je nesm\u00edrn\u011b d\u016fle\u017eit\u00e9, aby se o EU v\u016fbec za\u010dala v\u00e9st u n\u00e1s relevantn\u00ed  debata.<\/strong> Pokud ji dnes n\u011bkdo vede, vypad\u00e1 to jako n\u011bco extremistick\u00e9ho,   fa\u0161istick\u00e9ho, nacistick\u00e9ho. Kdybychom se o tom za rok mohli za\u010d\u00edt bavit  bez  t\u011bchto n\u00e1lepek, byl by to podle n\u011bho \u00fasp\u011bch.<\/p>\n<p>Proto je podle n\u011bj nutn\u00e9 za\u010d\u00edt sb\u00edrat hlasy pod petici \u017e\u00e1daj\u00edc\u00ed  vyhl\u00e1\u0161en\u00ed referenda, aby na\u0161e ustra\u0161en\u00e1 vl\u00e1da m\u011bla podklady pro to  po\u017e\u00e1dat parlament o schv\u00e1len\u00ed z\u00e1kona o n\u011bm :<strong><em>\u201e<\/em><\/strong><strong><em>Za <\/em><em>t\u00edm  \u00fa\u010delem by se m\u011bli spojit v\u0161ichni, komu le\u017e\u00ed na srdci  svoboda n\u00e1s i  na\u0161\u00ed vlasti. Na drobn\u011bj\u0161\u00ed rozpory je \u010das potom. Kdy\u017e skupina  v\u011bz\u0148\u016f  ut\u00edk\u00e1 z v\u011bzen\u00ed, tak maj\u00ed spole\u010dn\u00fd c\u00edl. A kdy\u017e vylezou ven, jde ka\u017ed\u00fd   n\u011bkam jinam,\u201c<\/em><\/strong> zakon\u010dil sv\u00e9 vystoupen\u00ed Jakl.<\/p>\n<p><strong><img loading=\"lazy\" decoding=\"async\" src=\"http:\/\/www.fragmenty.cz\/Obrazky\/IMG_3472.jpg\" alt=\"\" width=\"400\" height=\"496\" \/><\/strong><\/p>\n<p><strong><\/strong>Tato slova byla z\u0159ejm\u011b m\u00edn\u011bna zejm\u00e9na  na adresu p\u0159edsedy  Svobodn\u00fdch Petra Macha, kter\u00fd z\u0159ejm\u011b\u00a0 nem\u016f\u017ee st\u00e1le p\u0159ekousnout, \u017ee si  n\u011bkte\u0159\u00ed  ob\u010dan\u00e9 dovoluj\u00ed v\u011b\u0159it v\u00a0Boha, a nechce se zahodit na spolupr\u00e1ci  s <em>\u201ebigotn\u00edm katol\u00edkem\u201c<\/em> jak hanliv\u011b nazval ve\u0159ejn\u011b v\u00a0televizi  pana Michala Sem\u00edna. Proto\u017ee pokud jde o p\u0159edsedkyni Suverenity Janu  Bobo\u0161\u00edkovou,  tak ta naopak vyzvala k p\u0159ekon\u00e1n\u00ed osobn\u00edch neshod a v\u0161ech  animozit. Ozn\u00e1mila,  \u017ee v t\u011bchto dnech dohodla dokonce spolupr\u00e1ci se  Stranou soukromn\u00edk\u016f.<\/p>\n<h4><em>\u201eM\u00e1me  jednu p\u0159\u00edle\u017eitost pro zm\u011bnu sou\u010dasn\u00e9 politiky &#8211; volby  2014. Mus\u00edme do t\u00e9 doby  vybudovat s\u00edlu, kter\u00e1 mal\u00e9 a st\u0159edn\u00ed  podnikatele p\u0159esv\u011bd\u010d\u00ed, aby j\u00ed uv\u011b\u0159ili a  podporovali j\u00ed. A nejen ty.  Oproti ostatn\u00edm st\u00e1t\u016fm EU m\u00e1me dv\u011b obrovsk\u00e9 v\u00fdhody.  Nem\u00e1me zat\u00edm  zavedeno euro a m\u016f\u017eeme proto p\u016fsobit tlak na to vyv\u00e1zat se  z\u00a0povinnosti  euro p\u0159ijmout. A p\u0159edev\u0161\u00edm<strong> m\u00e1me V\u00e1clava Klause.<\/strong> Vysoce odborn\u011b  zdatn\u00e9ho politika maj\u00edc\u00edho, teoretickou i praktickou zku\u0161enost a politika,  kter\u00fd se neboj\u00ed. <span><strong>M\u011bli bychom napnout v\u0161echny s\u00edly k umo\u017en\u011bn\u00ed jeho n\u00e1vratu do  aktivn\u00ed politiky!<\/strong>\u201c<\/span><\/em><\/h4>\n<p><em><img loading=\"lazy\" decoding=\"async\" src=\"http:\/\/www.fragmenty.cz\/Obrazky\/IMG_3490.jpg\" alt=\"\" width=\"400\" height=\"452\" \/><\/em><\/p>\n<p>Je  smutn\u00e9, \u017ee pr\u00e1v\u011b Petr Mach, kter\u00fd je zn\u00e1m  jako snad nejv\u00fdrazn\u011bj\u0161\u00ed  zast\u00e1nce vyhl\u00e1\u0161en\u00ed referenda o EU a kter\u00fd je nav\u00edc p\u0159edsedou  strany,  kter\u00e1 m\u00e1 ji\u017e ve sv\u00e9m znaku slovo Svoboda do n\u00ed vnesl  kastovnictv\u00ed, jak\u00e9  kdysi existovalo v totalitn\u00ed KS\u010c. \u017de k\u00e1druje spolupracovn\u00edky dokonce  tak ost\u0159e, \u017ee nesm\u011bj\u00ed ani v\u011b\u0159it v\u00a0Boha, a to i v\u00a0p\u0159\u00edpad\u011b, \u017ee tuto v\u00edru  nikomu nevnucuj\u00ed a net\u00fdk\u00e1 se politick\u00fdch probl\u00e9m\u016f o n\u011b\u017e jde.<strong> Michal Sem\u00edn<\/strong> je naopak zn\u00e1m jako opravdov\u00fd k\u0159es\u0165an\u00a0 svou toleranc\u00ed ke ka\u017ed\u00e9mu.  Nikoho nezesm\u011b\u0161\u0148uje za to, \u017ee   v\u00a0Boha nev\u011b\u0159\u00ed, jako komunist\u00e9. Naopak ve  sv\u00e9m projevu toto v\u0161e v\u010detn\u011b postoj\u016f  k\u00a0potrat\u016fm, ot\u00e1zk\u00e1m homosexuality  a dal\u0161\u00edm upozadil a <strong>nab\u00eddl pomoc v\u0161em za  boj z\u00e1sadn\u00ed, za osamostatn\u011bn\u00ed se z\u00a0protektor\u00e1tu EU. <\/strong><\/p>\n<p>Doktor Mach se ve sv\u00e9 \u0159e\u010di zam\u011b\u0159il pouze  na procedur\u00e1ln\u00ed  z\u00e1le\u017eitosti t\u00fdkaj\u00edc\u00ed se referenda a na mo\u017enost vystoupen\u00e9\u00ed z EU. Uvedl  p\u0159\u00edpad Gr\u00f3nska, kter\u00e9  v roce 1982 z EU vystoupilo, a upozornil, \u017ee  Lisabonsk\u00e1 smlouva podobn\u00e9 jednostrann\u00e9  vystoupen\u00ed \u010dlensk\u00e9ho st\u00e1tu  znemo\u017e\u0148uje. Nicm\u00e9n\u011b \u010dl. 50 Smlouvy o fungov\u00e1n\u00ed EU  nab\u00edz\u00ed mo\u017enou cestu k  vystouopen\u00ed. Ta ale nem\u016f\u017ee b\u00fdt krat\u0161\u00ed ne\u017e dva roky. Za  Svobodn\u00e9  prohl\u00e1sil, \u017ee 2. dubna, kdy m\u00e1 na Pra\u017esk\u00e9m hrad\u011b zavl\u00e1t protektor\u00e1tn\u00ed   vlajka Unie, zah\u00e1j\u00ed jeho strana sb\u011br podpis\u016f pro p\u0159\u00edpadn\u00e9 referendum,  kter\u00e9 by podle n\u011bj  bylo <em>\u201ecestou ke st\u00e1tn\u00ed svrchovanosti\u201c<\/em> a nezbytn\u00fdm krokem na cest\u011b ke  svobod\u011b. Ale samostatn\u011b.<\/p>\n<h4>Ani b\u011bhem hovoru o\u00a0p\u0159est\u00e1vce  semin\u00e1\u0159e nedo\u0161lo, bohu\u017eel,  k\u00a0o\u010dek\u00e1van\u00e9 dohod\u011b mezi n\u00edm a ostatn\u00edmi na  spole\u010dn\u00e9 spolupr\u00e1ci.  O\u010dek\u00e1van\u00e9 proto, \u017ee Michal Sem\u00edn\u00a0 pronesl v\u011btu na kterou p\u0159\u00edtomn\u00ed tolik  \u010dekali: <em>\u201ePokud by se Suverenita a Svobodn\u00ed   dok\u00e1zali jako dv\u011b nejv\u00fdznam\u011bj\u0161\u00ed euroskeptick\u00e9 strany dohodnout, pak by k  tomu  nez\u016fstal lhostejn\u00fd ani V\u00e1clav Klaus.\u201c <\/em><\/h4>\n<p><strong><em><img loading=\"lazy\" decoding=\"async\" src=\"http:\/\/www.fragmenty.cz\/Obrazky\/IMG_3498.jpg\" alt=\"\" width=\"400\" height=\"267\" \/><\/em><\/strong><\/p>\n<p><strong>Je  ironi\u00ed, \u017ee pr\u00e1v\u011b Petr Mach, kter\u00fd  12 let vedl Klausovo Centrum pro  ekonomiku a politiku jako j\u00edm vychvalovan\u00fd  jeho student na V\u0160E a od  kter\u00e9ho jsme si slibobvali p\u0159i zakl\u00e1d\u00e1n\u00ed jeho strany, \u017ee bude   pokra\u010dovat v\u00a0j\u00edm zapo\u010dat\u00e9m d\u00edle, je nyn\u00ed p\u0159ek\u00e1\u017ekou tohoto p\u0159\u00e1n\u00ed. A nav\u00edc  kv\u016fli  v\u011bci jako je v\u00edra, tedy v\u011bci, kter\u00e1 ve slu\u0161n\u00fdch st\u00e1tech do  politiky nepat\u0159\u00ed.  \u0160koda, \u017ee sliby o svobod\u011b z\u016fstaly jen plan\u00fdmi  fr\u00e1zemi. <\/strong>P\u0159itom to byl pr\u00e1v\u011b  Mach, kter\u00fd v\u00a0roce 2008 aktivn\u011b podporoval <em>Pochody na Hrad, <\/em>na  nich\u017e \u0159\u00edkal,<em> \u017ee <\/em>bude-li  p\u0159ijata Lisabonsk\u00e1 smlouva (LS), nezbyde ne\u017e  po\u017eadovat vystoupen\u00ed  z\u00a0EU. A m\u011bl by to b\u00fdt pr\u00e1v\u011b on, pokud chce doc\u00edlit  v\u011bt\u0161\u00edho \u00fasp\u011bchu ne\u017e 3  % v n\u00e1sleduj\u00edc\u00edch volb\u00e1ch, m\u011bl by se spojit ve v\u011bci  prosazen\u00ed  referenda o vystoupen\u00ed z\u00a0EU.<\/p>\n<p><em><img loading=\"lazy\" decoding=\"async\" src=\"http:\/\/www.fragmenty.cz\/Obrazky\/IMG_3504.jpg\" alt=\"\" width=\"400\" height=\"267\" \/><\/em><\/p>\n<p><em><\/em>Jak \u0159\u00edk\u00e1 moud\u0159e  Michal Sem\u00edn: \u201eJe pot\u0159eba naj\u00edt spole\u010dnou \u0159e\u010d p\u0159i  obhajob\u011b na\u0161\u00ed svrchovanosti.  Akce DOST je zde proto, aby se na  spole\u010dn\u00e9m postupu\u00a0 vedouc\u00edm k dosa\u017een\u00ed po\u017eadavku vystoupen\u00ed z EU shodli  vlastenci  s\u00a0jinak odli\u0161n\u00fdmi stanovisky. <em>\u201eJe mi jasn\u00e9, \u017ee se budeme po dosa\u017een\u00ed  suverenity p\u0159\u00edt v detailech, ale <strong>nedok\u00e1\u017eu pochopit, \u017ee se n\u00e1m <\/strong><strong>nepoda\u0159ilo  naj\u00edt spole\u010dn\u00fd postup v\u00a0ot\u00e1zce h\u00e1jen\u00ed suverenity \u010cR.<\/strong> Ch\u00e1pu, \u017ee vad\u00ed  Petru Machovi m\u016fj bigotismus, pro\u010d ale se chce ve\u0159ejn\u011b  distancovat od Manifestu  DOST, kter\u00fd podepsal, to nech\u00e1pu. To p\u0159ece  nem\u00e1 s m\u00fdm vztahem k Bohu nic  spole\u010dn\u00e9ho. Chce-li se n\u011bkdo v\u011bnovat  stranick\u00e9 politice, mus\u00ed m\u00edt nejd\u0159\u00edve  h\u0159i\u0161t\u011b, na kter\u00e9m ji\u00a0 budete moci  d\u011blat,  jinak to ud\u011bl\u00e1 za n\u011bj Brusel. <strong>Proto bychom se m\u011bli  v\u0161ichni spojit k protestu  proti vyv\u011b\u0161en\u00ed protektor\u00e1tn\u00ed vlajky na Hrad\u011b a  j\u00edt tam spole\u010dn\u011b s  transparenty\u00a0 &#8222;Hnut\u00ed proti  vlajce&#8220;, kter\u00e9 jsme v  DOST vydali. <\/strong>Na dohady o m\u00e9n\u011b podstatn\u00fdch ot\u00e1zk\u00e1ch,  jako jsou  potraty \u010di liberteralismus, budeme m\u00edt po vystoupen\u00ed z EU dost \u010dasu.   Lid\u00e9 mnohdy nev\u011bd\u00ed, jsou-li pravice \u010di levice, ale EU MAJ\u00cd PLN\u00c9 ZUBY.  Pro\u010d  p\u0159edem kl\u00e1st dal\u0161\u00ed p\u0159ek\u00e1\u017eky?\u201c <\/em><\/p>\n<p>A celou vzru\u0161enou debatu uzav\u0159el Ladislav Jakl:<em> \u201eNejefektivn\u011bj\u0161\u00edm  zp\u016fsobem, jak dos\u00e1hnout k\u00fd\u017een\u00e9ho c\u00edle, je prosadit  referendum o vystoupen\u00ed. To  n\u00e1m poskytne politickou platformu pro  souboj. To k\u00fd\u017een\u00e9 h\u0159i\u0161t\u011b. Bagry  s\u00a0hv\u011bzdi\u010dkami n\u00e1m ale toto h\u0159i\u0161t\u011b  vybagrovaly a nejde na n\u011bm hr\u00e1t fotbal.  Vykopejme bagristy a chra\u0148me  h\u0159i\u0161t\u011b. Pak na n\u011bj poj\u010fme hr\u00e1t, zda chceme  suverenitu jakou m\u00e1 Korea \u010di  \u0160v\u00fdcarsko. Jinak politika zmiz\u00ed a ud\u011bl\u00e1 se  v\u00a0Bruselu. Nejsem  stoupencem davov\u00e9ho slu\u010dov\u00e1n\u00ed, ale n\u011bkdy m\u016f\u017ee nastat  situace jako se  skupinou v\u011bz\u0148\u016f, kter\u00e1 se spoj\u00ed\u00a0  za spole\u010dn\u00fdm c\u00edlem \u00fat\u011bku z\u00a0v\u011bzen\u00ed.  Nehlasuj\u00ed, nedohaduj\u00ed se o tom,  co si kdo mysl\u00ed \u010di v\u00a0co v\u011b\u0159\u00ed, ale\u00a0   jednaj\u00ed v\u00a0poko\u0159e ke spole\u010dn\u00e9mu c\u00edli a efektivn\u011b. Teprve a\u017e vylezou  ven,  jdou ka\u017ed\u00fd jinam. I mezi n\u00e1mi nejsou nyn\u00ed malichern\u00e9 rozpory  prioritou.&#8220; <\/em><\/p>\n<p><a href=\"http:\/\/www.fragmenty.cz\/iy099425.html\" target=\"_blank\">Zdroj<\/a><em><br \/>\n<\/em><\/p>\n","protected":false},"excerpt":{"rendered":"<p>Po chvilkov\u00e9m smutku a jak\u00e9msi ochromen\u00ed, kdy se zd\u00e1lo, \u017ee pravice v \u010cR odchodem pana presidenta jako jej\u00ed posledn\u00ed ba\u0161ty z\u00a0Hradu u\u017e definitivn\u011b zanikla, zvedla tato op\u011bt hlavu a pustila se do boje za svobodu v na\u0161\u00ed zemi. Institut V\u00e1clava Klause (IVK) sice je\u0161t\u011b nem\u00e1 ani lustry v m\u00edstnostech, ale za\u010dal po n\u00e1vratu \u0161\u00e9fa z [&hellip;]<\/p>\n","protected":false},"author":1,"featured_media":0,"comment_status":"open","ping_status":"open","sticky":false,"template":"","format":"standard","meta":{"ngg_post_thumbnail":0,"footnotes":""},"categories":[11],"tags":[],"class_list":["post-3726","post","type-post","status-publish","format-standard","hentry","category-ozvena"],"_links":{"self":[{"href":"https:\/\/www.ladislavjakl.cz\/index.php?rest_route=\/wp\/v2\/posts\/3726","targetHints":{"allow":["GET"]}}],"collection":[{"href":"https:\/\/www.ladislavjakl.cz\/index.php?rest_route=\/wp\/v2\/posts"}],"about":[{"href":"https:\/\/www.ladislavjakl.cz\/index.php?rest_route=\/wp\/v2\/types\/post"}],"author":[{"embeddable":true,"href":"https:\/\/www.ladislavjakl.cz\/index.php?rest_route=\/wp\/v2\/users\/1"}],"replies":[{"embeddable":true,"href":"https:\/\/www.ladislavjakl.cz\/index.php?rest_route=%2Fwp%2Fv2%2Fcomments&post=3726"}],"version-history":[{"count":2,"href":"https:\/\/www.ladislavjakl.cz\/index.php?rest_route=\/wp\/v2\/posts\/3726\/revisions"}],"predecessor-version":[{"id":3728,"href":"https:\/\/www.ladislavjakl.cz\/index.php?rest_route=\/wp\/v2\/posts\/3726\/revisions\/3728"}],"wp:attachment":[{"href":"https:\/\/www.ladislavjakl.cz\/index.php?rest_route=%2Fwp%2Fv2%2Fmedia&parent=3726"}],"wp:term":[{"taxonomy":"category","embeddable":true,"href":"https:\/\/www.ladislavjakl.cz\/index.php?rest_route=%2Fwp%2Fv2%2Fcategories&post=3726"},{"taxonomy":"post_tag","embeddable":true,"href":"https:\/\/www.ladislavjakl.cz\/index.php?rest_route=%2Fwp%2Fv2%2Ftags&post=3726"}],"curies":[{"name":"wp","href":"https:\/\/api.w.org\/{rel}","templated":true}]}}