{"id":3729,"date":"2013-03-22T15:49:05","date_gmt":"2013-03-22T14:49:05","guid":{"rendered":"http:\/\/www.ladislavjakl.cz\/?p=3729"},"modified":"2013-03-22T15:49:05","modified_gmt":"2013-03-22T14:49:05","slug":"mezinarodni-den-lidske-nepoucitelnosti","status":"publish","type":"post","link":"https:\/\/www.ladislavjakl.cz\/?p=3729","title":{"rendered":"Mezin\u00e1rodn\u00ed den lidsk\u00e9 nepou\u010ditelnosti"},"content":{"rendered":"<p><strong><span style=\"text-decoration: underline;\"> <\/span><\/strong><\/p>\n<p><strong><span style=\"text-decoration: underline;\">21. b\u0159ezen: den, kdy v\u00e1s ve snu napadnou ver\u0161e o Hurv\u00ednkovi<\/span><\/strong><\/p>\n<p>Jednadvac\u00e1t\u00fd b\u0159ezen nen\u00ed v\u00a0kalend\u00e1\u0159i ozna\u010den jako prvn\u00ed jarn\u00ed den, i kdy\u017e mnoz\u00ed z\u00a0n\u00e1s tak byli zvykl\u00ed. U data 21. b\u0159ezna najdeme jen jm\u00e9no Radek.<\/p>\n<p>Jsou ale i podrobn\u011bj\u0161\u00ed kalend\u00e1\u0159e. A v t\u011bch najdeme i informaci, \u017ee tento den m\u00e1me slavit Mezin\u00e1rodn\u00ed den zdrav\u00e9ho sp\u00e1nku, Sv\u011btov\u00fd den b\u00e1sn\u00ed a Mezin\u00e1rodn\u00ed den loutkov\u00e9ho divadla.<\/p>\n<p><!--more-->M\u00e1me nad t\u00edm m\u00e1vnout rukou? To lze. Lze se ale nad t\u00edm i zamyslet v\u00edce. I v\u00a0t\u011bchto v\u011bcech n\u00e1m soci\u00e1ln\u00ed in\u017een\u00fd\u0159i sed\u00edc\u00ed v\u00a0mezin\u00e1rodn\u00edch organizac\u00edch demonstruj\u00ed, jak si u\u017e\u00edvaj\u00ed svou moc. Je komick\u00e9 i mraziv\u00e9 sledovat to pr\u00e1v\u011b od n\u00e1s, tedy na\u0161\u00ed optikou, velmi citlivou na projevy sov\u011btizace ve\u0159ejn\u00e9ho prostoru.<\/p>\n<p>Komick\u00e9 je sledovat, jak dne\u0161n\u00ed budovatel\u00e9 centralizovan\u00e9 Evropsk\u00e9 unie a Nov\u00e9ho sv\u011btov\u00e9ho \u0159\u00e1du na kolektivistick\u00fdch z\u00e1kladech nev\u011bdomky kop\u00edruj\u00ed i ty nepovrchn\u011bj\u0161\u00ed jevov\u00e9 znaky komunistick\u00e9 propagandy. A mraziv\u00e9, jak ne\u00faprosn\u011b vedou podobn\u00e1 ideov\u00e1 v\u00fdchodiska k\u00a0podobn\u00fdm efekt\u016fm.<\/p>\n<p>\u00da\u0159edn\u00edci v\u00a0Bruselu, Pa\u0159\u00ed\u017ei \u010di v OSN vym\u00fd\u0161lej\u00ed i t\u0159eba mezin\u00e1rodn\u00ed den laboratorn\u00edch zv\u00ed\u0159at, mezin\u00e1rodn\u00ed den tance \u010di mezin\u00e1rodn\u00ed den pta\u010d\u00edho zp\u011bvu. Pr\u00fd jako p\u0159\u00edle\u017eitost, abychom vyzdvihli n\u011bkter\u00e9 z\u00e1sadn\u00ed spole\u010densk\u00e9 momenty. Mysl\u00edte, \u017ee se jim to t\u00edmto zp\u016fsobem poda\u0159\u00ed? Nebo jde o stejn\u00e9 \u0161ust\u011bn\u00ed fr\u00e1z\u00ed, jak\u00e9 si tak dob\u0159e pamatujeme?<\/p>\n<p>Jen zl\u00fd \u0161karohl\u00edd by podle nich n\u011bco nam\u00edtal proti oslav\u011b tak vzne\u0161en\u00fdch v\u011bc\u00ed. Stejn\u011b jako jen v\u00e1le\u010dn\u00fd \u0161tv\u00e1\u010d by podle star\u00fdch komunist\u016f mohl m\u00edt n\u011bco proti hesl\u016fm o m\u00edru na v\u0161ech \u010desk\u00fdch n\u00e1m\u011bst\u00edch p\u0159ed rokem 1990. A tak dnes aktivist\u00e9 s\u00a0moc\u00ed v\u00a0rukou vym\u00fd\u0161lej\u00ed dal\u0161\u00ed a dal\u0161\u00ed bizarn\u00ed sv\u00e1tky s\u00a0pocitem, \u017ee dobra bude na sv\u011bt\u011b zase o n\u011bco v\u00edc.<\/p>\n<p>Mo\u017en\u00e1 m\u00e1te dojem, \u017ee jde o malichernost, ale nen\u00ed tomu tak. P\u0159ece jsme je\u0161t\u011b v\u0161e nezapomn\u011bli. P\u0159ece si pamatujeme sm\u011b\u0161nost bol\u0161evick\u00fdch deklarativn\u00edch fr\u00e1z\u00ed. P\u0159ece dob\u0159e v\u00edme, \u017ee skute\u010dn\u00fd \u017eivot te\u010de jinudy, p\u0159ece dob\u0159e v\u00edme, jac\u00ed lid\u00e9 a jak\u00e9 ideologie plod\u00ed podobn\u00e9 hlouposti. Nad\u0161en\u00ed budovatel\u00e9 nov\u00e9 spole\u010dnosti maj\u00ed pocit, \u017ee objevuj\u00ed nov\u00e9. Ale my u toho bezd\u011b\u010dn\u011b vzpom\u00edn\u00e1me na om\u0161el\u00e9 transparenty na fas\u00e1d\u00e1ch zch\u00e1tral\u00fdch dom\u016f.<\/p>\n<p>My to v\u00edme, my si to pamatujeme. Je proto pro n\u00e1s a\u017e ohromuj\u00edc\u00ed vid\u011bt, jak se dne\u0161n\u00ed \u00fadajn\u011b modern\u00ed kolektivist\u00e9 21. stolet\u00ed shoduj\u00ed s\u00a0agit\u00e1tory n\u011bkdej\u0161\u00edch uli\u010dn\u00edch v\u00fdbor\u016f i v\u00a0t\u011bch nejmen\u0161\u00edch znakov\u00fdch detailech.<\/p>\n<p>Ano, je to na pomez\u00ed komi\u010dna a d\u011bsiv\u00e9ho virtu\u00e1ln\u00edho sv\u011bta, jak jej vykreslil Orwell ve sv\u00e9m rom\u00e1nu 1984. Zat\u00edm budeme jen za kverulanty, kdy\u017e se t\u011bmto deklarac\u00edm budeme sm\u00e1t nebo si u nich klepat na \u010delo. Z\u00edtra ale budeme odsouzen\u00edhodn\u00ed \u017eivlov\u00e9, kdy\u017e je nebudeme dost nad\u0161en\u011b slavit spolu s\u00a0ostatn\u00edmi.<\/p>\n<p>Na\u0161\u00edm z\u00edt\u0159kem je na\u0161e minulost. Pokud to haraburd\u00ed nenah\u00e1z\u00edme na smeti\u0161t\u011b.<\/p>\n","protected":false},"excerpt":{"rendered":"<p>21. b\u0159ezen: den, kdy v\u00e1s ve snu napadnou ver\u0161e o Hurv\u00ednkovi Jednadvac\u00e1t\u00fd b\u0159ezen nen\u00ed v\u00a0kalend\u00e1\u0159i ozna\u010den jako prvn\u00ed jarn\u00ed den, i kdy\u017e mnoz\u00ed z\u00a0n\u00e1s tak byli zvykl\u00ed. U data 21. b\u0159ezna najdeme jen jm\u00e9no Radek. Jsou ale i podrobn\u011bj\u0161\u00ed kalend\u00e1\u0159e. A v t\u011bch najdeme i informaci, \u017ee tento den m\u00e1me slavit Mezin\u00e1rodn\u00ed den zdrav\u00e9ho sp\u00e1nku, [&hellip;]<\/p>\n","protected":false},"author":1,"featured_media":0,"comment_status":"open","ping_status":"open","sticky":false,"template":"","format":"standard","meta":{"ngg_post_thumbnail":0,"footnotes":""},"categories":[10],"tags":[],"class_list":["post-3729","post","type-post","status-publish","format-standard","hentry","category-zlehka"],"_links":{"self":[{"href":"https:\/\/www.ladislavjakl.cz\/index.php?rest_route=\/wp\/v2\/posts\/3729","targetHints":{"allow":["GET"]}}],"collection":[{"href":"https:\/\/www.ladislavjakl.cz\/index.php?rest_route=\/wp\/v2\/posts"}],"about":[{"href":"https:\/\/www.ladislavjakl.cz\/index.php?rest_route=\/wp\/v2\/types\/post"}],"author":[{"embeddable":true,"href":"https:\/\/www.ladislavjakl.cz\/index.php?rest_route=\/wp\/v2\/users\/1"}],"replies":[{"embeddable":true,"href":"https:\/\/www.ladislavjakl.cz\/index.php?rest_route=%2Fwp%2Fv2%2Fcomments&post=3729"}],"version-history":[{"count":1,"href":"https:\/\/www.ladislavjakl.cz\/index.php?rest_route=\/wp\/v2\/posts\/3729\/revisions"}],"predecessor-version":[{"id":3730,"href":"https:\/\/www.ladislavjakl.cz\/index.php?rest_route=\/wp\/v2\/posts\/3729\/revisions\/3730"}],"wp:attachment":[{"href":"https:\/\/www.ladislavjakl.cz\/index.php?rest_route=%2Fwp%2Fv2%2Fmedia&parent=3729"}],"wp:term":[{"taxonomy":"category","embeddable":true,"href":"https:\/\/www.ladislavjakl.cz\/index.php?rest_route=%2Fwp%2Fv2%2Fcategories&post=3729"},{"taxonomy":"post_tag","embeddable":true,"href":"https:\/\/www.ladislavjakl.cz\/index.php?rest_route=%2Fwp%2Fv2%2Ftags&post=3729"}],"curies":[{"name":"wp","href":"https:\/\/api.w.org\/{rel}","templated":true}]}}